{"id":5057,"date":"2022-02-11T11:22:44","date_gmt":"2022-02-11T07:22:44","guid":{"rendered":"https:\/\/urpspharma.re\/?p=5057"},"modified":"2022-03-24T11:30:20","modified_gmt":"2022-03-24T07:30:20","slug":"cpts-reso-sud-ouest-2","status":"publish","type":"post","link":"https:\/\/urpspharma.re\/?p=5057","title":{"rendered":"CPTS R\u00e9so Sud Ouest"},"content":{"rendered":"<h3 style=\"text-align: center;\">&#x1f4c5;\u00a0<strong>Le mardi 15 f\u00e9vrier 2022<br \/>\nVisioconf\u00e9rence de 19h00 \u00e0 21h00<\/strong><\/h3>\n<div>\n<div><\/div>\n<\/div>\n<div>\n<div style=\"text-align: justify;\"><img loading=\"lazy\" decoding=\"async\" class=\"aligncenter wp-image-4981 \" src=\"https:\/\/urpspharma.re\/wp-content\/uploads\/2022\/03\/BANDEAU-CPTS-RESO-SUD-OUEST.png\" alt=\"\" width=\"520\" height=\"138\" srcset=\"https:\/\/urpspharma.re\/wp-content\/uploads\/2022\/03\/BANDEAU-CPTS-RESO-SUD-OUEST.png 774w, https:\/\/urpspharma.re\/wp-content\/uploads\/2022\/03\/BANDEAU-CPTS-RESO-SUD-OUEST-300x79.png 300w, https:\/\/urpspharma.re\/wp-content\/uploads\/2022\/03\/BANDEAU-CPTS-RESO-SUD-OUEST-768x203.png 768w\" sizes=\"(max-width: 520px) 100vw, 520px\" \/><\/div>\n<\/div>\n<div><\/div>\n<div>\u25baPr\u00e9sentation de la CPTS (mission, moyens, articulation avec les professionnels de sant\u00e9 du territoire)<br \/>\n\u25baPr\u00e9sentation des th\u00e9matiques retenues dans le cadre des groupes de travail (<a href=\"https:\/\/bit.ly\/Priorit%C3%A9sDeSant%C3%A9PopulationMonVote\" target=\"_blank\" rel=\"noopener noreferrer\">vote en ligne possible jusqu\u2019au 11 f\u00e9vrier ici<\/a>)<br \/>\n\u25baPr\u00e9sentation du programme des travaux de la CPTS jusqu\u2019\u00e0 l\u2019\u00e9tablissement du projet de sant\u00e9<br \/>\n\u25baQuestions\/R\u00e9ponses<\/div>\n<div><\/div>\n<div>\n<div style=\"text-align: justify;\">Si vous ne pouvez participer mais que vous \u00eates int\u00e9ress\u00e9s par la CPTS contactez nous \u00e0 l&#8217;adresse suivante :\u00a0<a href=\"http:\/\/cpts.reso@sante.re\/\" target=\"_blank\" rel=\"noopener noreferrer\">cpts.reso@sante.re<\/a><br \/>\nou remplissez la fiche contact \u25ba<a href=\"https:\/\/bit.ly\/contactR%C3%A9SO\" target=\"_blank\" rel=\"noopener noreferrer\">en cliquant ICI<\/a><br \/>\n<a href=\"https:\/\/us06web.zoom.us\/meeting\/register\/tZYtde2hrTMsHNfyptflQH2igRVRJLZozA-Y\" target=\"_blank\" rel=\"noopener noreferrer\"><img loading=\"lazy\" decoding=\"async\" class=\"aligncenter wp-image-5058 size-full\" src=\"https:\/\/urpspharma.re\/wp-content\/uploads\/2022\/03\/Inscription-\u00e0-la-visioconf\u00e9rence.png\" alt=\"\" width=\"536\" height=\"44\" srcset=\"https:\/\/urpspharma.re\/wp-content\/uploads\/2022\/03\/Inscription-\u00e0-la-visioconf\u00e9rence.png 536w, https:\/\/urpspharma.re\/wp-content\/uploads\/2022\/03\/Inscription-\u00e0-la-visioconf\u00e9rence-300x25.png 300w\" sizes=\"(max-width: 536px) 100vw, 536px\" \/><\/a><\/p>\n<p><a href=\"http:\/\/bit.ly\/invitationCPTS-R%C3%A9SO\" target=\"_blank\" rel=\"noopener noreferrer\">\u25baI<\/a><a href=\"http:\/\/bit.ly\/invitationCPTS-R%C3%A9SO\" target=\"_blank\" rel=\"noopener noreferrer\">nvitation<\/a><\/p>\n<p><img loading=\"lazy\" decoding=\"async\" class=\"aligncenter wp-image-5059 size-large\" src=\"https:\/\/urpspharma.re\/wp-content\/uploads\/2022\/03\/invitation-cpts-reso-visioconf\u00e9rence-du-15-f\u00e9vrier-1024x569.png\" alt=\"\" width=\"1024\" height=\"569\" srcset=\"https:\/\/urpspharma.re\/wp-content\/uploads\/2022\/03\/invitation-cpts-reso-visioconf\u00e9rence-du-15-f\u00e9vrier-1024x569.png 1024w, https:\/\/urpspharma.re\/wp-content\/uploads\/2022\/03\/invitation-cpts-reso-visioconf\u00e9rence-du-15-f\u00e9vrier-300x167.png 300w, https:\/\/urpspharma.re\/wp-content\/uploads\/2022\/03\/invitation-cpts-reso-visioconf\u00e9rence-du-15-f\u00e9vrier-768x427.png 768w, https:\/\/urpspharma.re\/wp-content\/uploads\/2022\/03\/invitation-cpts-reso-visioconf\u00e9rence-du-15-f\u00e9vrier.png 1207w\" sizes=\"(max-width: 1024px) 100vw, 1024px\" \/><\/p>\n<\/div>\n<\/div>\n<p style=\"text-align: justify;\">\n","protected":false},"excerpt":{"rendered":"<p>&#x1f4c5;\u00a0Le mardi 15 f\u00e9vrier 2022 Visioconf\u00e9rence de 19h00 \u00e0 21h00 \u25baPr\u00e9sentation de la CPTS (mission, moyens, articulation avec les professionnels de sant\u00e9 du territoire) \u25baPr\u00e9sentation des th\u00e9matiques retenues dans le cadre des groupes de travail (vote en ligne possible jusqu\u2019au 11 f\u00e9vrier ici) \u25baPr\u00e9sentation du programme des travaux de la CPTS jusqu\u2019\u00e0 l\u2019\u00e9tablissement du projet&hellip;<\/p>\n","protected":false},"author":3,"featured_media":0,"comment_status":"open","ping_status":"open","sticky":false,"template":"","format":"standard","meta":{"footnotes":""},"categories":[504,182,483],"tags":[334,484,218,239],"amp_enabled":true,"_links":{"self":[{"href":"https:\/\/urpspharma.re\/index.php?rest_route=\/wp\/v2\/posts\/5057"}],"collection":[{"href":"https:\/\/urpspharma.re\/index.php?rest_route=\/wp\/v2\/posts"}],"about":[{"href":"https:\/\/urpspharma.re\/index.php?rest_route=\/wp\/v2\/types\/post"}],"author":[{"embeddable":true,"href":"https:\/\/urpspharma.re\/index.php?rest_route=\/wp\/v2\/users\/3"}],"replies":[{"embeddable":true,"href":"https:\/\/urpspharma.re\/index.php?rest_route=%2Fwp%2Fv2%2Fcomments&post=5057"}],"version-history":[{"count":2,"href":"https:\/\/urpspharma.re\/index.php?rest_route=\/wp\/v2\/posts\/5057\/revisions"}],"predecessor-version":[{"id":5061,"href":"https:\/\/urpspharma.re\/index.php?rest_route=\/wp\/v2\/posts\/5057\/revisions\/5061"}],"wp:attachment":[{"href":"https:\/\/urpspharma.re\/index.php?rest_route=%2Fwp%2Fv2%2Fmedia&parent=5057"}],"wp:term":[{"taxonomy":"category","embeddable":true,"href":"https:\/\/urpspharma.re\/index.php?rest_route=%2Fwp%2Fv2%2Fcategories&post=5057"},{"taxonomy":"post_tag","embeddable":true,"href":"https:\/\/urpspharma.re\/index.php?rest_route=%2Fwp%2Fv2%2Ftags&post=5057"}],"curies":[{"name":"wp","href":"https:\/\/api.w.org\/{rel}","templated":true}]}}