{"id":5062,"date":"2022-02-11T11:31:12","date_gmt":"2022-02-11T07:31:12","guid":{"rendered":"https:\/\/urpspharma.re\/?p=5062"},"modified":"2022-03-24T11:38:42","modified_gmt":"2022-03-24T07:38:42","slug":"cpts-australe-sud","status":"publish","type":"post","link":"https:\/\/urpspharma.re\/?p=5062","title":{"rendered":"CPTS Australe Sud"},"content":{"rendered":"<h3 style=\"text-align: center;\">&#x1f4c5;\u00a0<strong><span style=\"color: #cc0000;\">Le jeudi 17 f\u00e9vrier 2022<\/span><br \/>\nAssembl\u00e9e G\u00e9n\u00e9rale\u00a0de 18h00 \u00e0 21h00<\/strong><br \/>\n<strong>Amphith\u00e9\u00e2tre IES-IFSI (CHU SUD) <\/strong><\/h3>\n<h3 style=\"text-align: center;\"><strong>97410 SAINT-PIERRE<\/strong><\/h3>\n<div>\n<div style=\"text-align: justify;\"><img loading=\"lazy\" decoding=\"async\" class=\"aligncenter wp-image-5063 \" src=\"https:\/\/urpspharma.re\/wp-content\/uploads\/2022\/03\/BANDEAU-CPTS-AUSTRALE-SUD-1.png\" alt=\"\" width=\"519\" height=\"136\" srcset=\"https:\/\/urpspharma.re\/wp-content\/uploads\/2022\/03\/BANDEAU-CPTS-AUSTRALE-SUD-1.png 771w, https:\/\/urpspharma.re\/wp-content\/uploads\/2022\/03\/BANDEAU-CPTS-AUSTRALE-SUD-1-300x79.png 300w, https:\/\/urpspharma.re\/wp-content\/uploads\/2022\/03\/BANDEAU-CPTS-AUSTRALE-SUD-1-768x201.png 768w\" sizes=\"(max-width: 519px) 100vw, 519px\" \/><\/p>\n<\/div>\n<\/div>\n<div><a href=\"https:\/\/drive.google.com\/file\/d\/1vyQ8v0r6AOhTGCJiZHx5Z2vHYVTaKb2e\/view?usp=sharing\" target=\"_blank\" rel=\"noopener noreferrer\">\u25baCourrier d&#8217;invitation<\/a><br \/>\n<a href=\"https:\/\/drive.google.com\/file\/d\/1d-ZsCZJdb6O4U-LILpP7Whn9LU0ai-e1\/view?usp=sharing\" target=\"_blank\" rel=\"noopener noreferrer\">\u25baInvitation<\/a><\/div>\n<p><a href=\"https:\/\/drive.google.com\/file\/d\/1d-ZsCZJdb6O4U-LILpP7Whn9LU0ai-e1\/view\" target=\"_blank\" rel=\"noopener noreferrer\"><img loading=\"lazy\" decoding=\"async\" class=\"aligncenter wp-image-5064 \" src=\"https:\/\/urpspharma.re\/wp-content\/uploads\/2022\/03\/invitation-cpts-australe-ag-du-17-f\u00e9vrier2022.png\" alt=\"\" width=\"571\" height=\"318\" srcset=\"https:\/\/urpspharma.re\/wp-content\/uploads\/2022\/03\/invitation-cpts-australe-ag-du-17-f\u00e9vrier2022.png 1208w, https:\/\/urpspharma.re\/wp-content\/uploads\/2022\/03\/invitation-cpts-australe-ag-du-17-f\u00e9vrier2022-300x167.png 300w, https:\/\/urpspharma.re\/wp-content\/uploads\/2022\/03\/invitation-cpts-australe-ag-du-17-f\u00e9vrier2022-768x427.png 768w, https:\/\/urpspharma.re\/wp-content\/uploads\/2022\/03\/invitation-cpts-australe-ag-du-17-f\u00e9vrier2022-1024x569.png 1024w\" sizes=\"(max-width: 571px) 100vw, 571px\" \/><\/a><\/p>\n<p style=\"text-align: justify;\">\u25baPr\u00e9sentation de la CPTS (mission, moyens, articulation avec les professionnels de sant\u00e9 du territoire)<br \/>\n\u25baPr\u00e9sentation et discussion des principaux articles des statuts \u00e0 adopter (objet, membres, gouvernance et montant des cotisations)<br \/>\n\u25baAdh\u00e9sion, Vote d&#8217;adoption des statuts et du R\u00e8glement Int\u00e9rieur<br \/>\n\u25baElection du Conseil d&#8217;administration<\/p>\n<p>Si vous ne pouvez participer mais que vous \u00eates int\u00e9ress\u00e9s par la CPTS\u00a0contactez Monsieur David DUFOUR (r\u00e9f\u00e9rent) \u00e0\u00a0<a href=\"http:\/\/d.dufour@cptssud.fr\/\" target=\"_blank\" rel=\"noopener noreferrer\">d.dufour@cptssud.fr<\/a><\/p>\n<p><a href=\"https:\/\/docs.google.com\/forms\/d\/e\/1FAIpQLSe7GT-X4KL8HcMTDUp_8wRo0c8GqqLTh5RXF9biTSncYakBrg\/viewform\" target=\"_blank\" rel=\"noopener noreferrer\"><img loading=\"lazy\" decoding=\"async\" class=\"aligncenter wp-image-5047 \" src=\"https:\/\/urpspharma.re\/wp-content\/uploads\/2022\/03\/Formulaire-dinscription-en-cliquant-ICI.png\" alt=\"\" width=\"521\" height=\"44\" srcset=\"https:\/\/urpspharma.re\/wp-content\/uploads\/2022\/03\/Formulaire-dinscription-en-cliquant-ICI.png 758w, https:\/\/urpspharma.re\/wp-content\/uploads\/2022\/03\/Formulaire-dinscription-en-cliquant-ICI-300x25.png 300w\" sizes=\"(max-width: 521px) 100vw, 521px\" \/><\/a><\/p>\n","protected":false},"excerpt":{"rendered":"<p>&#x1f4c5;\u00a0Le jeudi 17 f\u00e9vrier 2022 Assembl\u00e9e G\u00e9n\u00e9rale\u00a0de 18h00 \u00e0 21h00 Amphith\u00e9\u00e2tre IES-IFSI (CHU SUD) 97410 SAINT-PIERRE \u25baCourrier d&#8217;invitation \u25baInvitation \u25baPr\u00e9sentation de la CPTS (mission, moyens, articulation avec les professionnels de sant\u00e9 du territoire) \u25baPr\u00e9sentation et discussion des principaux articles des statuts \u00e0 adopter (objet, membres, gouvernance et montant des cotisations) \u25baAdh\u00e9sion, Vote d&#8217;adoption des statuts&hellip;<\/p>\n","protected":false},"author":3,"featured_media":0,"comment_status":"open","ping_status":"open","sticky":false,"template":"","format":"standard","meta":{"footnotes":""},"categories":[503,182],"tags":[518,334,517,218,239],"amp_enabled":true,"_links":{"self":[{"href":"https:\/\/urpspharma.re\/index.php?rest_route=\/wp\/v2\/posts\/5062"}],"collection":[{"href":"https:\/\/urpspharma.re\/index.php?rest_route=\/wp\/v2\/posts"}],"about":[{"href":"https:\/\/urpspharma.re\/index.php?rest_route=\/wp\/v2\/types\/post"}],"author":[{"embeddable":true,"href":"https:\/\/urpspharma.re\/index.php?rest_route=\/wp\/v2\/users\/3"}],"replies":[{"embeddable":true,"href":"https:\/\/urpspharma.re\/index.php?rest_route=%2Fwp%2Fv2%2Fcomments&post=5062"}],"version-history":[{"count":3,"href":"https:\/\/urpspharma.re\/index.php?rest_route=\/wp\/v2\/posts\/5062\/revisions"}],"predecessor-version":[{"id":5067,"href":"https:\/\/urpspharma.re\/index.php?rest_route=\/wp\/v2\/posts\/5062\/revisions\/5067"}],"wp:attachment":[{"href":"https:\/\/urpspharma.re\/index.php?rest_route=%2Fwp%2Fv2%2Fmedia&parent=5062"}],"wp:term":[{"taxonomy":"category","embeddable":true,"href":"https:\/\/urpspharma.re\/index.php?rest_route=%2Fwp%2Fv2%2Fcategories&post=5062"},{"taxonomy":"post_tag","embeddable":true,"href":"https:\/\/urpspharma.re\/index.php?rest_route=%2Fwp%2Fv2%2Ftags&post=5062"}],"curies":[{"name":"wp","href":"https:\/\/api.w.org\/{rel}","templated":true}]}}