{"id":5068,"date":"2022-02-03T11:42:36","date_gmt":"2022-02-03T07:42:36","guid":{"rendered":"https:\/\/urpspharma.re\/?p=5068"},"modified":"2022-03-24T11:44:07","modified_gmt":"2022-03-24T07:44:07","slug":"cyclone-batsirai-declenchement-de-lalerte-rouge","status":"publish","type":"post","link":"https:\/\/urpspharma.re\/?p=5068","title":{"rendered":"Cyclone Batsirai : D\u00e9clenchement de l&#8217;alerte rouge"},"content":{"rendered":"<h2 class=\"null\" style=\"text-align: center;\"><strong><span style=\"color: #333399;\">Rappel des mesures particuli\u00e8res<\/span><\/strong><\/h2>\n<div>\n<div>\n<p>Chers cons\u0153urs\u00a0et confr\u00e8res,<\/p>\n<p>Nous allons\u00a0passer\u00a0<strong>en alerte rouge \u00e0 19h00<\/strong>.<br \/>\nLa permanence des soins ambulatoires ne s\u2019applique pas pendant l\u2019alerte rouge.<\/p>\n<h3 style=\"text-align: center;\"><span style=\"color: #333399;\"><strong>L&#8217;interdiction de circuler en alerte rouge s\u2019applique \u00e0 tous les professionnels de sant\u00e9 lib\u00e9raux qui cessent leur activit\u00e9.<\/strong><\/span><\/h3>\n<p>Ils peuvent \u00eatre\u00a0<strong>exceptionnellement autoris\u00e9s<\/strong>,\u00a0<strong>apr\u00e8s r\u00e9gulation du SAMU et autorisation du COP (Centre Op\u00e9ration de la Pr\u00e9fecture)<\/strong>\u00a0\u00e0 se d\u00e9placer pour\u00a0<strong>porter secours ou r\u00e9pondre \u00e0 une mission de service public<\/strong>\u00a0command\u00e9e par l\u2019urgence sous r\u00e9serve que les conditions m\u00e9t\u00e9orologiques du moment dans le secteur concern\u00e9 le permettent, selon modalit\u00e9s formul\u00e9es par la pr\u00e9fecture. Ils devront obligatoirement\u00a0<strong>se munir de leur carte professionnelle<\/strong>\u00a0pour les contr\u00f4les des forces de l\u2019ordre ou\u00a0<strong>justifier, le cas \u00e9ch\u00e9ant, d\u2019un ordre de mission<\/strong>.<\/p>\n<h3 style=\"text-align: center;\">\n<span style=\"color: #333399;\"><strong>Rappel des mesures particuli\u00e8res\u00a0<\/strong><\/span><\/h3>\n<p><strong>Les m\u00e9decins lib\u00e9raux<\/strong><br \/>\nPendant cette p\u00e9riode, deux m\u00e9decins lib\u00e9raux de l\u2019ARRMEL (Association r\u00e9unionnaise des r\u00e9gulateurs d\u2019exercice lib\u00e9ral) sont mobilis\u00e9s au Centre 15 pour renforcer les capacit\u00e9s de traitement des appels r\u00e9ceptionn\u00e9s. Certains m\u00e9decins lib\u00e9raux peuvent \u00eatre exceptionnellement autoris\u00e9s \u00e0 se d\u00e9placer en situation d\u2019urgence pendant l\u2019alerte rouge et pendant une courte p\u00e9riode d\u2019accalmie, apr\u00e8s r\u00e9gulation du SAMU.<\/p>\n<p><strong>Les ambulanciers\u00a0<\/strong><\/p>\n<ul>\n<li>Pendant le pr\u00e9avis de l\u2019alerte rouge la garde ambulanci\u00e8re est activ\u00e9e avec un triplement des v\u00e9hicules.<\/li>\n<li>La garde ambulanci\u00e8re est suspendue pendant la dur\u00e9e de l\u2019alerte rouge.<\/li>\n<li>Le transport de malades n\u2019est pas autoris\u00e9 pendant l\u2019alerte rouge, sauf \u00e0 titre exceptionnel apr\u00e8s r\u00e9gulation du SAMU.<\/li>\n<\/ul>\n<p style=\"text-align: center;\"><strong>Les pharmacies<\/strong><br \/>\nLes officines de pharmacies sont ferm\u00e9es.<\/p>\n<p><strong>Les infirmiers lib\u00e9raux\u00a0<\/strong><br \/>\nExceptionnellement certains infirmiers pourraient \u00eatre autoris\u00e9s, apr\u00e8s r\u00e9gulation du SAMU et selon les conditions m\u00e9t\u00e9orologiques, \u00e0 se d\u00e9placer aupr\u00e8s de malades dont les soins pr\u00e9sentent un caract\u00e8re d\u2019urgence attest\u00e9 par le m\u00e9decin traitant.<\/p>\n<p><span style=\"color: #cc0000;\"><strong>Nous vous prions de v\u00e9rifier les mesures \u00e0 prendre \u00e0 votre niveau.<\/strong><\/span><\/p>\n<p>Site de la pr\u00e9fecture :\u00a0<a href=\"http:\/\/www.reunion.gouv.fr\/le-dispositif-operationnel-orsec-les-dispositions-a1132.html\" target=\"_blank\" rel=\"noopener noreferrer\">plan ORSEC<\/a><br \/>\nSite de la pr\u00e9fecture en\u00a0<a href=\"http:\/\/www.reunion.gouv.fr\/cyclone-tropical-intense-batsirai-declenchement-de-a9062.html\" target=\"_blank\" rel=\"noopener noreferrer\">cliquant ICI<\/a><\/p>\n<\/div>\n<\/div>\n<div>\n<div><\/div>\n<\/div>\n","protected":false},"excerpt":{"rendered":"<p>Rappel des mesures particuli\u00e8res Chers cons\u0153urs\u00a0et confr\u00e8res, Nous allons\u00a0passer\u00a0en alerte rouge \u00e0 19h00. La permanence des soins ambulatoires ne s\u2019applique pas pendant l\u2019alerte rouge. L&#8217;interdiction de circuler en alerte rouge s\u2019applique \u00e0 tous les professionnels de sant\u00e9 lib\u00e9raux qui cessent leur activit\u00e9. Ils peuvent \u00eatre\u00a0exceptionnellement autoris\u00e9s,\u00a0apr\u00e8s r\u00e9gulation du SAMU et autorisation du COP (Centre Op\u00e9ration&hellip;<\/p>\n","protected":false},"author":3,"featured_media":0,"comment_status":"open","ping_status":"open","sticky":false,"template":"","format":"standard","meta":{"footnotes":""},"categories":[182],"tags":[520,519],"amp_enabled":true,"_links":{"self":[{"href":"https:\/\/urpspharma.re\/index.php?rest_route=\/wp\/v2\/posts\/5068"}],"collection":[{"href":"https:\/\/urpspharma.re\/index.php?rest_route=\/wp\/v2\/posts"}],"about":[{"href":"https:\/\/urpspharma.re\/index.php?rest_route=\/wp\/v2\/types\/post"}],"author":[{"embeddable":true,"href":"https:\/\/urpspharma.re\/index.php?rest_route=\/wp\/v2\/users\/3"}],"replies":[{"embeddable":true,"href":"https:\/\/urpspharma.re\/index.php?rest_route=%2Fwp%2Fv2%2Fcomments&post=5068"}],"version-history":[{"count":2,"href":"https:\/\/urpspharma.re\/index.php?rest_route=\/wp\/v2\/posts\/5068\/revisions"}],"predecessor-version":[{"id":5070,"href":"https:\/\/urpspharma.re\/index.php?rest_route=\/wp\/v2\/posts\/5068\/revisions\/5070"}],"wp:attachment":[{"href":"https:\/\/urpspharma.re\/index.php?rest_route=%2Fwp%2Fv2%2Fmedia&parent=5068"}],"wp:term":[{"taxonomy":"category","embeddable":true,"href":"https:\/\/urpspharma.re\/index.php?rest_route=%2Fwp%2Fv2%2Fcategories&post=5068"},{"taxonomy":"post_tag","embeddable":true,"href":"https:\/\/urpspharma.re\/index.php?rest_route=%2Fwp%2Fv2%2Ftags&post=5068"}],"curies":[{"name":"wp","href":"https:\/\/api.w.org\/{rel}","templated":true}]}}