{"id":5090,"date":"2022-01-06T13:00:49","date_gmt":"2022-01-06T09:00:49","guid":{"rendered":"https:\/\/urpspharma.re\/?p=5090"},"modified":"2022-03-24T13:10:07","modified_gmt":"2022-03-24T09:10:07","slug":"tests-antigeniques-et-autotests-des-cas-contacts","status":"publish","type":"post","link":"https:\/\/urpspharma.re\/?p=5090","title":{"rendered":"Tests antig\u00e9niques et autotests des cas contacts"},"content":{"rendered":"<h2 style=\"text-align: center;\"><span style=\"color: #333399;\"><strong>D\u00e9pistage par tests antig\u00e9niques et autotests des cas contacts<\/strong><\/span><\/h2>\n<div>\n<p>Lors de la r\u00e9union d&#8217;instance Covid-19 du jeudi 30 d\u00e9cembre 2021 a \u00e9t\u00e9 abord\u00e9 la possibilit\u00e9 pour les pharmacies de facturer \u00e0\u00a0l&#8217;Assurance maladie des tests antig\u00e9niques pour des personnes se pr\u00e9sentant comme des &#8220;personnes contacts&#8221; mais n&#8217;ayant pas encore re\u00e7u de SMS leur permettant ainsi cette prise en charge.<br \/>\nl&#8217;Assurance maladie a \u00e9t\u00e9 interrog\u00e9e et a apport\u00e9\u00a0une r\u00e9ponse favorable, dans le contexte de forte sollicitation de la plateforme de contact-tracing,\u00a0<strong>sous r\u00e9serve que le professionnel de sant\u00e9 et au pr\u00e9alable, de la part de la personne se d\u00e9clarant comme contact, les coordonn\u00e9es du patient Covid positif qu&#8217;elle c\u00f4toy\u00e9 et qu&#8217;il v\u00e9rifie cette information dans\u00a0SI-DEP.<\/strong><\/p>\n<div>\n<h3 style=\"text-align: center;\"><span style=\"color: #333399;\"><strong>D\u00e9pistage des cas contacts<\/strong><\/span><\/h3>\n<\/div>\n<div>R\u00e9alisation d\u2019un test TAG ou RT-PCR imm\u00e9diat, puis surveillance par autotests* \u00e0 J2 et J4 apr\u00e8s la date du dernier contact avec le cas positif.<br \/>\n* en cas d\u2019autotest positif, il convient de confirmer le r\u00e9sultat par un TAG ou un test RT-PCR. Le r\u00e9sultat de ce test sera inscrit dans SIDEP.<\/div>\n<div><\/div>\n<h3 style=\"text-align: center;\"><span style=\"color: #333399;\"><strong>Quelles sont les conditions pour d\u00e9livrer gratuitement les 2 autotests?<\/strong><\/span><\/h3>\n<div>\n<div><strong>UNIQUEMENT pour<\/strong><br \/>\n<strong>2 &#8211; Les personnes ayant un sch\u00e9ma vaccinal complet<br \/>\n3 &#8211; Les enfants de moins de 12 ans qu&#8217;ils soient vaccin\u00e9s ou non<\/strong><\/div>\n<div><strong>Sur pr\u00e9sentation des r\u00e9sultats n\u00e9gatifs des tests RT-PCR ou antig\u00e9nique<\/strong><\/p>\n<p>Seulement pour ces 2 cas, 2 autotests seront remis par le pharmacien \u00e0 l\u2019issue du test antig\u00e9nique n\u00e9gatif ou sur pr\u00e9sentation du r\u00e9sultat RT-PCR n\u00e9gatif\u00a0accompagn\u00e9 d\u2019une\u00a0<a href=\"https:\/\/www.ameli.fr\/sites\/default\/files\/Documents\/D%C3%A9claration%20sur%20honneur%20AUTOTESTS_VDDGOS.pdf\" target=\"_blank\" rel=\"noopener noreferrer\">attestation sur l\u2019honneur<\/a>.<\/div>\n<\/div>\n<p><strong>Une p\u00e9riode de tol\u00e9rance (jusqu\u2019au 24 janvier) est pr\u00e9vue permettant de d\u00e9livrer une bo\u00eete de 5 autotests<\/strong>\u00a0l<strong>orsque le pharmacien se retrouve dans l\u2019impossibilit\u00e9 de d\u00e9livrer uniquement 2 autotests.<\/strong><\/p>\n<p><a href=\"https:\/\/www.ameli.fr\/la-reunion\/assure\/covid-19\/symptomes-gestes-barrieres-cas-contact-et-isolement\/en-cas-de-contact-avec-une-personne-malade-du-covid-19\" target=\"_blank\" rel=\"noopener noreferrer\">Site ameli.fr\u00a0: cas contacts<\/a><\/p>\n<div><a href=\"https:\/\/www.ameli.fr\/assure\/covid-19\/tester-alerter-proteger-comprendre-la-strategie-pour-stopper-l-epidemie\/contact-covid-et-si-dep-des-outils-au-service-du-depistage\" target=\"_blank\" rel=\"noopener noreferrer\">Site ameli.fr : le t\u00e9l\u00e9service &#8220;Contact Covid&#8221; et &#8220;SI-DEP&#8221;<\/a><\/div>\n<p><a href=\"https:\/\/solidarites-sante.gouv.fr\/IMG\/pdf\/20220102_-_dgs-urgent_01-doctrines-isolement40n.pdf\" target=\"_blank\" rel=\"noopener noreferrer\">DGS-URGENT N\u00b02022_01<\/a><\/p>\n<h3 style=\"text-align: center;\"><span style=\"color: #333399;\"><strong>R\u00e9mun\u00e9ration et protocole<\/strong><\/span><\/h3>\n<p>Lors de la d\u00e9livrance des autotests aux patients &#8220;cas contact&#8221;,<strong>\u00a0la r\u00e9mun\u00e9ration de la dispensation des autotests par les pharmaciens est fix\u00e9e \u00e0 2 \u20ac TTC par d\u00e9livrance.<\/strong><br \/>\nIl est ainsi attendu des pharmaciens qu\u2019ils expliquent au patient la mani\u00e8re d\u2019utiliser les autotests et leur obligation d\u2019en faire un au 2e jour et au 4e jour.<\/p>\n<p>Lors de chaque d\u00e9livrance le pharmacien facturera \u00e0 l\u2019Assurance Maladie\u00a0<strong>un unique code PMR<\/strong>\u00a0qui int\u00e9grera \u00e0 la fois la r\u00e9mun\u00e9ration de la dispensation et la r\u00e9mun\u00e9ration li\u00e9e aux autotests. Par exemple, dans le cas de la dispensation de 2 autotests, le pharmacien devra facturer un code PMR \u00e0 9,00 \u20ac TTC.<\/p>\n<p>La d\u00e9clinaison de ces montants dans les d\u00e9partements d\u2019outre-mer et Mayotte est obtenue en appliquant aux diff\u00e9rents montants les majorations suivantes : 1,3 pour la Guadeloupe, Saint-Barth\u00e9lemy et Saint Martin, 1,15 pour la Martinique, 1,2 pour la R\u00e9union et la Guyane et 1,36 pour Mayotte.<\/p>\n<p><strong>Tarif pour la R\u00e9union :<\/strong><br \/>\n2 autotests \u00e0 3.5\u20ac x 2 = 7\u20ac<br \/>\ndispensation de 2\u20ac<br \/>\nmajoration pour la R\u00e9union de 1.2<br \/>\n<strong>soit un total de 10.80\u20ac\u00a0<\/strong><\/p>\n<p><a href=\"https:\/\/www.ameli.fr\/la-reunion\/pharmacien\/actualites\/dispensation-d-autotests-pour-les-cas-contact-covid-19-remuneration-et-protocole\" target=\"_blank\" rel=\"noopener noreferrer\">Site ameli.fr : R\u00e9mun\u00e9rations et protocole<\/a><\/p>\n<\/div>\n","protected":false},"excerpt":{"rendered":"<p>D\u00e9pistage par tests antig\u00e9niques et autotests des cas contacts Lors de la r\u00e9union d&#8217;instance Covid-19 du jeudi 30 d\u00e9cembre 2021 a \u00e9t\u00e9 abord\u00e9 la possibilit\u00e9 pour les pharmacies de facturer \u00e0\u00a0l&#8217;Assurance maladie des tests antig\u00e9niques pour des personnes se pr\u00e9sentant comme des &#8220;personnes contacts&#8221; mais n&#8217;ayant pas encore re\u00e7u de SMS leur permettant ainsi cette&hellip;<\/p>\n","protected":false},"author":3,"featured_media":0,"comment_status":"open","ping_status":"open","sticky":false,"template":"","format":"standard","meta":{"footnotes":""},"categories":[182],"tags":[486,528,521,239],"amp_enabled":true,"_links":{"self":[{"href":"https:\/\/urpspharma.re\/index.php?rest_route=\/wp\/v2\/posts\/5090"}],"collection":[{"href":"https:\/\/urpspharma.re\/index.php?rest_route=\/wp\/v2\/posts"}],"about":[{"href":"https:\/\/urpspharma.re\/index.php?rest_route=\/wp\/v2\/types\/post"}],"author":[{"embeddable":true,"href":"https:\/\/urpspharma.re\/index.php?rest_route=\/wp\/v2\/users\/3"}],"replies":[{"embeddable":true,"href":"https:\/\/urpspharma.re\/index.php?rest_route=%2Fwp%2Fv2%2Fcomments&post=5090"}],"version-history":[{"count":1,"href":"https:\/\/urpspharma.re\/index.php?rest_route=\/wp\/v2\/posts\/5090\/revisions"}],"predecessor-version":[{"id":5091,"href":"https:\/\/urpspharma.re\/index.php?rest_route=\/wp\/v2\/posts\/5090\/revisions\/5091"}],"wp:attachment":[{"href":"https:\/\/urpspharma.re\/index.php?rest_route=%2Fwp%2Fv2%2Fmedia&parent=5090"}],"wp:term":[{"taxonomy":"category","embeddable":true,"href":"https:\/\/urpspharma.re\/index.php?rest_route=%2Fwp%2Fv2%2Fcategories&post=5090"},{"taxonomy":"post_tag","embeddable":true,"href":"https:\/\/urpspharma.re\/index.php?rest_route=%2Fwp%2Fv2%2Ftags&post=5090"}],"curies":[{"name":"wp","href":"https:\/\/api.w.org\/{rel}","templated":true}]}}