{"id":5092,"date":"2022-01-04T13:11:27","date_gmt":"2022-01-04T09:11:27","guid":{"rendered":"https:\/\/urpspharma.re\/?p=5092"},"modified":"2022-03-24T13:19:30","modified_gmt":"2022-03-24T09:19:30","slug":"vaccination-contre-la-covid-19-dose-de-rappel","status":"publish","type":"post","link":"https:\/\/urpspharma.re\/?p=5092","title":{"rendered":"Vaccination contre la Covid-19 &#8211; Dose de rappel"},"content":{"rendered":"<h2 style=\"text-align: center;\"><span style=\"color: #333399;\"><strong>Rappel vaccinal contre la covid-19 : pour qui et quand ?<\/strong><\/span><\/h2>\n<div>\n<div><strong>Depuis le 28 d\u00e9cembre, le rappel vaccinal est ouvert \u00e0 tous les adultes d\u00e8s 3 mois apr\u00e8s leur derni\u00e8re injection.<\/strong><\/div>\n<\/div>\n<div><\/div>\n<h3 style=\"text-align: center;\"><span style=\"color: #333399;\"><strong>Quelles sont les personnes concern\u00e9es par la 3\u00e8me dose ?<\/strong><\/span><\/h3>\n<div>Toutes les personnes de plus de 18 ans ayant d\u00e9j\u00e0 un sch\u00e9ma complet*<\/p>\n<div><\/div>\n<div><em><strong>*Rappel du sch\u00e9ma vaccinal comple<\/strong><strong>t<\/strong><\/em><\/p>\n<ul>\n<li><em>les personnes qui ont\u00a0<strong>contract\u00e9 la Covid\u00a0<\/strong>plus de 15 jours apr\u00e8s avoir re\u00e7u une injection<\/em><\/li>\n<li><em>les personnes qui ont \u00e9t\u00e9\u00a0<strong>vaccin\u00e9es par le vaccin Janssen\u00a0<\/strong>(et qui ont donc re\u00e7u une seule injection),<\/em><\/li>\n<li><em>les personnes ayant re\u00e7u\u00a0<strong>deux injections du vaccin Pfizer<\/strong><\/em><\/li>\n<\/ul>\n<h3 style=\"text-align: center;\"><span style=\"color: #333399;\"><strong>\u00a0Sous quel d\u00e9lai ?<\/strong><\/span><\/h3>\n<\/div>\n<\/div>\n<div>\n<div>La date de la dose de rappel se calcule soit \u00e0 partir de la date de la derni\u00e8re injection du vaccin, soit \u00e0 partir de la date du diagnostic de l\u2019infection au Covid-19 si le patient a d\u00e9j\u00e0 eu le Covid-19 depuis sa vaccination.<\/div>\n<ul>\n<li><strong>\u00e0 partir de 3\u00a0mois<\/strong>\u00a0apr\u00e8s la deuxi\u00e8me injection du vaccin Pfizer (ou apr\u00e8s la 1\u00e8re injection si on a contract\u00e9 pr\u00e9c\u00e9demment la Covid-19)<\/li>\n<li><strong>\u00e0 partir de 3\u00a0mois apr\u00e8s l\u2019injection additionnelle de vaccin Pfizer, elle-m\u00eame faite 4 semaines au minimum apr\u00e8s une premi\u00e8re vaccination avec le vaccin\u00a0Janssen<\/strong><\/li>\n<li><strong>entre 3 et 6 mois<\/strong>\u00a0apr\u00e8s la derni\u00e8re injection du vaccin Pfizer pour les\u00a0<strong>personnes s\u00e9v\u00e8rement immunod\u00e9prim\u00e9es<\/strong>, sur avis m\u00e9dical.<\/li>\n<\/ul>\n<p><a href=\"https:\/\/www.lareunion.ars.sante.fr\/covid-19-la-dose-de-rappel-une-necessite-pour-maintenir-la-protection\" target=\"_blank\" rel=\"noopener noreferrer\">Site ARS la R\u00e9union : Dose de rappel<\/a><\/div>\n<div><\/div>\n<div><a class=\"mcnButton \" title=\"Notice : A quel moment faire sa dose de rappel en cliquant ICI\" href=\"https:\/\/www.lareunion.ars.sante.fr\/system\/files\/2021-12\/Quand%20faire%20sa%20dose%20de%20rappel-Dec2021_0_1.pdf\" target=\"_blank\" rel=\"noopener noreferrer\">Notice : A quel moment faire sa dose de rappel en cliquant ICI<\/a><\/div>\n<div><\/div>\n<div><a href=\"https:\/\/www.gouvernement.fr\/info-coronavirus\/vaccins\" target=\"_blank\" rel=\"noopener noreferrer\"><img loading=\"lazy\" decoding=\"async\" class=\"aligncenter wp-image-5093 \" src=\"https:\/\/urpspharma.re\/wp-content\/uploads\/2022\/03\/Simulation-modalit\u00e9s-de-la-vaccination.png\" alt=\"\" width=\"536\" height=\"61\" srcset=\"https:\/\/urpspharma.re\/wp-content\/uploads\/2022\/03\/Simulation-modalit\u00e9s-de-la-vaccination.png 768w, https:\/\/urpspharma.re\/wp-content\/uploads\/2022\/03\/Simulation-modalit\u00e9s-de-la-vaccination-300x34.png 300w\" sizes=\"(max-width: 536px) 100vw, 536px\" \/><\/a><\/div>\n<div><\/div>\n<h3 style=\"text-align: center;\"><span style=\"color: #333399;\"><strong>Quel est la validit\u00e9 du QR code\u00a0<\/strong><strong>?<\/strong><\/span><\/h3>\n<div>\n<div>Toutes les personnes qui font leur rappel disposeront d&#8217;un nouveau certificat\u00a0de vaccination avec un nouveau QR Code. Le nouveau passe sanitaire remis devient valide 7\u00a0jours apr\u00e8s l&#8217;injection s&#8217;il s&#8217;agit d&#8217;une 2\u00e8me\u00a0dose, ou imm\u00e9diatement s&#8217;il s&#8217;agit d&#8217;une 3\u00e8me\u00a0dose ou plus.<\/p>\n<p><a href=\"https:\/\/www.ameli.fr\/la-reunion\/assure\/actualites\/vaccination-contre-le-covid-19-le-point-sur-la-dose-de-rappel-et-limpact-sur-le-passe-sanitaire\" target=\"_blank\" rel=\"noopener noreferrer\">Site ameli.fr :\u00a0le point sur la dose de rappel et l\u2019impact sur le passe sanitaire<\/a><br \/>\n<a href=\"https:\/\/www.lareunion.ars.sante.fr\/covid-19-ou-et-comment-se-faire-vacciner\" target=\"_blank\" rel=\"noopener noreferrer\">Site ARS la R\u00e9union : Se faire vacciner : o\u00f9 et comment ?<\/a><\/div>\n<p><span style=\"color: #cc0000;\">Attention : bien renseigner dans SI-Vaccin cette\u00a0<strong>dose de rappel comme un rappel<\/strong>\u00a0et non une 2<sup>\u00e8me<\/sup>\u00a0(pour les personnes ayant fait un Covid ou re\u00e7u le Janssen) ou une 3<sup>\u00e8me<\/sup>\u00a0dose, au risque de ne pas g\u00e9n\u00e9rer de nouveau QR code.<\/span><\/div>\n<div><\/div>\n","protected":false},"excerpt":{"rendered":"<p>Rappel vaccinal contre la covid-19 : pour qui et quand ? Depuis le 28 d\u00e9cembre, le rappel vaccinal est ouvert \u00e0 tous les adultes d\u00e8s 3 mois apr\u00e8s leur derni\u00e8re injection. Quelles sont les personnes concern\u00e9es par la 3\u00e8me dose ? Toutes les personnes de plus de 18 ans ayant d\u00e9j\u00e0 un sch\u00e9ma complet* *Rappel&hellip;<\/p>\n","protected":false},"author":3,"featured_media":0,"comment_status":"open","ping_status":"open","sticky":false,"template":"","format":"standard","meta":{"footnotes":""},"categories":[182],"tags":[529,488],"amp_enabled":true,"_links":{"self":[{"href":"https:\/\/urpspharma.re\/index.php?rest_route=\/wp\/v2\/posts\/5092"}],"collection":[{"href":"https:\/\/urpspharma.re\/index.php?rest_route=\/wp\/v2\/posts"}],"about":[{"href":"https:\/\/urpspharma.re\/index.php?rest_route=\/wp\/v2\/types\/post"}],"author":[{"embeddable":true,"href":"https:\/\/urpspharma.re\/index.php?rest_route=\/wp\/v2\/users\/3"}],"replies":[{"embeddable":true,"href":"https:\/\/urpspharma.re\/index.php?rest_route=%2Fwp%2Fv2%2Fcomments&post=5092"}],"version-history":[{"count":1,"href":"https:\/\/urpspharma.re\/index.php?rest_route=\/wp\/v2\/posts\/5092\/revisions"}],"predecessor-version":[{"id":5094,"href":"https:\/\/urpspharma.re\/index.php?rest_route=\/wp\/v2\/posts\/5092\/revisions\/5094"}],"wp:attachment":[{"href":"https:\/\/urpspharma.re\/index.php?rest_route=%2Fwp%2Fv2%2Fmedia&parent=5092"}],"wp:term":[{"taxonomy":"category","embeddable":true,"href":"https:\/\/urpspharma.re\/index.php?rest_route=%2Fwp%2Fv2%2Fcategories&post=5092"},{"taxonomy":"post_tag","embeddable":true,"href":"https:\/\/urpspharma.re\/index.php?rest_route=%2Fwp%2Fv2%2Ftags&post=5092"}],"curies":[{"name":"wp","href":"https:\/\/api.w.org\/{rel}","templated":true}]}}