{"id":5129,"date":"2022-03-29T17:31:09","date_gmt":"2022-03-29T13:31:09","guid":{"rendered":"https:\/\/urpspharma.re\/?p=5129"},"modified":"2022-03-30T15:36:30","modified_gmt":"2022-03-30T11:36:30","slug":"soiree-inter-pro-le-mardi-5-avril-2022-sur-la-thematique-tabac-et-diabete","status":"publish","type":"post","link":"https:\/\/urpspharma.re\/?p=5129","title":{"rendered":"Soir\u00e9e inter-pro : le mardi 5 avril 2022 sur la th\u00e9matique TABAC et DIABETE !"},"content":{"rendered":"<h3 class=\"null\" style=\"text-align: center;\">Th\u00e9matique : TABAC et DIABETE<\/h3>\n<p><em>En partenariat avec RunDIABETE<\/em><\/p>\n<p style=\"text-align: left;\"><span style=\"font-size: inherit; text-align: left;\">Chers cons\u0153urs et confr\u00e8res,<\/span><\/p>\n<div>\n<div style=\"text-align: justify;\">\n<p style=\"text-align: left;\">Le dispositif Lib&#8217;sans tabac et Tip@sant\u00e9 proposent, une soir\u00e9e interprofessionnelle sur l&#8217;int\u00e9r\u00eat de la prise en charge de l&#8217;arr\u00eat du tabac des patients diab\u00e9tiques.<\/p>\n<p>Un temps de pr\u00e9sentation suivi d&#8217;un temps d&#8217;\u00e9changes sur l&#8217;accompagnement des patients fumeurs seront au rendez-vous.<\/p>\n<p>La soir\u00e9e sera anim\u00e9e par des tabacologues et l&#8217;\u00e9quipe de RunDIABETE.<\/p>\n<h3 style=\"text-align: center;\"><span style=\"color: #cc0000;\">Le mardi 5 avril 2022<\/span><br \/>\n<span style=\"color: #333399;\">\u00e0 l&#8217;Etang-Sal\u00e9 : H\u00f4tel Floralys<\/span><\/h3>\n<h3 style=\"text-align: center;\"><span style=\"color: #cc0000;\">de 19h30<\/span><\/h3>\n<\/div>\n<\/div>\n<h2 style=\"text-align: center;\"><strong>Inscrivez-vous d\u00e8s maintenant !<\/strong><\/h2>\n<p><a href=\"https:\/\/docs.google.com\/forms\/d\/e\/1FAIpQLScsEpwu-Wq5JZChY0kVJDYjlFdwAm7LeGc0c57PM1sZkcAgTQ\/viewform\" target=\"_blank\" rel=\"noopener noreferrer\"><img loading=\"lazy\" decoding=\"async\" class=\"aligncenter wp-image-5131 size-full\" src=\"https:\/\/urpspharma.re\/wp-content\/uploads\/2022\/03\/Inscription-ICI.png\" alt=\"\" width=\"765\" height=\"76\" srcset=\"https:\/\/urpspharma.re\/wp-content\/uploads\/2022\/03\/Inscription-ICI.png 765w, https:\/\/urpspharma.re\/wp-content\/uploads\/2022\/03\/Inscription-ICI-300x30.png 300w\" sizes=\"(max-width: 765px) 100vw, 765px\" \/><\/a><\/p>\n<h3 style=\"text-align: center;\"><strong>Vous \u00eates n&#8217;\u00eates pas disponible \u00e0 cette date ?<\/strong><\/h3>\n<h3 style=\"text-align: center;\"><a href=\"https:\/\/docs.google.com\/forms\/d\/e\/1FAIpQLScsEpwu-Wq5JZChY0kVJDYjlFdwAm7LeGc0c57PM1sZkcAgTQ\/viewform\" target=\"_blank\" rel=\"noopener noreferrer\"><img loading=\"lazy\" decoding=\"async\" class=\"aligncenter wp-image-5033 size-full\" src=\"https:\/\/urpspharma.re\/wp-content\/uploads\/2022\/03\/Dites-le-nous-ICI.png\" alt=\"\" width=\"765\" height=\"72\" srcset=\"https:\/\/urpspharma.re\/wp-content\/uploads\/2022\/03\/Dites-le-nous-ICI.png 765w, https:\/\/urpspharma.re\/wp-content\/uploads\/2022\/03\/Dites-le-nous-ICI-300x28.png 300w\" sizes=\"(max-width: 765px) 100vw, 765px\" \/><\/a><\/h3>\n<p><img loading=\"lazy\" decoding=\"async\" class=\"aligncenter wp-image-5130 size-large\" src=\"https:\/\/urpspharma.re\/wp-content\/uploads\/2022\/03\/bandeau-LIB-sans-logo-ARS-1024x230.png\" alt=\"\" width=\"1024\" height=\"230\" srcset=\"https:\/\/urpspharma.re\/wp-content\/uploads\/2022\/03\/bandeau-LIB-sans-logo-ARS-1024x230.png 1024w, https:\/\/urpspharma.re\/wp-content\/uploads\/2022\/03\/bandeau-LIB-sans-logo-ARS-300x67.png 300w, https:\/\/urpspharma.re\/wp-content\/uploads\/2022\/03\/bandeau-LIB-sans-logo-ARS-768x172.png 768w, https:\/\/urpspharma.re\/wp-content\/uploads\/2022\/03\/bandeau-LIB-sans-logo-ARS.png 1284w\" sizes=\"(max-width: 1024px) 100vw, 1024px\" \/><\/p>\n<p>Mail : libsanstabac@sante.re<br \/>\nGSM :\u00a0<strong>0693 90 96 47<\/strong><\/p>\n","protected":false},"excerpt":{"rendered":"<p>Th\u00e9matique : TABAC et DIABETE En partenariat avec RunDIABETE Chers cons\u0153urs et confr\u00e8res, Le dispositif Lib&#8217;sans tabac et Tip@sant\u00e9 proposent, une soir\u00e9e interprofessionnelle sur l&#8217;int\u00e9r\u00eat de la prise en charge de l&#8217;arr\u00eat du tabac des patients diab\u00e9tiques. Un temps de pr\u00e9sentation suivi d&#8217;un temps d&#8217;\u00e9changes sur l&#8217;accompagnement des patients fumeurs seront au rendez-vous. La soir\u00e9e&hellip;<\/p>\n","protected":false},"author":3,"featured_media":0,"comment_status":"open","ping_status":"open","sticky":false,"template":"","format":"standard","meta":{"footnotes":""},"categories":[182],"tags":[533,398,18,534,239],"amp_enabled":true,"_links":{"self":[{"href":"https:\/\/urpspharma.re\/index.php?rest_route=\/wp\/v2\/posts\/5129"}],"collection":[{"href":"https:\/\/urpspharma.re\/index.php?rest_route=\/wp\/v2\/posts"}],"about":[{"href":"https:\/\/urpspharma.re\/index.php?rest_route=\/wp\/v2\/types\/post"}],"author":[{"embeddable":true,"href":"https:\/\/urpspharma.re\/index.php?rest_route=\/wp\/v2\/users\/3"}],"replies":[{"embeddable":true,"href":"https:\/\/urpspharma.re\/index.php?rest_route=%2Fwp%2Fv2%2Fcomments&post=5129"}],"version-history":[{"count":2,"href":"https:\/\/urpspharma.re\/index.php?rest_route=\/wp\/v2\/posts\/5129\/revisions"}],"predecessor-version":[{"id":5134,"href":"https:\/\/urpspharma.re\/index.php?rest_route=\/wp\/v2\/posts\/5129\/revisions\/5134"}],"wp:attachment":[{"href":"https:\/\/urpspharma.re\/index.php?rest_route=%2Fwp%2Fv2%2Fmedia&parent=5129"}],"wp:term":[{"taxonomy":"category","embeddable":true,"href":"https:\/\/urpspharma.re\/index.php?rest_route=%2Fwp%2Fv2%2Fcategories&post=5129"},{"taxonomy":"post_tag","embeddable":true,"href":"https:\/\/urpspharma.re\/index.php?rest_route=%2Fwp%2Fv2%2Ftags&post=5129"}],"curies":[{"name":"wp","href":"https:\/\/api.w.org\/{rel}","templated":true}]}}