{"id":5157,"date":"2022-06-14T09:25:42","date_gmt":"2022-06-14T05:25:42","guid":{"rendered":"https:\/\/urpspharma.re\/?p=5157"},"modified":"2022-06-17T12:09:26","modified_gmt":"2022-06-17T08:09:26","slug":"formation-chimiotherapies-orales","status":"publish","type":"post","link":"https:\/\/urpspharma.re\/?p=5157","title":{"rendered":"Formation DPC : Chimioth\u00e9rapies orales d\u00e8s juin 2022!"},"content":{"rendered":"<h2 style=\"text-align: center;\"><span style=\"color: #333399;\"><strong>Le pharmacien&nbsp;acteur d\u00e9terminant au&nbsp;c\u00f4t\u00e9&nbsp;du patient canc\u00e9reux<\/strong><\/span><\/h2>\n<div>\n<div dir=\"auto\">\n<p style=\"text-align: left;\">Du fait du d\u00e9veloppement rapide des chimioth\u00e9rapies anticanc\u00e9reuses orales, de la complexit\u00e9 d\u2019utilisation de ces m\u00e9dicaments et de leurs multiples effets ind\u00e9sirables (peu ou mal identifi\u00e9s au pr\u00e9alable et au long cours par les patients), le r\u00f4le du pharmacien officinal appara\u00eet d\u00e9terminant, aussi bien dans l\u2019analyse du traitement, dans l\u2019explication de ce dernier que dans l\u2019accompagnement des patients tout au long de leur prise en soins.<\/p>\n<p>Gr\u00e2ce \u00e0 cette formation, des cl\u00e9s vous seront donn\u00e9es pour vous permettre<\/p>\n<p>&#8211; d\u2019assurer une d\u00e9livrance de qualit\u00e9,<br \/>\n&#8211; pour adapter vos propos \u00e0 l\u2019\u00e9tat psychologique du patient, et<br \/>\n&#8211; r\u00e9pondre aux questions les plus fr\u00e9quentes.<\/p>\n<h2 style=\"text-align: center;\"><span style=\"color: #333399;\"><strong>Uniquement pour les pharmaciens titulaires <\/strong><\/span><span style=\"color: #333399;\"><strong>ou adjoints<\/strong><\/span><\/h2>\n<p><img loading=\"lazy\" decoding=\"async\" class=\"aligncenter wp-image-5166 size-large\" src=\"https:\/\/urpspharma.re\/wp-content\/uploads\/2022\/06\/bandeau-formation-chimio2-1024x504.png\" alt=\"\" width=\"1024\" height=\"504\" srcset=\"https:\/\/urpspharma.re\/wp-content\/uploads\/2022\/06\/bandeau-formation-chimio2-1024x504.png 1024w, https:\/\/urpspharma.re\/wp-content\/uploads\/2022\/06\/bandeau-formation-chimio2-300x148.png 300w, https:\/\/urpspharma.re\/wp-content\/uploads\/2022\/06\/bandeau-formation-chimio2-768x378.png 768w, https:\/\/urpspharma.re\/wp-content\/uploads\/2022\/06\/bandeau-formation-chimio2.png 1216w\" sizes=\"(max-width: 1024px) 100vw, 1024px\" \/><\/p>\n<\/div>\n<\/div>\n<div><a href=\"https:\/\/docs.google.com\/forms\/d\/e\/1FAIpQLSfc5Tzc_DdRbjR0puQwDmCrSbDUl57bJ-kTUHPfezY8h0ZB6g\/viewform\" target=\"_blank\" rel=\"noopener noreferrer\"><img loading=\"lazy\" decoding=\"async\" class=\"aligncenter wp-image-5162 size-full\" src=\"https:\/\/urpspharma.re\/wp-content\/uploads\/2022\/06\/bouton-inscription.png\" alt=\"\" width=\"970\" height=\"95\" srcset=\"https:\/\/urpspharma.re\/wp-content\/uploads\/2022\/06\/bouton-inscription.png 970w, https:\/\/urpspharma.re\/wp-content\/uploads\/2022\/06\/bouton-inscription-300x29.png 300w, https:\/\/urpspharma.re\/wp-content\/uploads\/2022\/06\/bouton-inscription-768x75.png 768w\" sizes=\"(max-width: 970px) 100vw, 970px\" \/><\/a><\/div>\n<div><\/div>\n<div><strong><span style=\"color: #800080;\">Attention :<\/span><\/strong><br \/>\n<strong><span style=\"color: #800080;\">Inscription \u00e0 la formation e-learning obligatoire d\u00e8s JUIN pour b\u00e9n\u00e9ficier de la formation en pr\u00e9sentiel la semaine du 24 octobre 2022.<\/span><\/strong><br \/>\n<strong><span style=\"color: #800080;\">Afin de finaliser votre inscription, vous serez contact\u00e9 par Ma Formation Officinale.&nbsp;<\/span><\/strong><\/div>\n<div><\/div>\n<div><img loading=\"lazy\" decoding=\"async\" class=\"aligncenter wp-image-5158 size-full\" src=\"https:\/\/urpspharma.re\/wp-content\/uploads\/2022\/06\/formation-elearning.png\" alt=\"\" width=\"992\" height=\"182\" srcset=\"https:\/\/urpspharma.re\/wp-content\/uploads\/2022\/06\/formation-elearning.png 992w, https:\/\/urpspharma.re\/wp-content\/uploads\/2022\/06\/formation-elearning-300x55.png 300w, https:\/\/urpspharma.re\/wp-content\/uploads\/2022\/06\/formation-elearning-768x141.png 768w\" sizes=\"(max-width: 992px) 100vw, 992px\" \/><\/div>\n<div>\n<h4><img loading=\"lazy\" decoding=\"async\" class=\"wp-image-5159 size-medium alignleft\" src=\"https:\/\/urpspharma.re\/wp-content\/uploads\/2022\/06\/Accompagnement-chimio-300x199.jpeg\" alt=\"\" width=\"300\" height=\"199\" srcset=\"https:\/\/urpspharma.re\/wp-content\/uploads\/2022\/06\/Accompagnement-chimio-300x199.jpeg 300w, https:\/\/urpspharma.re\/wp-content\/uploads\/2022\/06\/Accompagnement-chimio.jpeg 636w\" sizes=\"(max-width: 300px) 100vw, 300px\" \/><span style=\"color: #c7101f;\"><strong style=\"font-size: inherit;\">5h &#8211; Cancer, savoir accompagner les patients<\/strong><\/span><\/h4>\n<\/div>\n<p>Gr\u00e2ce \u00e0 cette formation DPC, vous allez&nbsp;<strong>am\u00e9liorer l&#8217;accompagnement des patients sous anticanc\u00e9reux<\/strong>.<\/p>\n<blockquote><p><a href=\"https:\/\/www.maformationofficinale.com\/dpc\/cancer-le-patient-atteint-de-cancer-gaan\" target=\"_blank\" rel=\"noopener noreferrer\">&gt; En savoir plus : Pr\u00e9sentation, objectifs, mise en pratique, sommaire<\/a><\/p><\/blockquote>\n<p><img loading=\"lazy\" decoding=\"async\" class=\"size-medium wp-image-5160 alignright\" src=\"https:\/\/urpspharma.re\/wp-content\/uploads\/2022\/06\/effects-ind\u00e9sirables-perte-cheveux-300x200.jpeg\" alt=\"\" width=\"300\" height=\"200\" srcset=\"https:\/\/urpspharma.re\/wp-content\/uploads\/2022\/06\/effects-ind\u00e9sirables-perte-cheveux-300x200.jpeg 300w, https:\/\/urpspharma.re\/wp-content\/uploads\/2022\/06\/effects-ind\u00e9sirables-perte-cheveux.jpeg 512w\" sizes=\"(max-width: 300px) 100vw, 300px\" \/><\/p>\n<h4><span style=\"color: #c7101f;\"><strong>5h &#8211; Anticanc\u00e9reux, lutter contre les effets ind\u00e9sirables<\/strong><\/span><\/h4>\n<p>Gr\u00e2ce \u00e0 cette formation DPC, vous allez&nbsp;<strong>am\u00e9liorer l&#8217;accompagnement des patients sous anticanc\u00e9reux, en luttant contre les effets ind\u00e9sirables les plus courants<\/strong>.<\/p>\n<p><a href=\"https:\/\/www.maformationofficinale.com\/dpc\/cancer-gestion-des-effets-indesirables-des-anticancereux-a-lofficine-faa2\" target=\"_blank\" rel=\"noopener noreferrer\">&gt;&gt; En savoir plus : Pr\u00e9sentation, objectifs, mise en pratique, sommaire<\/a><\/p>\n<p><img loading=\"lazy\" decoding=\"async\" class=\"aligncenter wp-image-5161 size-full\" src=\"https:\/\/urpspharma.re\/wp-content\/uploads\/2022\/06\/formation-presentielle.png\" alt=\"\" width=\"1008\" height=\"532\" srcset=\"https:\/\/urpspharma.re\/wp-content\/uploads\/2022\/06\/formation-presentielle.png 1008w, https:\/\/urpspharma.re\/wp-content\/uploads\/2022\/06\/formation-presentielle-300x158.png 300w, https:\/\/urpspharma.re\/wp-content\/uploads\/2022\/06\/formation-presentielle-768x405.png 768w\" sizes=\"(max-width: 1008px) 100vw, 1008px\" \/><\/p>\n<h2 class=\"null\">Objectif des connaissances<\/h2>\n<p><img loading=\"lazy\" decoding=\"async\" class=\"size-medium wp-image-5163 alignleft\" src=\"https:\/\/urpspharma.re\/wp-content\/uploads\/2022\/06\/prise-de-m\u00e9dicament-300x161.jpg\" alt=\"\" width=\"300\" height=\"161\" srcset=\"https:\/\/urpspharma.re\/wp-content\/uploads\/2022\/06\/prise-de-m\u00e9dicament-300x161.jpg 300w, https:\/\/urpspharma.re\/wp-content\/uploads\/2022\/06\/prise-de-m\u00e9dicament-768x412.jpg 768w, https:\/\/urpspharma.re\/wp-content\/uploads\/2022\/06\/prise-de-m\u00e9dicament.jpg 810w\" sizes=\"(max-width: 300px) 100vw, 300px\" \/><\/p>\n<p><strong>\u25baAvoir les connaissances suffisantes&nbsp;<\/strong>pour \u00eatre en mesure d&#8217;\u00e9changer avec le patient sur sa maladie, son parcours de soin<br \/>\n<strong>\u25baConna\u00eetre les moyens th\u00e9rapeutiques disponibles&nbsp;<\/strong>: principe \/ objectifs \/ risques<br \/>\n<strong>\u25baConna\u00eetre les caract\u00e9ristiques des principaux effets ind\u00e9sirables<\/strong>&nbsp;des anticanc\u00e9reux et les traitements recommand\u00e9s pour pr\u00e9venir et\/ou traiter ces effets ind\u00e9sirables<\/p>\n<h2 class=\"mc-toc-title\">Objectif des comp\u00e9tences<\/h2>\n<p><img loading=\"lazy\" decoding=\"async\" class=\"size-medium wp-image-5164 alignleft\" src=\"https:\/\/urpspharma.re\/wp-content\/uploads\/2022\/06\/chimiotherapie-orale-teaser-300x200.jpeg\" alt=\"\" width=\"300\" height=\"200\" srcset=\"https:\/\/urpspharma.re\/wp-content\/uploads\/2022\/06\/chimiotherapie-orale-teaser-300x200.jpeg 300w, https:\/\/urpspharma.re\/wp-content\/uploads\/2022\/06\/chimiotherapie-orale-teaser-768x512.jpeg 768w, https:\/\/urpspharma.re\/wp-content\/uploads\/2022\/06\/chimiotherapie-orale-teaser.jpeg 800w\" sizes=\"(max-width: 300px) 100vw, 300px\" \/><\/p>\n<p><strong>\u25baExpliquer<\/strong>&nbsp;aux patients le principe des diff\u00e9rents traitements (chirurgie, radioth\u00e9rapie, m\u00e9dicaments cytotoxiques, th\u00e9rapies cibl\u00e9es, hormonoth\u00e9rapie, immunoth\u00e9rapie) ainsi que les effets ind\u00e9sirables<br \/>\n<img loading=\"lazy\" decoding=\"async\" class=\"size-medium wp-image-5165 alignleft\" src=\"https:\/\/urpspharma.re\/wp-content\/uploads\/2022\/06\/formulaire-entretiens-300x192.png\" alt=\"\" width=\"300\" height=\"192\" srcset=\"https:\/\/urpspharma.re\/wp-content\/uploads\/2022\/06\/formulaire-entretiens-300x192.png 300w, https:\/\/urpspharma.re\/wp-content\/uploads\/2022\/06\/formulaire-entretiens-768x491.png 768w, https:\/\/urpspharma.re\/wp-content\/uploads\/2022\/06\/formulaire-entretiens.png 840w\" sizes=\"(max-width: 300px) 100vw, 300px\" \/><strong>\u25baAccompagner&nbsp;<\/strong>le patient atteint de cancer dans la gestion des effets ind\u00e9sirables de ses traitements anticanc\u00e9reux<br \/>\n<strong>\u25baAider<\/strong>&nbsp;le patient \u00e0 reconna\u00eetre les effets ind\u00e9sirables possibles de son traitement anticanc\u00e9reux<br \/>\n<strong>\u25baRecruter&nbsp;<\/strong>\u00e0 l\u2019officine des patients \u00e9ligibles aux entretiens, pr\u00e9parer l\u2019entretien, conduire l\u2019entretien et prendre contact \u00e9ventuellement avec le prescripteur ou le m\u00e9decin traitant du patient<\/p>\n<p><a href=\"https:\/\/www.maformationofficinale.com\/mixt\/chimiotherapies-orales-sexercer-a-mener-un-entretien-pharmaceutique-oaa2\" target=\"_blank\" rel=\"noopener noreferrer\">&gt;&gt; En savoir plus : Pr\u00e9sentation, objectifs, sommaire<\/a><\/p>\n<hr>\n<p>Lien(s) utile(s)ameli.fr<\/p>\n<p>\u25ba<a href=\"https:\/\/www.ameli.fr\/la-reunion\/pharmacien\/exercice-professionnel\/sante-prevention\/accompagnements\/accompagnement-pharmaceutique-patients-chroniques\/anticancereux-voie-orale\" target=\"_blank\" rel=\"noopener noreferrer\">Accompagnement pharmaceutique des patients sous anticanc\u00e9reux par voie orale<\/a><\/p>\n<p>\u25ba<a href=\"https:\/\/www.ameli.fr\/sites\/default\/files\/Documents\/718032\/document\/memo-pharmacien-facturation-accompagnement-anticancereux.pdf\" target=\"_blank\" rel=\"noopener noreferrer\">Aide \u00e0 la facturation<\/a><\/p>\n<p><img loading=\"lazy\" decoding=\"async\" class=\"aligncenter wp-image-5178 size-large\" src=\"https:\/\/urpspharma.re\/wp-content\/uploads\/2022\/06\/r\u00e9mun\u00e9ration-ameli-1024x465.png\" alt=\"\" width=\"1024\" height=\"465\" srcset=\"https:\/\/urpspharma.re\/wp-content\/uploads\/2022\/06\/r\u00e9mun\u00e9ration-ameli-1024x465.png 1024w, https:\/\/urpspharma.re\/wp-content\/uploads\/2022\/06\/r\u00e9mun\u00e9ration-ameli-300x136.png 300w, https:\/\/urpspharma.re\/wp-content\/uploads\/2022\/06\/r\u00e9mun\u00e9ration-ameli-768x349.png 768w, https:\/\/urpspharma.re\/wp-content\/uploads\/2022\/06\/r\u00e9mun\u00e9ration-ameli.png 1066w\" sizes=\"(max-width: 1024px) 100vw, 1024px\" \/><\/p>\n","protected":false},"excerpt":{"rendered":"<p>Le pharmacien&nbsp;acteur d\u00e9terminant au&nbsp;c\u00f4t\u00e9&nbsp;du patient canc\u00e9reux Du fait du d\u00e9veloppement rapide des chimioth\u00e9rapies anticanc\u00e9reuses orales, de la complexit\u00e9 d\u2019utilisation de ces m\u00e9dicaments et de leurs multiples effets ind\u00e9sirables (peu ou mal identifi\u00e9s au pr\u00e9alable et au long cours par les patients), le r\u00f4le du pharmacien officinal appara\u00eet d\u00e9terminant, aussi bien dans l\u2019analyse du traitement, dans&hellip;<\/p>\n","protected":false},"author":3,"featured_media":0,"comment_status":"open","ping_status":"open","sticky":false,"template":"","format":"standard","meta":{"footnotes":""},"categories":[541,182],"tags":[540,446],"amp_enabled":true,"_links":{"self":[{"href":"https:\/\/urpspharma.re\/index.php?rest_route=\/wp\/v2\/posts\/5157"}],"collection":[{"href":"https:\/\/urpspharma.re\/index.php?rest_route=\/wp\/v2\/posts"}],"about":[{"href":"https:\/\/urpspharma.re\/index.php?rest_route=\/wp\/v2\/types\/post"}],"author":[{"embeddable":true,"href":"https:\/\/urpspharma.re\/index.php?rest_route=\/wp\/v2\/users\/3"}],"replies":[{"embeddable":true,"href":"https:\/\/urpspharma.re\/index.php?rest_route=%2Fwp%2Fv2%2Fcomments&post=5157"}],"version-history":[{"count":6,"href":"https:\/\/urpspharma.re\/index.php?rest_route=\/wp\/v2\/posts\/5157\/revisions"}],"predecessor-version":[{"id":5218,"href":"https:\/\/urpspharma.re\/index.php?rest_route=\/wp\/v2\/posts\/5157\/revisions\/5218"}],"wp:attachment":[{"href":"https:\/\/urpspharma.re\/index.php?rest_route=%2Fwp%2Fv2%2Fmedia&parent=5157"}],"wp:term":[{"taxonomy":"category","embeddable":true,"href":"https:\/\/urpspharma.re\/index.php?rest_route=%2Fwp%2Fv2%2Fcategories&post=5157"},{"taxonomy":"post_tag","embeddable":true,"href":"https:\/\/urpspharma.re\/index.php?rest_route=%2Fwp%2Fv2%2Ftags&post=5157"}],"curies":[{"name":"wp","href":"https:\/\/api.w.org\/{rel}","templated":true}]}}