{"id":5171,"date":"2022-05-03T10:16:09","date_gmt":"2022-05-03T06:16:09","guid":{"rendered":"https:\/\/urpspharma.re\/?p=5171"},"modified":"2022-06-16T10:32:45","modified_gmt":"2022-06-16T06:32:45","slug":"covid-19-a-partir-de-60-ans-2eme-dose-de-rappel","status":"publish","type":"post","link":"https:\/\/urpspharma.re\/?p=5171","title":{"rendered":"Covid-19 : \u00e0 partir de 60 ans, 2\u00e8me dose de rappel"},"content":{"rendered":"<h2 style=\"text-align: center;\"><span style=\"color: #003366;\">2\u00e8me dose de rappel recommand\u00e9e pour vous prot\u00e9ger contre les formes graves<\/span><\/h2>\n<div><\/div>\n<div>Pour renforcer la protection du vaccin face au virus et diminuer les risques de d\u00e9velopper des formes graves de la maladie, une deuxi\u00e8me dose de rappel est recommand\u00e9e aux personnes de plus de 60 ans.<\/div>\n<div><\/div>\n<div><\/div>\n<div><img loading=\"lazy\" decoding=\"async\" class=\"size-medium wp-image-5172 aligncenter\" src=\"https:\/\/urpspharma.re\/wp-content\/uploads\/2022\/06\/ARS_2EME_DOSE_POST_LKD_600X315_030522_3-300x157.jpg\" alt=\"\" width=\"300\" height=\"157\" srcset=\"https:\/\/urpspharma.re\/wp-content\/uploads\/2022\/06\/ARS_2EME_DOSE_POST_LKD_600X315_030522_3-300x157.jpg 300w, https:\/\/urpspharma.re\/wp-content\/uploads\/2022\/06\/ARS_2EME_DOSE_POST_LKD_600X315_030522_3.jpg 404w\" sizes=\"(max-width: 300px) 100vw, 300px\" \/><\/div>\n<div>\n<p>Le Coronavirus circule toujours et la protection apport\u00e9e par le 1er rappel vaccinal diminue apr\u00e8s un certain temps. Une 2\u00e8me dose de rappel est donc recommand\u00e9e pour les plus de 60 ans pour renforcer leur protection contre les formes graves en r\u00e9duisant les hospitalisations et les d\u00e9c\u00e8s.<\/p>\n<h2><\/h2>\n<h2><span style=\"color: #003366;\"><strong>Qui est concern\u00e9?<\/strong><\/span><\/h2>\n<p><strong>\u2022 les personnes \u00e2g\u00e9es de 60 ans et plus<br \/>\n\u2022 les r\u00e9sidents en \u00e9tablissements d\u2019h\u00e9bergement pour personnes \u00e2g\u00e9es d\u00e9pendantes (EHPAD)<br \/>\n\u2022 les r\u00e9sidents en unit\u00e9s de soins de longue dur\u00e9e (USLD)<\/strong><br \/>\n<strong>\u2022 les personnes immunod\u00e9prim\u00e9es<\/strong><\/p>\n<p>Ces personnes fragiles sont \u00e9ligibles \u00e0 un deuxi\u00e8me rappel vaccinal (ou 4\u00e8me dose dans la plupart des cas).<\/p>\n<\/div>\n<div>\n<h2><span style=\"color: #003366;\"><strong>Quand faire le 2\u00e8me rappel?<\/strong><\/span><\/h2>\n<\/div>\n<div>\n<div>\n<p>Conform\u00e9ment \u00e0 l\u2019avis du Conseil d\u2019orientation de la strat\u00e9gie vaccinale du 18 f\u00e9vrier dernier, ce deuxi\u00e8me rappel peut \u00eatre r\u00e9alis\u00e9 :<\/p>\n<h4>\u00a0 \u00a0 \u00a0 \u00a0 \u2022\u00a0<strong>Pour les personnes de 60 \u00e0 79 ans :<\/strong><\/h4>\n<p><strong>\u00a0 \u00a0 \u00a0 \u00a0 \u00a0<\/strong>\u00e0 partir de 6 mois apr\u00e8s l\u2019injection du premier rappel ou apr\u00e8s l\u2019infection<\/p>\n<h4><strong>\u00a0 \u00a0 \u00a0 \u00a0 \u2022 Pour les personnes de plus de 80 ans, les r\u00e9sidents en EHPAD et en USLD et\u00a0les personnes immunod\u00e9prim\u00e9es\u00a0:<\/strong><\/h4>\n<p>\u00e0 partir de 3 mois apr\u00e8s l\u2019injection du premier rappel ou apr\u00e8s l\u2019infection<\/p>\n<h4><strong>\u00a0 \u00a0 \u00a0 \u00a0 \u2022 Pour les personnes infect\u00e9es par la Covid-19 apr\u00e8s le premier rappel :<\/strong><\/h4>\n<p>&#8211;\u00a0<strong>Si l\u2019infection est survenue\u00a0<u>plus de 3 mois\u00a0<\/u>apr\u00e8s le premier rappel<\/strong><strong>\u00a0<\/strong><strong>:<\/strong><\/p>\n<p>Un deuxi\u00e8me rappel n\u2019est pas n\u00e9cessaire.\u00a0En effet, la survenue d\u2019un \u00e9pisode infectieux provoque une\u00a0 \u00a0 \u00a0 \u00a0 \u00a0 \u00a0 \u00a0 \u00a0 \u00a0 \u00a0 \u00a0 \u00a0 \u00a0 \u00a0 r\u00e9ponse immunitaire au moins \u00e9quivalente \u00e0 celle d\u2019un rappel vaccinal.<\/p>\n<p>&#8211;\u00a0<strong>Si l\u2019infection est survenue\u00a0<u>moins de 3 mois<\/u>\u00a0apr\u00e8s le premier rappel<\/strong><strong>\u00a0<\/strong><strong>:<\/strong><\/p>\n<p>Un deuxi\u00e8me rappel est n\u00e9cessaire.<\/p>\n<\/div>\n<\/div>\n<h2><strong><span style=\"color: #003366;\">Comment b\u00e9n\u00e9ficier du 2\u00e8me rappel?<\/span><\/strong><\/h2>\n<p><span lang=\"FR-RE\" xml:lang=\"FR-RE\">La dose de deuxi\u00e8me rappel, comme la dose de rappel, s\u2019effectue uniquement avec un vaccin ARN Messager.\u00a0<\/span><\/p>\n<p><strong>Pour les r\u00e9sidents des EHPAD et des USLD<\/strong><\/p>\n<p>Le deuxi\u00e8me rappel vaccinal sera propos\u00e9 directement au sein de leurs \u00e9tablissements.<\/p>\n<p><strong>Pour les autres personnes \u00e2g\u00e9es de 60 ans et plus<\/strong><\/p>\n<p>Le deuxi\u00e8me rappel peut \u00eatre effectu\u00e9\u00a0aupr\u00e8s de :<br \/>\n\u2022 son m\u00e9decin,<br \/>\n\u2022 son infirmier<br \/>\n\u2022 ou son pharmacien<\/p>\n","protected":false},"excerpt":{"rendered":"<p>2\u00e8me dose de rappel recommand\u00e9e pour vous prot\u00e9ger contre les formes graves Pour renforcer la protection du vaccin face au virus et diminuer les risques de d\u00e9velopper des formes graves de la maladie, une deuxi\u00e8me dose de rappel est recommand\u00e9e aux personnes de plus de 60 ans. Le Coronavirus circule toujours et la protection apport\u00e9e&hellip;<\/p>\n","protected":false},"author":3,"featured_media":0,"comment_status":"open","ping_status":"open","sticky":false,"template":"","format":"standard","meta":{"footnotes":""},"categories":[183],"tags":[418,542,68],"amp_enabled":true,"_links":{"self":[{"href":"https:\/\/urpspharma.re\/index.php?rest_route=\/wp\/v2\/posts\/5171"}],"collection":[{"href":"https:\/\/urpspharma.re\/index.php?rest_route=\/wp\/v2\/posts"}],"about":[{"href":"https:\/\/urpspharma.re\/index.php?rest_route=\/wp\/v2\/types\/post"}],"author":[{"embeddable":true,"href":"https:\/\/urpspharma.re\/index.php?rest_route=\/wp\/v2\/users\/3"}],"replies":[{"embeddable":true,"href":"https:\/\/urpspharma.re\/index.php?rest_route=%2Fwp%2Fv2%2Fcomments&post=5171"}],"version-history":[{"count":4,"href":"https:\/\/urpspharma.re\/index.php?rest_route=\/wp\/v2\/posts\/5171\/revisions"}],"predecessor-version":[{"id":5176,"href":"https:\/\/urpspharma.re\/index.php?rest_route=\/wp\/v2\/posts\/5171\/revisions\/5176"}],"wp:attachment":[{"href":"https:\/\/urpspharma.re\/index.php?rest_route=%2Fwp%2Fv2%2Fmedia&parent=5171"}],"wp:term":[{"taxonomy":"category","embeddable":true,"href":"https:\/\/urpspharma.re\/index.php?rest_route=%2Fwp%2Fv2%2Fcategories&post=5171"},{"taxonomy":"post_tag","embeddable":true,"href":"https:\/\/urpspharma.re\/index.php?rest_route=%2Fwp%2Fv2%2Ftags&post=5171"}],"curies":[{"name":"wp","href":"https:\/\/api.w.org\/{rel}","templated":true}]}}