{"id":5197,"date":"2022-04-29T15:09:27","date_gmt":"2022-04-29T11:09:27","guid":{"rendered":"https:\/\/urpspharma.re\/?p=5197"},"modified":"2022-06-16T15:29:33","modified_gmt":"2022-06-16T11:29:33","slug":"segur-de-la-sante-deploiement-du-volet-numerique-pour-les-officines-de-ville","status":"publish","type":"post","link":"https:\/\/urpspharma.re\/?p=5197","title":{"rendered":"S\u00e9gur de la sant\u00e9 : D\u00e9ploiement du volet num\u00e9rique pour les officines de ville!"},"content":{"rendered":"<h2 class=\"null\" style=\"text-align: center;\"><span style=\"color: #003366;\">Vous avez jusqu\u2019au 18 d\u00e9cembre 2022 pour faire financer votre mise \u00e0 jour SEGUR <\/span><span style=\"color: #003366;\">par l\u2019\u00e9tat.<\/span><br \/><span style=\"color: #003366;\">Rapprochez-vous rapidement de votre \u00e9diteur.\u00a0<\/span><\/h2>\n<h2><img loading=\"lazy\" decoding=\"async\" class=\"aligncenter wp-image-5205 \" src=\"https:\/\/urpspharma.re\/wp-content\/uploads\/2022\/06\/page-accueil3-s\u00e9gur-la-r\u00e9union-1024x567.png\" alt=\"\" width=\"553\" height=\"306\" srcset=\"https:\/\/urpspharma.re\/wp-content\/uploads\/2022\/06\/page-accueil3-s\u00e9gur-la-r\u00e9union-1024x567.png 1024w, https:\/\/urpspharma.re\/wp-content\/uploads\/2022\/06\/page-accueil3-s\u00e9gur-la-r\u00e9union-300x166.png 300w, https:\/\/urpspharma.re\/wp-content\/uploads\/2022\/06\/page-accueil3-s\u00e9gur-la-r\u00e9union-768x425.png 768w, https:\/\/urpspharma.re\/wp-content\/uploads\/2022\/06\/page-accueil3-s\u00e9gur-la-r\u00e9union.png 1052w\" sizes=\"(max-width: 553px) 100vw, 553px\" \/><\/h2>\n<h2><span style=\"color: #003366;\"><strong>Objectif du volet num\u00e9rique<\/strong><\/span><\/h2>\n<p><img loading=\"lazy\" decoding=\"async\" class=\"aligncenter wp-image-5200 \" src=\"https:\/\/urpspharma.re\/wp-content\/uploads\/2022\/06\/objetifs-s\u00e9gur-la-r\u00e9union-1024x421.png\" alt=\"\" width=\"553\" height=\"227\" srcset=\"https:\/\/urpspharma.re\/wp-content\/uploads\/2022\/06\/objetifs-s\u00e9gur-la-r\u00e9union-1024x421.png 1024w, https:\/\/urpspharma.re\/wp-content\/uploads\/2022\/06\/objetifs-s\u00e9gur-la-r\u00e9union-300x123.png 300w, https:\/\/urpspharma.re\/wp-content\/uploads\/2022\/06\/objetifs-s\u00e9gur-la-r\u00e9union-768x316.png 768w, https:\/\/urpspharma.re\/wp-content\/uploads\/2022\/06\/objetifs-s\u00e9gur-la-r\u00e9union.png 1128w\" sizes=\"(max-width: 553px) 100vw, 553px\" \/><\/p>\n<p>Le volet num\u00e9rique du S\u00e9gur de la Sant\u00e9 pr\u00e9voit un soutien in\u00e9dit au d\u00e9veloppement massif et coh\u00e9rent du num\u00e9rique en sant\u00e9.<br \/>Il a pour objectifs de g\u00e9n\u00e9raliser le\u00a0<strong>partage fluide et s\u00e9curis\u00e9<\/strong>\u00a0de\u00a0<strong>donn\u00e9es de sant\u00e9 entre professionnels de sant\u00e9 et\u00a0l\u2019usager<\/strong>\u00a0pour mieux pr\u00e9venir et mieux soigner.<\/p>\n<p>Ce volet se base sur un investissement national de 2 Mrds \u20ac : 1,4 Mrds \u20ac : partage des donn\u00e9es de sant\u00e9 (sur 3 ans)\u200b et 600 M\u20ac : secteur m\u00e9dico-social (sur 5 ans) .<br \/><strong><a href=\"https:\/\/esante.gouv.fr\/sites\/default\/files\/media_entity\/documents\/FICHE-PRATIQUE-SEGUR-NUMERIQUE-OFFICINE.pdf\" target=\"_blank\" rel=\"noopener noreferrer\">\u25baFiche pratique : S\u00e9gur num\u00e9rique en officine<\/a><\/strong><\/p>\n<h2><span style=\"color: #003366;\"><strong>Coordination, partage et \u00e9changes<\/strong><\/span><\/h2>\n<p>Afin d\u2019assurer coordination, partage et\u00a0\u00e9changes, l\u2019am\u00e9lioration du parcours de soins\u200b est bas\u00e9e sur un ensemble de r\u00e9f\u00e9rentiels et de services socles.<\/p>\n<p><img loading=\"lazy\" decoding=\"async\" class=\"aligncenter wp-image-5201 size-full\" src=\"https:\/\/urpspharma.re\/wp-content\/uploads\/2022\/06\/R\u00e9f\u00e9rentiels-et-services-socle.png\" alt=\"\" width=\"543\" height=\"187\" srcset=\"https:\/\/urpspharma.re\/wp-content\/uploads\/2022\/06\/R\u00e9f\u00e9rentiels-et-services-socle.png 543w, https:\/\/urpspharma.re\/wp-content\/uploads\/2022\/06\/R\u00e9f\u00e9rentiels-et-services-socle-300x103.png 300w\" sizes=\"(max-width: 543px) 100vw, 543px\" \/><\/p>\n<div>\n<h2 class=\"null\"><span style=\"color: #003366;\"><strong>Logiciel de gestion d\u2019officine r\u00e9f\u00e9renc\u00e9 S\u00e9gur num\u00e9rique<\/strong><\/span><\/h2>\n<p>Pour \u00eatre \u00e9quip\u00e9 d\u2019un logiciel de gestion d\u2019officine r\u00e9f\u00e9renc\u00e9 sur le S\u00e9gur num\u00e9rique :\u00a0<\/p>\n<h3 style=\"text-align: center;\"><br \/><strong>\u00a0 \u00a0 \u00a0 \u00a0 \u00a0 \u00a0 \u00a0<span style=\"color: #003366;\"> \u00a0 \u00a0Rapprochez-vous d&#8217;or et d\u00e9j\u00e0 de votre \u00e9diteur pour savoir\u00a0<\/span><\/strong><\/h3>\n<p><br \/><strong>\u25baSi leur solution sera bien r\u00e9f\u00e9renc\u00e9e S\u00e9gur;<br \/>\u25baQuand elle sera r\u00e9f\u00e9renc\u00e9e S\u00e9gur;<br \/>\u25baComment vous pouvez la planifier ensemble (bon de commande \u00e0 valider avec votre \u00e9diteur)<\/strong><\/p>\n<\/div>\n<p><img loading=\"lazy\" decoding=\"async\" class=\"aligncenter wp-image-5198\" src=\"https:\/\/urpspharma.re\/wp-content\/uploads\/2022\/06\/BDC-DATELINE-SEGUR-DE-LA-SANTE-1024x189.png\" alt=\"\" width=\"537\" height=\"99\" srcset=\"https:\/\/urpspharma.re\/wp-content\/uploads\/2022\/06\/BDC-DATELINE-SEGUR-DE-LA-SANTE-1024x189.png 1024w, https:\/\/urpspharma.re\/wp-content\/uploads\/2022\/06\/BDC-DATELINE-SEGUR-DE-LA-SANTE-300x55.png 300w, https:\/\/urpspharma.re\/wp-content\/uploads\/2022\/06\/BDC-DATELINE-SEGUR-DE-LA-SANTE-768x141.png 768w, https:\/\/urpspharma.re\/wp-content\/uploads\/2022\/06\/BDC-DATELINE-SEGUR-DE-LA-SANTE.png 1043w\" sizes=\"(max-width: 537px) 100vw, 537px\" \/><img loading=\"lazy\" decoding=\"async\" class=\"aligncenter wp-image-5199\" src=\"https:\/\/urpspharma.re\/wp-content\/uploads\/2022\/06\/VERIFICATION-APTITUDE_VA_-DATELINE-SEGUR-DE-LA-SANTE-1024x185.png\" alt=\"\" width=\"537\" height=\"97\" srcset=\"https:\/\/urpspharma.re\/wp-content\/uploads\/2022\/06\/VERIFICATION-APTITUDE_VA_-DATELINE-SEGUR-DE-LA-SANTE-1024x185.png 1024w, https:\/\/urpspharma.re\/wp-content\/uploads\/2022\/06\/VERIFICATION-APTITUDE_VA_-DATELINE-SEGUR-DE-LA-SANTE-300x54.png 300w, https:\/\/urpspharma.re\/wp-content\/uploads\/2022\/06\/VERIFICATION-APTITUDE_VA_-DATELINE-SEGUR-DE-LA-SANTE-768x139.png 768w, https:\/\/urpspharma.re\/wp-content\/uploads\/2022\/06\/VERIFICATION-APTITUDE_VA_-DATELINE-SEGUR-DE-LA-SANTE.png 1039w\" sizes=\"(max-width: 537px) 100vw, 537px\" \/><\/p>\n<p><img loading=\"lazy\" decoding=\"async\" class=\"wp-image-5202 size-medium alignleft\" src=\"https:\/\/urpspharma.re\/wp-content\/uploads\/2022\/06\/segur-financ\u00e9-par-UE-300x117.png\" alt=\"\" width=\"300\" height=\"117\" srcset=\"https:\/\/urpspharma.re\/wp-content\/uploads\/2022\/06\/segur-financ\u00e9-par-UE-300x117.png 300w, https:\/\/urpspharma.re\/wp-content\/uploads\/2022\/06\/segur-financ\u00e9-par-UE-768x299.png 768w, https:\/\/urpspharma.re\/wp-content\/uploads\/2022\/06\/segur-financ\u00e9-par-UE-1024x399.png 1024w, https:\/\/urpspharma.re\/wp-content\/uploads\/2022\/06\/segur-financ\u00e9-par-UE.png 1113w\" sizes=\"(max-width: 300px) 100vw, 300px\" \/><\/p>\n<p class=\"null\" style=\"text-align: left;\">Officine, en savoir plus sur le S\u00e9gur du num\u00e9rique en sant\u00e9<\/p>\n<p style=\"text-align: left;\"><a href=\"https:\/\/esante.gouv.fr\/segur\/officine\" target=\"_blank\" rel=\"noopener noreferrer\">\u25baLe S\u00e9gur du Num\u00e9rique en Sant\u00e9 pour les officines de ville<\/a><\/p>\n<div>\u00a0<\/div>\n<div>\u00a0<\/div>\n<div><img loading=\"lazy\" decoding=\"async\" class=\"size-medium wp-image-5204 alignright\" src=\"https:\/\/urpspharma.re\/wp-content\/uploads\/2022\/06\/agence-num\u00e9rique-300x128.png\" alt=\"\" width=\"300\" height=\"128\" srcset=\"https:\/\/urpspharma.re\/wp-content\/uploads\/2022\/06\/agence-num\u00e9rique-300x128.png 300w, https:\/\/urpspharma.re\/wp-content\/uploads\/2022\/06\/agence-num\u00e9rique.png 621w\" sizes=\"(max-width: 300px) 100vw, 300px\" \/><\/div>\n<div style=\"text-align: right;\"><strong style=\"font-size: inherit;\">Qu&#8217;est-ce que le volet num\u00e9rique<\/strong><\/div>\n<div>\n<p style=\"text-align: right;\"><a href=\"https:\/\/esante.gouv.fr\/segur\" target=\"_blank\" rel=\"noopener noreferrer\">\u25baRetrouvez toutes les informations<\/a><\/p>\n<\/div>\n\n\n<p><\/p>\n\n\n\n<p><\/p>\n","protected":false},"excerpt":{"rendered":"<p>Vous avez jusqu\u2019au 18 d\u00e9cembre 2022 pour faire financer votre mise \u00e0 jour SEGUR par l\u2019\u00e9tat.Rapprochez-vous rapidement de votre \u00e9diteur.\u00a0 Objectif du volet num\u00e9rique Le volet num\u00e9rique du S\u00e9gur de la Sant\u00e9 pr\u00e9voit un soutien in\u00e9dit au d\u00e9veloppement massif et coh\u00e9rent du num\u00e9rique en sant\u00e9.Il a pour objectifs de g\u00e9n\u00e9raliser le\u00a0partage fluide et s\u00e9curis\u00e9\u00a0de\u00a0donn\u00e9es de&hellip;<\/p>\n","protected":false},"author":3,"featured_media":0,"comment_status":"open","ping_status":"open","sticky":false,"template":"","format":"standard","meta":{"footnotes":""},"categories":[182],"tags":[545,548,547,544,546],"amp_enabled":true,"_links":{"self":[{"href":"https:\/\/urpspharma.re\/index.php?rest_route=\/wp\/v2\/posts\/5197"}],"collection":[{"href":"https:\/\/urpspharma.re\/index.php?rest_route=\/wp\/v2\/posts"}],"about":[{"href":"https:\/\/urpspharma.re\/index.php?rest_route=\/wp\/v2\/types\/post"}],"author":[{"embeddable":true,"href":"https:\/\/urpspharma.re\/index.php?rest_route=\/wp\/v2\/users\/3"}],"replies":[{"embeddable":true,"href":"https:\/\/urpspharma.re\/index.php?rest_route=%2Fwp%2Fv2%2Fcomments&post=5197"}],"version-history":[{"count":2,"href":"https:\/\/urpspharma.re\/index.php?rest_route=\/wp\/v2\/posts\/5197\/revisions"}],"predecessor-version":[{"id":5207,"href":"https:\/\/urpspharma.re\/index.php?rest_route=\/wp\/v2\/posts\/5197\/revisions\/5207"}],"wp:attachment":[{"href":"https:\/\/urpspharma.re\/index.php?rest_route=%2Fwp%2Fv2%2Fmedia&parent=5197"}],"wp:term":[{"taxonomy":"category","embeddable":true,"href":"https:\/\/urpspharma.re\/index.php?rest_route=%2Fwp%2Fv2%2Fcategories&post=5197"},{"taxonomy":"post_tag","embeddable":true,"href":"https:\/\/urpspharma.re\/index.php?rest_route=%2Fwp%2Fv2%2Ftags&post=5197"}],"curies":[{"name":"wp","href":"https:\/\/api.w.org\/{rel}","templated":true}]}}