{"id":5236,"date":"2022-07-01T15:21:14","date_gmt":"2022-07-01T11:21:14","guid":{"rendered":"https:\/\/urpspharma.re\/?p=5236"},"modified":"2023-06-06T15:53:47","modified_gmt":"2023-06-06T11:53:47","slug":"vaccin-comirnaty-de-pfizer-extension-de-la-duree-de-conservation","status":"publish","type":"post","link":"https:\/\/urpspharma.re\/?p=5236","title":{"rendered":"Vaccin COMIRNATY de Pfizer &#8211; Extension de la dur\u00e9e de conservation!"},"content":{"rendered":"<h2 class=\"null\" style=\"text-align: center;\"><span style=\"color: #003366;\">Dur\u00e9e de conservation du vaccin Communaut\u00e9 \u00e9tendue \u00e0 12 mois<\/span><\/h2>\n<div><\/div>\n<div>l&#8217;Agence europ\u00e9enne des m\u00e9dicaments (EMA) a approuv\u00e9 le 4 avril 2022, une<br \/>\nnouvelle prolongation de la dur\u00e9e de conservation des flacons du vaccin Pfizer-BioNTech Comirnaty\u00ae d&#8217;une dur\u00e9e de 3 mois, si ceux-ci avaient \u00e9t\u00e9 conserv\u00e9s \u00e0 une temp\u00e9rature comprise entre \u2013 60\u00b0C et \u201390\u00b0C \u00e0 l&#8217;abri de la lumi\u00e8re.<br \/>\nLa dur\u00e9e de conservation initiale de ces flacons \u00e0 ces temp\u00e9ratures, ant\u00e9rieurement de 9 mois est donc\u00a0<strong>\u00e9tendue \u00e0 12 mois<\/strong>\u00a0.<\/div>\n<div><\/div>\n<div>\n<p>Certains lots de vaccin Pfizer se voient donc certifi\u00e9s d&#8217;une extension de la conservation :<\/p>\n<ul>\n<li>entre d\u00e9cembre 2021 et mars 2022 utilisation pendant\u00a0<strong>6 mois suppl\u00e9mentaires<\/strong><\/li>\n<li>entre avril 2022 et d\u00e9cembre 2022 utilisation pendant\u00a0<strong>3 mois suppl\u00e9mentaires<\/strong><\/li>\n<\/ul>\n<h2 class=\"null\"><span style=\"color: #003366;\">Tableau des prolongations des dates de p\u00e9remption<\/span><\/h2>\n<p><img loading=\"lazy\" decoding=\"async\" class=\"aligncenter wp-image-5238 size-full\" src=\"https:\/\/urpspharma.re\/wp-content\/uploads\/2022\/07\/tableau-des-dates-des-prolongations.png\" alt=\"\" width=\"958\" height=\"411\" srcset=\"https:\/\/urpspharma.re\/wp-content\/uploads\/2022\/07\/tableau-des-dates-des-prolongations.png 958w, https:\/\/urpspharma.re\/wp-content\/uploads\/2022\/07\/tableau-des-dates-des-prolongations-300x129.png 300w, https:\/\/urpspharma.re\/wp-content\/uploads\/2022\/07\/tableau-des-dates-des-prolongations-768x329.png 768w\" sizes=\"(max-width: 958px) 100vw, 958px\" \/><\/p>\n<\/div>\n<div>\n<h2 class=\"null\"><span style=\"color: #003366;\">Liste des lots et dates de p\u00e9remption<\/span><\/h2>\n<\/div>\n<p>Nouvelles dates de p\u00e9remption : du 30 juin 2022 au 30 novembre 2022<\/p>\n<p><a href=\"https:\/\/drive.google.com\/file\/d\/1xfaTN9VRd9xiGdJ2p_l3eObTSnN7Xh8H\/view\" target=\"_blank\" rel=\"noopener noreferrer\"><img loading=\"lazy\" decoding=\"async\" class=\"aligncenter wp-image-5239 size-full\" src=\"https:\/\/urpspharma.re\/wp-content\/uploads\/2022\/07\/COURRIER-SANTE-PUBLIQUE-FRANCE.png\" alt=\"\" width=\"847\" height=\"88\" srcset=\"https:\/\/urpspharma.re\/wp-content\/uploads\/2022\/07\/COURRIER-SANTE-PUBLIQUE-FRANCE.png 847w, https:\/\/urpspharma.re\/wp-content\/uploads\/2022\/07\/COURRIER-SANTE-PUBLIQUE-FRANCE-300x31.png 300w, https:\/\/urpspharma.re\/wp-content\/uploads\/2022\/07\/COURRIER-SANTE-PUBLIQUE-FRANCE-768x80.png 768w\" sizes=\"(max-width: 847px) 100vw, 847px\" \/><\/a><\/p>\n<p>Liens utiles<\/p>\n<ul>\n<li><span style=\"color: #99cc00;\"><a style=\"color: #99cc00;\" href=\"https:\/\/solidarites-sante.gouv.fr\/IMG\/pdf\/portfolio_vaccination_anticovid_professionnels_de_sante.pdf\" target=\"_blank\" rel=\"noopener noreferrer\">portefolio &#8220;vaccination anti-covid&#8221;<\/a><\/span>\u00a0\u00e0 destination des professionnels de sant\u00e9 (avril 2022)<\/li>\n<\/ul>\n","protected":false},"excerpt":{"rendered":"<p>Dur\u00e9e de conservation du vaccin Communaut\u00e9 \u00e9tendue \u00e0 12 mois l&#8217;Agence europ\u00e9enne des m\u00e9dicaments (EMA) a approuv\u00e9 le 4 avril 2022, une nouvelle prolongation de la dur\u00e9e de conservation des flacons du vaccin Pfizer-BioNTech Comirnaty\u00ae d&#8217;une dur\u00e9e de 3 mois, si ceux-ci avaient \u00e9t\u00e9 conserv\u00e9s \u00e0 une temp\u00e9rature comprise entre \u2013 60\u00b0C et \u201390\u00b0C \u00e0&hellip;<\/p>\n","protected":false},"author":3,"featured_media":0,"comment_status":"open","ping_status":"open","sticky":false,"template":"","format":"standard","meta":{"footnotes":""},"categories":[182],"tags":[464,418,549,465,68],"amp_enabled":true,"_links":{"self":[{"href":"https:\/\/urpspharma.re\/index.php?rest_route=\/wp\/v2\/posts\/5236"}],"collection":[{"href":"https:\/\/urpspharma.re\/index.php?rest_route=\/wp\/v2\/posts"}],"about":[{"href":"https:\/\/urpspharma.re\/index.php?rest_route=\/wp\/v2\/types\/post"}],"author":[{"embeddable":true,"href":"https:\/\/urpspharma.re\/index.php?rest_route=\/wp\/v2\/users\/3"}],"replies":[{"embeddable":true,"href":"https:\/\/urpspharma.re\/index.php?rest_route=%2Fwp%2Fv2%2Fcomments&post=5236"}],"version-history":[{"count":2,"href":"https:\/\/urpspharma.re\/index.php?rest_route=\/wp\/v2\/posts\/5236\/revisions"}],"predecessor-version":[{"id":5696,"href":"https:\/\/urpspharma.re\/index.php?rest_route=\/wp\/v2\/posts\/5236\/revisions\/5696"}],"wp:attachment":[{"href":"https:\/\/urpspharma.re\/index.php?rest_route=%2Fwp%2Fv2%2Fmedia&parent=5236"}],"wp:term":[{"taxonomy":"category","embeddable":true,"href":"https:\/\/urpspharma.re\/index.php?rest_route=%2Fwp%2Fv2%2Fcategories&post=5236"},{"taxonomy":"post_tag","embeddable":true,"href":"https:\/\/urpspharma.re\/index.php?rest_route=%2Fwp%2Fv2%2Ftags&post=5236"}],"curies":[{"name":"wp","href":"https:\/\/api.w.org\/{rel}","templated":true}]}}