{"id":524,"date":"2016-04-18T11:36:50","date_gmt":"2016-04-18T07:36:50","guid":{"rendered":"http:\/\/urpspharma.re\/?p=524"},"modified":"2017-09-15T13:46:40","modified_gmt":"2017-09-15T09:46:40","slug":"grippe-patients-et-professionnels-de-sante-invites-a-se-faire-vacciner","status":"publish","type":"post","link":"https:\/\/urpspharma.re\/?p=524","title":{"rendered":"GRIPPE : Patients et professionnels de sant\u00e9 invit\u00e9s \u00e0 se faire vacciner"},"content":{"rendered":"<p><span style=\"font-weight: 400;\">Les vaccins sont disponibles en pharmacie depuis le\u00a0<\/span><b>13 avril <\/b>pour une campagne 2016 qui s&#8217;\u00e9tendra \u00e0 nouveau jusqu&#8217;au 31 ao\u00fbt.\u00a0<span style=\"font-weight: 400;\">Les\u00a0bons\u00a0de prise en charge de la vaccination ont commenc\u00e9 \u00e0 \u00eatre\u00a0adress\u00e9s par l\u2019Assurance Maladie depuis le 4 avril.<\/span><\/p>\n<p><b>Modalit\u00e9s pratiques pour rappel :<\/b><\/p>\n<p>En cas de non r\u00e9ception\u00a0de l\u2019imprim\u00e9 de prise en charge par \u00a0un patient concern\u00e9, \u00a0ce dernier pourra appeler la\u00a0Plateforme CGSS au 0811.300.974, ou le RSI\u00a0au 02 62 92 42 18 d\u00e8s le 20 avril pour r\u00e9cup\u00e9rer ce document.\u00a0Les patients \u00e9ligibles peuvent \u00e9galement demander \u00e0 leur m\u00e9decin traitant d&#8217;imprimer un bon de prise en charge sur leur espace-pro Ameli.<\/p>\n<p style=\"text-align: left;\"><strong>La campagne est lanc\u00e9e<\/strong> dans la presse , vous pourrez retrouver le communiqu\u00e9 de l\u2019ARS qui rappelle les populations concern\u00e9es par la prise en charge \u00e0 100%\u00a0en <a href=\"https:\/\/drive.google.com\/open?id=0B6INdQizpimkNGluUEw3QVN1THZtbjVVTjlrZlZRTWpNbVl3\" target=\"_blank\">cliquant ici<\/a><\/p>\n<p>&nbsp;<\/p>\n<p style=\"text-align: left;\"><a href=\"http:\/\/urpspharma.re\/wp-content\/uploads\/2016\/04\/Sans-titre.png\" rel=\"attachment wp-att-525\"><img loading=\"lazy\" decoding=\"async\" class=\"wp-image-525 aligncenter\" src=\"http:\/\/urpspharma.re\/wp-content\/uploads\/2016\/04\/Sans-titre-300x249.png\" alt=\"Sans titre\" width=\"250\" height=\"208\" \/><\/a><\/p>\n<p>&nbsp;<\/p>\n<p>&nbsp;<\/p>\n<p>&nbsp;<\/p>\n","protected":false},"excerpt":{"rendered":"<p>Les vaccins sont disponibles en pharmacie depuis le\u00a013 avril pour une campagne 2016 qui s&#8217;\u00e9tendra \u00e0 nouveau jusqu&#8217;au 31 ao\u00fbt.\u00a0Les\u00a0bons\u00a0de prise en charge de la vaccination ont commenc\u00e9 \u00e0 \u00eatre\u00a0adress\u00e9s par l\u2019Assurance Maladie depuis le 4 avril. Modalit\u00e9s pratiques pour rappel : En cas de non r\u00e9ception\u00a0de l\u2019imprim\u00e9 de prise en charge par \u00a0un patient&hellip;<\/p>\n","protected":false},"author":3,"featured_media":0,"comment_status":"open","ping_status":"open","sticky":false,"template":"","format":"standard","meta":{"footnotes":""},"categories":[182],"tags":[80,79,68],"amp_enabled":true,"_links":{"self":[{"href":"https:\/\/urpspharma.re\/index.php?rest_route=\/wp\/v2\/posts\/524"}],"collection":[{"href":"https:\/\/urpspharma.re\/index.php?rest_route=\/wp\/v2\/posts"}],"about":[{"href":"https:\/\/urpspharma.re\/index.php?rest_route=\/wp\/v2\/types\/post"}],"author":[{"embeddable":true,"href":"https:\/\/urpspharma.re\/index.php?rest_route=\/wp\/v2\/users\/3"}],"replies":[{"embeddable":true,"href":"https:\/\/urpspharma.re\/index.php?rest_route=%2Fwp%2Fv2%2Fcomments&post=524"}],"version-history":[{"count":8,"href":"https:\/\/urpspharma.re\/index.php?rest_route=\/wp\/v2\/posts\/524\/revisions"}],"predecessor-version":[{"id":535,"href":"https:\/\/urpspharma.re\/index.php?rest_route=\/wp\/v2\/posts\/524\/revisions\/535"}],"wp:attachment":[{"href":"https:\/\/urpspharma.re\/index.php?rest_route=%2Fwp%2Fv2%2Fmedia&parent=524"}],"wp:term":[{"taxonomy":"category","embeddable":true,"href":"https:\/\/urpspharma.re\/index.php?rest_route=%2Fwp%2Fv2%2Fcategories&post=524"},{"taxonomy":"post_tag","embeddable":true,"href":"https:\/\/urpspharma.re\/index.php?rest_route=%2Fwp%2Fv2%2Ftags&post=524"}],"curies":[{"name":"wp","href":"https:\/\/api.w.org\/{rel}","templated":true}]}}