{"id":5242,"date":"2022-07-07T17:30:20","date_gmt":"2022-07-07T13:30:20","guid":{"rendered":"https:\/\/urpspharma.re\/?p=5242"},"modified":"2022-07-07T17:30:22","modified_gmt":"2022-07-07T13:30:22","slug":"covid-19-vaccination-personnes-a-risque-de-forme-grave","status":"publish","type":"post","link":"https:\/\/urpspharma.re\/?p=5242","title":{"rendered":"Covid-19 : Vaccination &#8211; Personnes \u00e0 risque de forme grave"},"content":{"rendered":"<h2 style=\"text-align: center;\"><span style=\"color: #003366;\">Vous \u00eates en situation d\u2019ob\u00e9sit\u00e9, diab\u00e9tique, ou avez un autre facteur de risque de faire une forme grave de Covid-19 : <\/span><\/h2>\n<h2 style=\"text-align: center;\"><span style=\"color: #003366;\">Prot\u00e9gez-vous, Vaccinez-vous !<\/span><\/h2>\n<div><\/div>\n<div>Pour renforcer la protection du vaccin face au virus et diminuer les risques de d\u00e9velopper des formes graves de la maladie, une deuxi\u00e8me dose de rappel est recommand\u00e9e aux personnes de plus de 60 ans.<\/div>\n<div><\/div>\n<div><\/div>\n<div><img loading=\"lazy\" decoding=\"async\" class=\"alignleft wp-image-5243 \" src=\"https:\/\/urpspharma.re\/wp-content\/uploads\/2022\/07\/affiche-vaccination-comorbidit\u00e9s-213x300.png\" alt=\"\" width=\"315\" height=\"444\" srcset=\"https:\/\/urpspharma.re\/wp-content\/uploads\/2022\/07\/affiche-vaccination-comorbidit\u00e9s-213x300.png 213w, https:\/\/urpspharma.re\/wp-content\/uploads\/2022\/07\/affiche-vaccination-comorbidit\u00e9s.png 554w\" sizes=\"(max-width: 315px) 100vw, 315px\" \/><\/div>\n<div><\/div>\n<div><span style=\"font-size: inherit;\">Les personnes pr\u00e9sentant des facteurs de fragilit\u00e9 peuvent d\u00e9velopper une forme grave de la maladie. La vaccination permet de limiter les formes graves de la maladie pouvant entrainer des hospitalisations ou d\u00e9c\u00e8s..<\/span><\/div>\n<div><\/div>\n<div><span style=\"font-size: inherit;\">Aussi, l\u2019ARS La R\u00e9union, l\u2019Assurance Maladie R\u00e9union, les unions r\u00e9gionales de professionnels de sant\u00e9 M\u00e9decins, Infirmiers et Pharmaciens souhaitent sensibiliser les personnes concern\u00e9es et les encourager \u00e0 se faire vacciner.<\/span><\/div>\n<div><\/div>\n<div><\/div>\n<div><\/div>\n<div>\n<h2><\/h2>\n<h2><span style=\"color: #003366;\"><strong>Qui est concern\u00e9?<\/strong><\/span><\/h2>\n<p>Les personnes atteintes des pathologies suivantes sont plus \u00e0 risque de d\u00e9velopper une forme grave de Covid-19\u00a0:<\/p>\n<ul>\n<li><strong>L\u2019ob\u00e9sit\u00e9 (IMC &gt;30) en particulier chez les plus jeunes,<\/strong><\/li>\n<li><strong>La broncho-pneumopathie chronique obstructive (BPCO) et l\u2019insuffisance respiratoire,<\/strong><\/li>\n<li><strong>Le diab\u00e8te de type 1 et 2,<\/strong><\/li>\n<li><strong>L\u2019hypertension art\u00e9rielle,<\/strong><\/li>\n<li><strong>L\u2019insuffisance cardiaque,<\/strong><\/li>\n<li><strong>L\u2019insuffisance r\u00e9nale chronique, les patients dialys\u00e9s,<\/strong><\/li>\n<li><strong>Cancer<\/strong><\/li>\n<li><strong>\u2026<\/strong><\/li>\n<\/ul>\n<\/div>\n<div>\n<h2><span style=\"color: #003366;\"><strong>Ou et comment se faire vacciner?<\/strong><\/span><\/h2>\n<\/div>\n<div>\n<div>\n<p>La vaccination s\u2019effectue avec le vaccin Pfizer-BioNTech ou le vaccin Novavax.<\/p>\n<p>Pour se faire vacciner, les personnes concern\u00e9es peuvent\u00a0:<\/p>\n<ul>\n<li><strong>prendre rendez-vous aupr\u00e8s de leur m\u00e9decin, pharmacien ou infirmier<\/strong><\/li>\n<li><strong>se rendre sur le site\u00a0<a class=\"link-ext-icon\" href=\"http:\/\/www.sante.fr\/\" target=\"_blank\" rel=\"noopener noreferrer\" data-xiti-name=\"www.sante.fr\" data-xiti-type=\"exit\">www.sante.fr<\/a>\u00a0pour trouver un professionnel de sant\u00e9 \u00e0 proximit\u00e9<\/strong><\/li>\n<\/ul>\n<h3><strong>Les documents \u00e0 fournir<\/strong><strong>\u00a0<\/strong><strong>:<\/strong><\/h3>\n<ul>\n<li>carte vitale ou attestation de droits<\/li>\n<li>carte d&#8217;identit\u00e9<\/li>\n<li>r\u00e9sultat du laboratoire en cas de test RT-PCR positif de plus de 3 mois.<\/li>\n<li>personne mineure :\u00a0autorisation parentale (pour les mineurs de 5 -15 ans)\u00a0et carte vitale\u00a0des parents ou leur propre carte.<\/li>\n<\/ul>\n<\/div>\n<\/div>\n<div dir=\"auto\">\u25ba<a href=\"https:\/\/bit.ly\/AfficheVaxComorbidit\u00e9s\" target=\"_blank\" rel=\"noopener noreferrer\">Affiche officines<\/a><\/div>\n<div dir=\"auto\">\u25ba<a href=\"https:\/\/bit.ly\/CPVaccination-Comorbidit\u00e9s\" target=\"_blank\" rel=\"noopener noreferrer\">Communiqu\u00e9 de presse<\/a><\/div>\n","protected":false},"excerpt":{"rendered":"<p>Vous \u00eates en situation d\u2019ob\u00e9sit\u00e9, diab\u00e9tique, ou avez un autre facteur de risque de faire une forme grave de Covid-19 : Prot\u00e9gez-vous, Vaccinez-vous ! Pour renforcer la protection du vaccin face au virus et diminuer les risques de d\u00e9velopper des formes graves de la maladie, une deuxi\u00e8me dose de rappel est recommand\u00e9e aux personnes de&hellip;<\/p>\n","protected":false},"author":3,"featured_media":0,"comment_status":"open","ping_status":"open","sticky":false,"template":"","format":"standard","meta":{"footnotes":""},"categories":[182,183],"tags":[550,418,239,68],"amp_enabled":true,"_links":{"self":[{"href":"https:\/\/urpspharma.re\/index.php?rest_route=\/wp\/v2\/posts\/5242"}],"collection":[{"href":"https:\/\/urpspharma.re\/index.php?rest_route=\/wp\/v2\/posts"}],"about":[{"href":"https:\/\/urpspharma.re\/index.php?rest_route=\/wp\/v2\/types\/post"}],"author":[{"embeddable":true,"href":"https:\/\/urpspharma.re\/index.php?rest_route=\/wp\/v2\/users\/3"}],"replies":[{"embeddable":true,"href":"https:\/\/urpspharma.re\/index.php?rest_route=%2Fwp%2Fv2%2Fcomments&post=5242"}],"version-history":[{"count":7,"href":"https:\/\/urpspharma.re\/index.php?rest_route=\/wp\/v2\/posts\/5242\/revisions"}],"predecessor-version":[{"id":5250,"href":"https:\/\/urpspharma.re\/index.php?rest_route=\/wp\/v2\/posts\/5242\/revisions\/5250"}],"wp:attachment":[{"href":"https:\/\/urpspharma.re\/index.php?rest_route=%2Fwp%2Fv2%2Fmedia&parent=5242"}],"wp:term":[{"taxonomy":"category","embeddable":true,"href":"https:\/\/urpspharma.re\/index.php?rest_route=%2Fwp%2Fv2%2Fcategories&post=5242"},{"taxonomy":"post_tag","embeddable":true,"href":"https:\/\/urpspharma.re\/index.php?rest_route=%2Fwp%2Fv2%2Ftags&post=5242"}],"curies":[{"name":"wp","href":"https:\/\/api.w.org\/{rel}","templated":true}]}}