{"id":5293,"date":"2022-08-29T08:53:07","date_gmt":"2022-08-29T04:53:07","guid":{"rendered":"https:\/\/urpspharma.re\/?p=5293"},"modified":"2022-10-13T15:26:06","modified_gmt":"2022-10-13T11:26:06","slug":"evenement-7emes-journees-des-soins-palliatifs-de-locean-indien","status":"publish","type":"post","link":"https:\/\/urpspharma.re\/?p=5293","title":{"rendered":"Ev\u00e8nement : 7\u00e8mes Journ\u00e9es des Soins Palliatifs de l\u2019Oc\u00e9an Indien"},"content":{"rendered":"<h2 style=\"text-align: center;\"><span style=\"color: #cc0000;\"><strong>Vendredi 23 et Samedi 24 septembre 2022<\/strong><\/span><\/h2>\n<div>\n<p style=\"font-weight: 400; text-align: center;\">Les <strong>7<sup>\u00e8mes<\/sup><\/strong>&nbsp;<strong>Journ\u00e9es des Soins Palliatifs de l\u2019Oc\u00e9an Indien&nbsp;<\/strong>auront lieu<strong>&nbsp;:<\/strong><\/p>\n<p style=\"font-weight: 400; text-align: center;\"><strong>Le&nbsp;vendredi 23 et samedi 24 Septembre 2022<\/strong><\/p>\n<p style=\"font-weight: 400; text-align: center;\"><strong>\u00c0 l\u2019h\u00f4tel les Villas du R\u00e9cif \u00e0 l\u2019Ermitage<\/strong><\/p>\n<p style=\"font-weight: 400; text-align: center;\"><strong>Th\u00e8me&nbsp;: \u00ab&nbsp;Temps compt\u00e9, tant \u00e0 vivre&nbsp;\u00bb<\/strong><\/p>\n<p>\u25ba<strong>Acc\u00e8s pl\u00e9ni\u00e8re : <\/strong>Professionnels de sant\u00e9<strong>&nbsp;SALARI\u00c9S&nbsp;<\/strong>ou<strong>&nbsp;LIB\u00c9RAUX&nbsp;:&nbsp;90 \u20ac<\/strong><\/p>\n<p><strong>vendredi matin + Atelier 1&nbsp;<\/strong><u>OU<\/u><strong> Atelier 2 du vendredi Apr\u00e8s-midi<\/strong><\/p>\n<p style=\"text-align: center;\"><strong style=\"font-size: inherit;\"><a href=\"https:\/\/app.digiforma.com\/guest\/8976410832\/training_sessions\/982538\/register\" target=\"_blank\" rel=\"noopener noreferrer\"><span style=\"font-size: inherit;\">&gt;&nbsp;&nbsp;Pr\u00e9-inscription ICI<\/span><\/a><\/strong><\/p>\n<p><strong>\u25baContenu DPC : Acc\u00e8s pl\u00e9ni\u00e8re vendredi matin <\/strong>+<strong> Atelier 3 du vendredi Apr\u00e8s-midi <\/strong>+<strong>&nbsp;Matin\u00e9e du samedi.<\/strong><\/p>\n<p>=&gt; Professionnels de sant\u00e9&nbsp;<strong>SALARI\u00c9S<\/strong>&nbsp;:<\/p>\n<ul>\n<li>M\u00e9decins :&nbsp;<strong>190 \u20ac<\/strong><\/li>\n<\/ul>\n<p style=\"text-align: center;\"><strong><a href=\"https:\/\/app.digiforma.com\/guest\/8976410832\/training_sessions\/982854\/register\" target=\"_blank\" rel=\"noopener noreferrer\">&gt; Pr\u00e9-inscription ICI<\/a><\/strong><\/p>\n<ul>\n<li>&nbsp;Autres professionnels non m\u00e9decins :&nbsp;<strong>135 \u20ac<\/strong><\/li>\n<\/ul>\n<p style=\"text-align: center;\"><a href=\"https:\/\/app.digiforma.com\/guest\/8976410832\/training_sessions\/982537\/register\" target=\"_blank\" rel=\"noopener noreferrer\"><strong>&gt; Pr\u00e9-inscription ICI<\/strong><\/a><\/p>\n<p><em>(NB : Merci de vous inscrire une fois obtenu l\u2019aval de votre cadre de proximit\u00e9 ou votre service formation, sauf si inscription \u00e0 titre personnel)<\/em><\/p>\n<p>=&gt; Professionnels de sant\u00e9&nbsp;<strong>LIB\u00c9RAUX<\/strong>&nbsp;:<\/p>\n<p style=\"text-align: center;\">&nbsp; &nbsp; &nbsp; &nbsp; &nbsp; <a href=\"https:\/\/app.digiforma.com\/guest\/8976410832\/training_sessions\/982022\/register\" target=\"_blank\" rel=\"noopener noreferrer\"><strong>&nbsp; &nbsp; &nbsp; &gt;Tarif et pr\u00e9-inscription ICI<\/strong><\/a><\/p>\n<p>L&#8217;inscription ne sera valide que lorsque vous serez \u00e9galement enregistr\u00e9 sur&nbsp;<a href=\"http:\/\/mondpc.fr\/\" data-saferedirecturl=\"https:\/\/www.google.com\/url?q=http:\/\/mondpc.fr&amp;source=gmail&amp;ust=1661572439496000&amp;usg=AOvVaw0vLsmPd8Dx82_0EGXgfWkU\">mondpc.fr<\/a>&nbsp;<strong>N\u00b0915200045-S1<\/strong>&nbsp;(organisme AB+ num\u00e9ro 9152)<\/p>\n<\/div>\n<div><\/div>\n<div style=\"text-align: center;\"><span style=\"color: #c21515;\"><b>INSCRIPTIONS AVANT LE 12 SEPTEMBRE 2022&nbsp;<\/b><\/span><\/div>\n<div><\/div>\n<div><img loading=\"lazy\" decoding=\"async\" class=\"aligncenter wp-image-5295 size-large\" src=\"https:\/\/urpspharma.re\/wp-content\/uploads\/2022\/08\/23-ET-24-09-22-JOURNEES-SOINS-PALLIATIFS-1024x719.png\" alt=\"\" width=\"1024\" height=\"719\" srcset=\"https:\/\/urpspharma.re\/wp-content\/uploads\/2022\/08\/23-ET-24-09-22-JOURNEES-SOINS-PALLIATIFS-1024x719.png 1024w, https:\/\/urpspharma.re\/wp-content\/uploads\/2022\/08\/23-ET-24-09-22-JOURNEES-SOINS-PALLIATIFS-300x211.png 300w, https:\/\/urpspharma.re\/wp-content\/uploads\/2022\/08\/23-ET-24-09-22-JOURNEES-SOINS-PALLIATIFS-768x539.png 768w, https:\/\/urpspharma.re\/wp-content\/uploads\/2022\/08\/23-ET-24-09-22-JOURNEES-SOINS-PALLIATIFS.png 1060w\" sizes=\"(max-width: 1024px) 100vw, 1024px\" \/><img loading=\"lazy\" decoding=\"async\" class=\"aligncenter wp-image-5296 size-large\" src=\"https:\/\/urpspharma.re\/wp-content\/uploads\/2022\/08\/23-ET-24-09-22-JOURNEES-SOINS-PALLIATIFS-PROGRAMME-1024x714.png\" alt=\"\" width=\"1024\" height=\"714\" srcset=\"https:\/\/urpspharma.re\/wp-content\/uploads\/2022\/08\/23-ET-24-09-22-JOURNEES-SOINS-PALLIATIFS-PROGRAMME-1024x714.png 1024w, https:\/\/urpspharma.re\/wp-content\/uploads\/2022\/08\/23-ET-24-09-22-JOURNEES-SOINS-PALLIATIFS-PROGRAMME-300x209.png 300w, https:\/\/urpspharma.re\/wp-content\/uploads\/2022\/08\/23-ET-24-09-22-JOURNEES-SOINS-PALLIATIFS-PROGRAMME-768x535.png 768w, https:\/\/urpspharma.re\/wp-content\/uploads\/2022\/08\/23-ET-24-09-22-JOURNEES-SOINS-PALLIATIFS-PROGRAMME.png 1063w\" sizes=\"(max-width: 1024px) 100vw, 1024px\" \/><\/div>\n<div><\/div>\n<div dir=\"auto\"><\/div>\n","protected":false},"excerpt":{"rendered":"<p>Vendredi 23 et Samedi 24 septembre 2022 Les 7\u00e8mes&nbsp;Journ\u00e9es des Soins Palliatifs de l\u2019Oc\u00e9an Indien&nbsp;auront lieu&nbsp;: Le&nbsp;vendredi 23 et samedi 24 Septembre 2022 \u00c0 l\u2019h\u00f4tel les Villas du R\u00e9cif \u00e0 l\u2019Ermitage Th\u00e8me&nbsp;: \u00ab&nbsp;Temps compt\u00e9, tant \u00e0 vivre&nbsp;\u00bb \u25baAcc\u00e8s pl\u00e9ni\u00e8re : Professionnels de sant\u00e9&nbsp;SALARI\u00c9S&nbsp;ou&nbsp;LIB\u00c9RAUX&nbsp;:&nbsp;90 \u20ac vendredi matin + Atelier 1&nbsp;OU Atelier 2 du vendredi Apr\u00e8s-midi &gt;&nbsp;&nbsp;Pr\u00e9-inscription&hellip;<\/p>\n","protected":false},"author":3,"featured_media":5427,"comment_status":"open","ping_status":"open","sticky":false,"template":"","format":"standard","meta":{"footnotes":""},"categories":[262],"tags":[566,568,239,567],"amp_enabled":true,"_links":{"self":[{"href":"https:\/\/urpspharma.re\/index.php?rest_route=\/wp\/v2\/posts\/5293"}],"collection":[{"href":"https:\/\/urpspharma.re\/index.php?rest_route=\/wp\/v2\/posts"}],"about":[{"href":"https:\/\/urpspharma.re\/index.php?rest_route=\/wp\/v2\/types\/post"}],"author":[{"embeddable":true,"href":"https:\/\/urpspharma.re\/index.php?rest_route=\/wp\/v2\/users\/3"}],"replies":[{"embeddable":true,"href":"https:\/\/urpspharma.re\/index.php?rest_route=%2Fwp%2Fv2%2Fcomments&post=5293"}],"version-history":[{"count":3,"href":"https:\/\/urpspharma.re\/index.php?rest_route=\/wp\/v2\/posts\/5293\/revisions"}],"predecessor-version":[{"id":5429,"href":"https:\/\/urpspharma.re\/index.php?rest_route=\/wp\/v2\/posts\/5293\/revisions\/5429"}],"wp:featuredmedia":[{"embeddable":true,"href":"https:\/\/urpspharma.re\/index.php?rest_route=\/wp\/v2\/media\/5427"}],"wp:attachment":[{"href":"https:\/\/urpspharma.re\/index.php?rest_route=%2Fwp%2Fv2%2Fmedia&parent=5293"}],"wp:term":[{"taxonomy":"category","embeddable":true,"href":"https:\/\/urpspharma.re\/index.php?rest_route=%2Fwp%2Fv2%2Fcategories&post=5293"},{"taxonomy":"post_tag","embeddable":true,"href":"https:\/\/urpspharma.re\/index.php?rest_route=%2Fwp%2Fv2%2Ftags&post=5293"}],"curies":[{"name":"wp","href":"https:\/\/api.w.org\/{rel}","templated":true}]}}