{"id":5304,"date":"2021-08-09T10:02:11","date_gmt":"2021-08-09T06:02:11","guid":{"rendered":"https:\/\/urpspharma.re\/?p=5304"},"modified":"2022-09-19T10:08:46","modified_gmt":"2022-09-19T06:08:46","slug":"dpc-comment-respecter-mon-obligation-triennale","status":"publish","type":"post","link":"https:\/\/urpspharma.re\/?p=5304","title":{"rendered":"DPC : Comment respecter mon obligation triennale ?"},"content":{"rendered":"<h2 style=\"text-align: center;\"><span style=\"color: #000080;\"><strong>Obligation triennale : p\u00e9riode 2020-2022<\/strong><\/span><\/h2>\n<div><span style=\"font-size: inherit;\">Le DPC constitue une <\/span><b style=\"font-size: inherit;\">obligation l\u00e9gale et triennale\u00a0<\/b><span style=\"font-size: inherit;\">pour tous les professionnels de sant\u00e9 en exercice : chacun d\u2019entre eux doit ainsi justifier, sur une p\u00e9riode de trois ans, de son engagement dans une d\u00e9marche de DPC.<\/span><\/div>\n<div>\n<p><b>La p\u00e9riode en cours est la p\u00e9riode 2020-2022.<\/b> Il est donc important que les pharmaciens s&#8217;engagent et finalisent leur d\u00e9marche de DPC avant la fin de cette p\u00e9riode.<\/p>\n<\/div>\n<div>\n<h2><span style=\"color: #003366;\"><strong>Comment satisfaire \u00e0 son obligation de DPC?<\/strong><\/span><\/h2>\n<p><span style=\"font-size: inherit; color: #191e23;\">Pour permettre aux pharmaciens de satisfaire leur obligation triennale de DPC, l&#8217;Agence nationale du DPC (ANDPC) met \u00e0 disposition des professionnels de sant\u00e9 une offre de DPC compos\u00e9e <\/span><a style=\"font-size: inherit;\" href=\"https:\/\/www.mondpc.fr\/\" target=\"_blank\" rel=\"noopener noreferrer\">d&#8217;actions et de programmes de DPC<\/a><span style=\"font-size: inherit; color: #191e23;\">\u00a0. D\u2019autres organismes (ANFH, \u2026), notamment pour les hospitaliers (biologistes ou pharmaciens hospitaliers) le permettent aussi.<\/span><\/p>\n<\/div>\n<p><a href=\"https:\/\/www.legifrance.gouv.fr\/codes\/article_lc\/LEGIARTI000038395109\/\" target=\"_blank\" rel=\"noopener noreferrer\">Conform\u00e9ment \u00e0 l\u2019article R4021-4 du code de la sant\u00e9 publique,<\/a>\u00a0\u00a0pour satisfaire \u00e0 son obligation de DPC, tout pharmacien s\u2019engage, au cours d\u2019une p\u00e9riode de trois ans :<\/p>\n<ul>\n<li>\u00c0 justifier de son engagement dans une d\u00e9marche de DPC comportant des actions de formation, d&#8217;\u00e9valuation et d&#8217;am\u00e9lioration des pratiques, de gestion des risques. La d\u00e9marche doit comporter au moins deux de ces trois types d&#8217;actions et au moins une action s&#8217;inscrivant dans\u00a0<a href=\"https:\/\/www.agencedpc.fr\/le-dpc\/orientations-nationales-prioritaires-de-dpc-2020-2022\" target=\"_blank\" rel=\"noopener noreferrer\">le cadre des orientations prioritaires<\/a>\u00a0\u00a0(<b>parcours libre<\/b>).<\/li>\n<\/ul>\n<ul>\n<li>Pour le biologiste m\u00e9dical, la recommandation du Conseil national professionnel de biologie m\u00e9dicale (CNP BM) propose, pour la p\u00e9riode 2020-2022,\u00a0<b>un parcours pluriannuel\u00a0<\/b>de DPC disponible sur ce\u00a0<a href=\"http:\/\/www.specialitesmedicales.org\/offres\/doc_inline_src\/666\/Parcours%2BDPC%2BpubliE9.pdf\" target=\"_blank\" rel=\"noopener noreferrer\">lien.<\/a><\/li>\n<\/ul>\n<p>\u00c0 noter, chaque pharmacien lib\u00e9ral choisit les actions auxquelles il s\u2019inscrit. En revanche, pour les pharmaciens salari\u00e9s, ce choix s\u2019effectue en lien avec l\u2019employeur.<\/p>\n<p>Les formations organis\u00e9es par l\u2019universit\u00e9 peuvent y \u00eatre valoris\u00e9es et les actions peuvent \u00eatre suivies de fa\u00e7on ind\u00e9pendante ou \u00eatre associ\u00e9es dans le cadre d&#8217;un m\u00eame programme.<\/p>\n<p><img decoding=\"async\" src=\"https:\/\/www.ordre.pharmacien.fr\/var\/mercure\/storage\/images\/media\/images\/infog2\/2726664-1-fre-FR\/infog.png\" alt=\"infog\" \/><\/p>\n<h2><span style=\"color: #003366;\">Un texte r\u00e9glementaire r\u00e9cent a cr\u00e9\u00e9 l\u2019obligation de la certification p\u00e9riodique des pharmaciens \u00e0 partir de 2023.<\/span><\/h2>\n<p>L\u2019ordonnance relative \u00e0 la certification p\u00e9riodique de certains professionnels de sant\u00e9, pr\u00e9vue par la loi sant\u00e9 du 24 juillet 2019 a \u00e9t\u00e9 publi\u00e9e au Journal Officiel du 21 juillet 2021.<\/p>\n<p>Cette ordonnance, qui entrera en vigueur le 1er janvier 2023, compl\u00e8te le code de la sant\u00e9 publique pour cr\u00e9er un dispositif de certification individuelle p\u00e9riodique des comp\u00e9tences pour les professionnels de sant\u00e9. Ce dispositif, qui s\u2019ajoute au d\u00e9veloppement professionnel continu (DPC), \u00e0 la formation continue et \u00e0 l\u2019accr\u00e9ditation des professionnels de sant\u00e9 (HAS), pr\u00e9voit une p\u00e9riode de six ans pour les professionnels de sant\u00e9 (par d\u00e9rogation et exceptionnellement, neuf ans pour les professionnels d\u00e9j\u00e0 en exercice au 31 d\u00e9cembre 2022 pour r\u00e9aliser les actions requises.<\/p>\n<p>Des r\u00e9f\u00e9rentiels de certification p\u00e9riodique d\u00e9finiront, par profession ou sp\u00e9cialit\u00e9, les actions d\u2019entretien des comp\u00e9tences que les professionnels de sant\u00e9 devront mettre en \u0153uvre pour satisfaire \u00e0 la certification.<\/p>\n<div dir=\"auto\"><\/div>\n","protected":false},"excerpt":{"rendered":"<p>Obligation triennale : p\u00e9riode 2020-2022 Le DPC constitue une obligation l\u00e9gale et triennale\u00a0pour tous les professionnels de sant\u00e9 en exercice : chacun d\u2019entre eux doit ainsi justifier, sur une p\u00e9riode de trois ans, de son engagement dans une d\u00e9marche de DPC. La p\u00e9riode en cours est la p\u00e9riode 2020-2022. Il est donc important que les&hellip;<\/p>\n","protected":false},"author":3,"featured_media":0,"comment_status":"open","ping_status":"open","sticky":false,"template":"","format":"standard","meta":{"footnotes":""},"categories":[182],"tags":[221,220,569,239],"amp_enabled":true,"_links":{"self":[{"href":"https:\/\/urpspharma.re\/index.php?rest_route=\/wp\/v2\/posts\/5304"}],"collection":[{"href":"https:\/\/urpspharma.re\/index.php?rest_route=\/wp\/v2\/posts"}],"about":[{"href":"https:\/\/urpspharma.re\/index.php?rest_route=\/wp\/v2\/types\/post"}],"author":[{"embeddable":true,"href":"https:\/\/urpspharma.re\/index.php?rest_route=\/wp\/v2\/users\/3"}],"replies":[{"embeddable":true,"href":"https:\/\/urpspharma.re\/index.php?rest_route=%2Fwp%2Fv2%2Fcomments&post=5304"}],"version-history":[{"count":1,"href":"https:\/\/urpspharma.re\/index.php?rest_route=\/wp\/v2\/posts\/5304\/revisions"}],"predecessor-version":[{"id":5305,"href":"https:\/\/urpspharma.re\/index.php?rest_route=\/wp\/v2\/posts\/5304\/revisions\/5305"}],"wp:attachment":[{"href":"https:\/\/urpspharma.re\/index.php?rest_route=%2Fwp%2Fv2%2Fmedia&parent=5304"}],"wp:term":[{"taxonomy":"category","embeddable":true,"href":"https:\/\/urpspharma.re\/index.php?rest_route=%2Fwp%2Fv2%2Fcategories&post=5304"},{"taxonomy":"post_tag","embeddable":true,"href":"https:\/\/urpspharma.re\/index.php?rest_route=%2Fwp%2Fv2%2Ftags&post=5304"}],"curies":[{"name":"wp","href":"https:\/\/api.w.org\/{rel}","templated":true}]}}