{"id":5313,"date":"2022-09-22T15:04:31","date_gmt":"2022-09-22T11:04:31","guid":{"rendered":"https:\/\/urpspharma.re\/?p=5313"},"modified":"2022-09-27T15:07:54","modified_gmt":"2022-09-27T11:07:54","slug":"visite-a-la-reunion-de-mme-firmin-le-bodo-ministre-deleguee-a-la-reunion","status":"publish","type":"post","link":"https:\/\/urpspharma.re\/?p=5313","title":{"rendered":"Visite \u00e0 la R\u00e9union de Mme Firmin Le Bodo, ministre d\u00e9l\u00e9gu\u00e9e \u00e0 la R\u00e9union"},"content":{"rendered":"<h2 style=\"text-align: center;\"><span style=\"color: #003366;\"><strong>Visite de la ministre d\u00e9l\u00e9gu\u00e9e \u00e0\u00a0 l&#8217;organisation territoriale et aux professions de sant\u00e9<\/strong><\/span><\/h2>\n<p dir=\"auto\">L\u2019URPS Pharmaciens a rencontr\u00e9 Agn\u00e8s Firmin Le Bodo, ministre de la sant\u00e9, d\u00e9l\u00e9gu\u00e9e \u00e0 l\u2019organisation territoriale et aux professions de sant\u00e9, lors de sa venue \u00e0 La R\u00e9union, ce <strong>vendredi 23 septembre 2022.<\/strong><\/p>\n<p dir=\"auto\">Ce 1er rendez-vous avec tous les pr\u00e9sidents URPS, \u00e0 l\u2019ARS, fut l\u2019occasion d&#8217;\u00e9changer sur les probl\u00e9matiques rencontr\u00e9es :<\/p>\n<p dir=\"auto\">\u25baL&#8217;\u00e9loignement de notre territoire cr\u00e9e des ruptures de m\u00e9dicaments qui porte pr\u00e9judices aux r\u00e9unionnais prenant des proportions importantes ces deux derni\u00e8res ann\u00e9es. Le m\u00e9dicament n&#8217;est pas prioritaire dans les avions, les commandes des grossistes sont annul\u00e9es ou d\u00e9port\u00e9es vers Maurice ou ailleurs, les laboratoires ne peuvent pas nous donner des d\u00e9lais d&#8217;acheminement vu les diff\u00e9rents facteurs ext\u00e9rieurs provoquant des difficult\u00e9s d&#8217;acc\u00e8s aux soins pour la population r\u00e9unionnaise.<\/p>\n<p dir=\"auto\">\u25baLa tension extr\u00eame sur le march\u00e9 du travail concernant les pharmaciens adjoints ou rempla\u00e7ants ainsi que les pr\u00e9parateurs provoque des tensions au sein de nos entreprises.<\/p>\n<p dir=\"auto\">\u25baL\u2019\u00e9puisement des professionnels de sant\u00e9 dont les pharmaciens : prenons des mesures pour la sant\u00e9 des soignants!<\/p>\n<p dir=\"auto\">\u25baValoriser davantage l&#8217;exercice coordonn\u00e9es dans les DROM vu les besoins sp\u00e9cifiques de nos populations ; financement in\u00e9quitable \u00e0 ce jour par rapport \u00e0 la m\u00e9tropole : CPTS (Communaut\u00e9s Professionnels Territoires de Sant\u00e9).<\/p>\n<p dir=\"auto\"><img loading=\"lazy\" decoding=\"async\" class=\"aligncenter wp-image-5314 size-large\" src=\"https:\/\/urpspharma.re\/wp-content\/uploads\/2022\/09\/23-09-22-RENCONTRE-ARS_FIRMIN-LE-BODO_URPS-1024x768.jpeg\" alt=\"\" width=\"1024\" height=\"768\" srcset=\"https:\/\/urpspharma.re\/wp-content\/uploads\/2022\/09\/23-09-22-RENCONTRE-ARS_FIRMIN-LE-BODO_URPS-1024x768.jpeg 1024w, https:\/\/urpspharma.re\/wp-content\/uploads\/2022\/09\/23-09-22-RENCONTRE-ARS_FIRMIN-LE-BODO_URPS-300x225.jpeg 300w, https:\/\/urpspharma.re\/wp-content\/uploads\/2022\/09\/23-09-22-RENCONTRE-ARS_FIRMIN-LE-BODO_URPS-768x576.jpeg 768w, https:\/\/urpspharma.re\/wp-content\/uploads\/2022\/09\/23-09-22-RENCONTRE-ARS_FIRMIN-LE-BODO_URPS.jpeg 1280w\" sizes=\"(max-width: 1024px) 100vw, 1024px\" \/><\/p>\n<div dir=\"auto\"><\/div>\n<div dir=\"auto\"><\/div>\n","protected":false},"excerpt":{"rendered":"<p>Visite de la ministre d\u00e9l\u00e9gu\u00e9e \u00e0\u00a0 l&#8217;organisation territoriale et aux professions de sant\u00e9 L\u2019URPS Pharmaciens a rencontr\u00e9 Agn\u00e8s Firmin Le Bodo, ministre de la sant\u00e9, d\u00e9l\u00e9gu\u00e9e \u00e0 l\u2019organisation territoriale et aux professions de sant\u00e9, lors de sa venue \u00e0 La R\u00e9union, ce vendredi 23 septembre 2022. Ce 1er rendez-vous avec tous les pr\u00e9sidents URPS, \u00e0&hellip;<\/p>\n","protected":false},"author":3,"featured_media":0,"comment_status":"open","ping_status":"open","sticky":false,"template":"","format":"standard","meta":{"footnotes":""},"categories":[182],"tags":[574,80,573,572,100,239],"amp_enabled":true,"_links":{"self":[{"href":"https:\/\/urpspharma.re\/index.php?rest_route=\/wp\/v2\/posts\/5313"}],"collection":[{"href":"https:\/\/urpspharma.re\/index.php?rest_route=\/wp\/v2\/posts"}],"about":[{"href":"https:\/\/urpspharma.re\/index.php?rest_route=\/wp\/v2\/types\/post"}],"author":[{"embeddable":true,"href":"https:\/\/urpspharma.re\/index.php?rest_route=\/wp\/v2\/users\/3"}],"replies":[{"embeddable":true,"href":"https:\/\/urpspharma.re\/index.php?rest_route=%2Fwp%2Fv2%2Fcomments&post=5313"}],"version-history":[{"count":2,"href":"https:\/\/urpspharma.re\/index.php?rest_route=\/wp\/v2\/posts\/5313\/revisions"}],"predecessor-version":[{"id":5316,"href":"https:\/\/urpspharma.re\/index.php?rest_route=\/wp\/v2\/posts\/5313\/revisions\/5316"}],"wp:attachment":[{"href":"https:\/\/urpspharma.re\/index.php?rest_route=%2Fwp%2Fv2%2Fmedia&parent=5313"}],"wp:term":[{"taxonomy":"category","embeddable":true,"href":"https:\/\/urpspharma.re\/index.php?rest_route=%2Fwp%2Fv2%2Fcategories&post=5313"},{"taxonomy":"post_tag","embeddable":true,"href":"https:\/\/urpspharma.re\/index.php?rest_route=%2Fwp%2Fv2%2Ftags&post=5313"}],"curies":[{"name":"wp","href":"https:\/\/api.w.org\/{rel}","templated":true}]}}