{"id":5317,"date":"2022-09-26T18:08:41","date_gmt":"2022-09-26T14:08:41","guid":{"rendered":"https:\/\/urpspharma.re\/?p=5317"},"modified":"2022-09-27T15:20:33","modified_gmt":"2022-09-27T11:20:33","slug":"votre-urps-invite-de-reunion-1ere","status":"publish","type":"post","link":"https:\/\/urpspharma.re\/?p=5317","title":{"rendered":"Votre URPS invit\u00e9 de r\u00e9union 1\u00e8re"},"content":{"rendered":"<h2 style=\"text-align: center;\"><span style=\"color: #003366;\"><strong>&#8220;On en parle&#8221; <\/strong><\/span><span style=\"color: #003366;\"><strong>Visite de la ministre d\u00e9l\u00e9gu\u00e9e\u00a0<\/strong><\/span><\/h2>\n<p dir=\"auto\">M Boubker El Beghdadi, Pr\u00e9sident de l&#8217;URPS Pharmaciens La R\u00e9union et MME Anne-Laure Albisetti, Pr\u00e9sidente de l&#8217;URPS Infirmiers Oc\u00e9an Indien seront les invit\u00e9s de Claude Montanet pour parler de la visite de la Ministre d\u00e9l\u00e9gu\u00e9e charg\u00e9e de l\u2019Organisation territoriale et des Professions de sant\u00e9.<\/p>\n<p dir=\"auto\">Ce <strong>mardi 27 septembre 2022 de 8h \u00e0 9h<\/strong> sur R\u00e9union la 1\u00e8re &#8220;on en parle&#8221;<\/p>\n<p dir=\"auto\"><span class=\"fxk3tzhb b2rh1bv3 gh55jysx m8h3af8h ewco64xe kjdc1dyq ms56khn7 bq6c9xl4 eohcrkr5 akh3l2rg\">\u25ba<\/span>Pour \u00e9couter l&#8217;\u00e9mission en direct :<\/p>\n<p dir=\"auto\"><a class=\"qi72231t nu7423ey n3hqoq4p r86q59rh b3qcqh3k fq87ekyn bdao358l fsf7x5fv rse6dlih s5oniofx m8h3af8h l7ghb35v kjdc1dyq kmwttqpk srn514ro oxkhqvkx rl78xhln nch0832m cr00lzj9 rn8ck1ys s3jn8y49 icdlwmnq cxfqmxzd ezidihy3\" tabindex=\"0\" role=\"link\" href=\"https:\/\/la1ere.francetvinfo.fr\/reunion\/direct-radio?fbclid=IwAR3HqxOSYzWFkGvX-BMMRZxycLOzsl6YbnkgxFhfDUZOgYVGC_Xi_WGEgXg\" target=\"_blank\" rel=\"nofollow noopener noreferrer\">https:\/\/la1ere.francetvinfo.fr\/reunion\/direct-radio<\/a><\/p>\n<div dir=\"auto\"><img decoding=\"async\" src=\"https:\/\/scontent.frun3-2.fna.fbcdn.net\/v\/t39.30808-6\/309205932_461779189323845_1581513327777209036_n.jpg?_nc_cat=110&amp;ccb=1-7&amp;_nc_sid=730e14&amp;_nc_ohc=_MnQ8hupISIAX9k04em&amp;tn=gP7_kG6NUIskI9LI&amp;_nc_ht=scontent.frun3-2.fna&amp;oh=00_AT-uBycpKCBaIdISnqiu-jKIMG06_ckvNoNrrT298RkKFw&amp;oe=633804DC\" alt=\"Peut \u00eatre une image de 2 personnes et texte qui dit \u2019On en parle, on s'explique ON EN PARLE Pod cast 17 19 \u00c9lodieAy\u00e9 Ay\u00e9 Claude Montanet \u0bb5\u2019\" \/><\/div>\n","protected":false},"excerpt":{"rendered":"<p>&#8220;On en parle&#8221; Visite de la ministre d\u00e9l\u00e9gu\u00e9e\u00a0 M Boubker El Beghdadi, Pr\u00e9sident de l&#8217;URPS Pharmaciens La R\u00e9union et MME Anne-Laure Albisetti, Pr\u00e9sidente de l&#8217;URPS Infirmiers Oc\u00e9an Indien seront les invit\u00e9s de Claude Montanet pour parler de la visite de la Ministre d\u00e9l\u00e9gu\u00e9e charg\u00e9e de l\u2019Organisation territoriale et des Professions de sant\u00e9. Ce mardi 27&hellip;<\/p>\n","protected":false},"author":3,"featured_media":0,"comment_status":"open","ping_status":"open","sticky":false,"template":"","format":"standard","meta":{"footnotes":""},"categories":[182],"tags":[575,80,573,572,100,239],"amp_enabled":true,"_links":{"self":[{"href":"https:\/\/urpspharma.re\/index.php?rest_route=\/wp\/v2\/posts\/5317"}],"collection":[{"href":"https:\/\/urpspharma.re\/index.php?rest_route=\/wp\/v2\/posts"}],"about":[{"href":"https:\/\/urpspharma.re\/index.php?rest_route=\/wp\/v2\/types\/post"}],"author":[{"embeddable":true,"href":"https:\/\/urpspharma.re\/index.php?rest_route=\/wp\/v2\/users\/3"}],"replies":[{"embeddable":true,"href":"https:\/\/urpspharma.re\/index.php?rest_route=%2Fwp%2Fv2%2Fcomments&post=5317"}],"version-history":[{"count":2,"href":"https:\/\/urpspharma.re\/index.php?rest_route=\/wp\/v2\/posts\/5317\/revisions"}],"predecessor-version":[{"id":5319,"href":"https:\/\/urpspharma.re\/index.php?rest_route=\/wp\/v2\/posts\/5317\/revisions\/5319"}],"wp:attachment":[{"href":"https:\/\/urpspharma.re\/index.php?rest_route=%2Fwp%2Fv2%2Fmedia&parent=5317"}],"wp:term":[{"taxonomy":"category","embeddable":true,"href":"https:\/\/urpspharma.re\/index.php?rest_route=%2Fwp%2Fv2%2Fcategories&post=5317"},{"taxonomy":"post_tag","embeddable":true,"href":"https:\/\/urpspharma.re\/index.php?rest_route=%2Fwp%2Fv2%2Ftags&post=5317"}],"curies":[{"name":"wp","href":"https:\/\/api.w.org\/{rel}","templated":true}]}}