{"id":5361,"date":"2022-10-11T14:20:25","date_gmt":"2022-10-11T10:20:25","guid":{"rendered":"https:\/\/urpspharma.re\/?p=5361"},"modified":"2022-10-13T14:57:17","modified_gmt":"2022-10-13T10:57:17","slug":"entretiens-pharmaceutiques-chimiotherapies-orales","status":"publish","type":"post","link":"https:\/\/urpspharma.re\/?p=5361","title":{"rendered":"Entretiens pharmaceutiques (chimioth\u00e9rapies orales)"},"content":{"rendered":"<h2 style=\"text-align: center;\"><span style=\"color: #003366;\"><strong>Formation pr\u00e9sentielle <\/strong><\/span><\/h2>\n<h2 style=\"text-align: center;\"><span style=\"color: #003366;\"><strong>du 24 au 27 octobre 2022<\/strong><\/span><\/h2>\n<div>\n<div dir=\"auto\">\n<div>La place du pharmacien au sein du parcours de soins des patients trait\u00e9s par anticanc\u00e9reux oraux est\u00a0pleinement d\u00e9finie\u00a0avec l&#8217;instauration des entretiens pharmaceutiques (<a href=\"https:\/\/www.ameli.fr\/sites\/default\/files\/Documents\/718032\/document\/memo-pharmacien-facturation-accompagnement-anticancereux.pdf\" target=\"_blank\" rel=\"noopener noreferrer\">tableau d&#8217;indemnisation : site ameli.fr<\/a>).Dans cette optique, vos \u00e9lus vous proposent de participer \u00e0 une formation pr\u00e9sentielle qui vous permettra d&#8217;am\u00e9liorer cette prise en charge.<\/p>\n<\/div>\n<h3 class=\"null\"><span style=\"color: #004d69;\">Pharmaciens titulaires &#8211; prise en charge FIF PL<br \/>\nAdjoints &#8211; formation GRATUITE en exclusivit\u00e9 \u00e0 la R\u00e9union<\/span><\/h3>\n<p><img loading=\"lazy\" decoding=\"async\" class=\"aligncenter wp-image-5362 \" src=\"https:\/\/urpspharma.re\/wp-content\/uploads\/2022\/10\/entretiens-pharmaceutiques-1024x412.png\" alt=\"\" width=\"528\" height=\"212\" srcset=\"https:\/\/urpspharma.re\/wp-content\/uploads\/2022\/10\/entretiens-pharmaceutiques-1024x412.png 1024w, https:\/\/urpspharma.re\/wp-content\/uploads\/2022\/10\/entretiens-pharmaceutiques-300x121.png 300w, https:\/\/urpspharma.re\/wp-content\/uploads\/2022\/10\/entretiens-pharmaceutiques-768x309.png 768w, https:\/\/urpspharma.re\/wp-content\/uploads\/2022\/10\/entretiens-pharmaceutiques.png 1254w\" sizes=\"(max-width: 528px) 100vw, 528px\" \/><\/p>\n<\/div>\n<\/div>\n<div>\n<h2 class=\"mc-toc-title\"><span style=\"color: #99cc00;\"><strong>Semaine du 24 au 27 octobre 2022<\/strong><\/span><\/h2>\n<p><strong>Secteur Ouest :\u00a0lundi 24 octobre de 9h00 \u00e0 12h00<\/strong><br \/>\nH\u00f4tel Alamanda, 81 Avenue de Bourbon, 97434 Saint-Paul<\/p>\n<p><strong>Secteur Nord :\u00a0mardi 25 octobre\u00a0de 14h00 \u00e0 17h00<\/strong><br \/>\nH\u00f4tel Austral, 20 rue Charles Gounod, 97400 Saint-Denis<\/p>\n<p><strong>Secteur Sud :\u00a0mercredi 26 octobre\u00a0de 9h00 \u00e0 12h00<\/strong><br \/>\nH\u00f4tel le Terre Sainte, 13 rue de l\u2019Amiral Lacaze, 97410 Saint-Pierre<\/p>\n<p><strong>Secteur Est :\u00a0jeudi 27 octobre\u00a0de 9h00 \u00e0 12h00<\/strong><br \/>\n(Lieu \u00e0 confirmer)<\/p>\n<p><strong>Places limit\u00e9es \u00e0 15 personnes par session<br \/>\nUniquement pour les pharmaciens titulaires et adjoints<\/strong><\/p>\n<\/div>\n<div><\/div>\n<div><a href=\"https:\/\/docs.google.com\/forms\/d\/e\/1FAIpQLSeaIoM3GCY-Pi-uVXpbGOrd9YHm-VXGkhrbZsxc-OY0fixRpQ\/viewform\"><img loading=\"lazy\" decoding=\"async\" class=\"aligncenter wp-image-5256 \" src=\"https:\/\/urpspharma.re\/wp-content\/uploads\/2022\/08\/bouton-inscription.png\" alt=\"\" width=\"468\" height=\"46\" srcset=\"https:\/\/urpspharma.re\/wp-content\/uploads\/2022\/08\/bouton-inscription.png 849w, https:\/\/urpspharma.re\/wp-content\/uploads\/2022\/08\/bouton-inscription-300x30.png 300w, https:\/\/urpspharma.re\/wp-content\/uploads\/2022\/08\/bouton-inscription-768x76.png 768w\" sizes=\"(max-width: 468px) 100vw, 468px\" \/><\/a><\/div>\n<div><\/div>\n<div>\n<h3 class=\"null\"><span style=\"color: #003366;\">Prise en charge pour les pharmaciens titulaires par le FIF PL?<\/span><\/h3>\n<p>Un accompagnement vous est propos\u00e9 par MME Aur\u00e9lie SIMON (Ma Formation Officinale) au 02.41.32.42.42 pour enregistrer votre dossier de prise en charge par le FIF PL si besoin.<br \/>\nCo\u00fbt de la formation 150\u20ac<\/p>\n<\/div>\n<div><\/div>\n<div>\n<h3 class=\"null\"><span style=\"color: #003366;\">Gratuit\u00e9 de la formation pour les adjoints<\/span><\/h3>\n<p>La prise en charge pour les adjoints se fera par Ma formation officinale.<br \/>\nTous les adjoints pourront b\u00e9n\u00e9ficier GRATUITEMENT de cette formation.<\/p>\n<\/div>\n<div><\/div>\n<div><\/div>\n<div><strong><span style=\"color: #800080;\">Important :<\/span><\/strong><br \/>\n<span style=\"color: #800080;\"><strong>Dans le cadre de cette de formation en pr\u00e9sentiel les pharmacies seront contact\u00e9es par MME Aur\u00e9lie SIMON de Ma formation officinale afin de<br \/>\n&#8211; parfaire votre information<br \/>\n&#8211; d&#8217;effectuer votre inscription en ligne<br \/>\n&#8211; de vous accompagner pour l&#8217;enregistrement de votre dossier de prise en charge par le FIF PL<\/strong><\/span><\/div>\n<div><\/div>\n<div>\n<h3 class=\"null\"><span style=\"color: #003366;\">Objectifs de la formation<\/span><\/h3>\n<\/div>\n<ul>\n<li>Comment mettre en place l&#8217;oncologie au sein de son officine<\/li>\n<li>Communiquer au sein de l&#8217;officine<\/li>\n<li>Les outils utiles au comptoir<\/li>\n<li>Identifier les patients<\/li>\n<li>Pr\u00e9senter les entretiens<\/li>\n<li>Les 5 \u00e9tapes des entretiens en CTO<\/li>\n<li>Les entretiens d&#8217;un point de vue administratif<\/li>\n<li>Mise en place d&#8217;un parcours au sein de l&#8217;officine<\/li>\n<li>Pr\u00e9parer et effectuer l&#8217;analyse des ordonnances<\/li>\n<li>Identifier les principaux risques d&#8217;interactions m\u00e9dicamenteuses<\/li>\n<li>L&#8217;entretien : la relation \u00e0 l&#8217;autre.<\/li>\n<li>La r\u00e9alisation des 3 entretiens<\/li>\n<li>Les pi\u00e8ges \u00e0 \u00e9viter<\/li>\n<li>Les 5 \u00e9tapes en interne<\/li>\n<li>Les 5 \u00e9tapes en externe<\/li>\n<\/ul>\n<p><img loading=\"lazy\" decoding=\"async\" class=\"aligncenter wp-image-5363 \" src=\"https:\/\/urpspharma.re\/wp-content\/uploads\/2022\/10\/formation-presentielle1.png\" alt=\"\" width=\"475\" height=\"131\" srcset=\"https:\/\/urpspharma.re\/wp-content\/uploads\/2022\/10\/formation-presentielle1.png 785w, https:\/\/urpspharma.re\/wp-content\/uploads\/2022\/10\/formation-presentielle1-300x83.png 300w, https:\/\/urpspharma.re\/wp-content\/uploads\/2022\/10\/formation-presentielle1-768x211.png 768w\" sizes=\"(max-width: 475px) 100vw, 475px\" \/><\/p>\n<hr \/>\n<p>Lien(s) utile(s)ameli.fr<\/p>\n<p>\u25ba<a href=\"https:\/\/www.ameli.fr\/la-reunion\/pharmacien\/exercice-professionnel\/sante-prevention\/accompagnements\/accompagnement-pharmaceutique-patients-chroniques\/anticancereux-voie-orale\" target=\"_blank\" rel=\"noopener noreferrer\">Accompagnement pharmaceutique des patients sous anticanc\u00e9reux par voie orale<\/a><\/p>\n<p>\u25ba<a href=\"https:\/\/www.ameli.fr\/sites\/default\/files\/Documents\/718032\/document\/memo-pharmacien-facturation-accompagnement-anticancereux.pdf\" target=\"_blank\" rel=\"noopener noreferrer\">Aide \u00e0 la facturation<\/a><\/p>\n<p><img loading=\"lazy\" decoding=\"async\" class=\"aligncenter wp-image-5178 size-large\" src=\"https:\/\/urpspharma.re\/wp-content\/uploads\/2022\/06\/r\u00e9mun\u00e9ration-ameli-1024x465.png\" alt=\"\" width=\"1024\" height=\"465\" srcset=\"https:\/\/urpspharma.re\/wp-content\/uploads\/2022\/06\/r\u00e9mun\u00e9ration-ameli-1024x465.png 1024w, https:\/\/urpspharma.re\/wp-content\/uploads\/2022\/06\/r\u00e9mun\u00e9ration-ameli-300x136.png 300w, https:\/\/urpspharma.re\/wp-content\/uploads\/2022\/06\/r\u00e9mun\u00e9ration-ameli-768x349.png 768w, https:\/\/urpspharma.re\/wp-content\/uploads\/2022\/06\/r\u00e9mun\u00e9ration-ameli.png 1066w\" sizes=\"(max-width: 1024px) 100vw, 1024px\" \/><\/p>\n","protected":false},"excerpt":{"rendered":"<p>Formation pr\u00e9sentielle du 24 au 27 octobre 2022 La place du pharmacien au sein du parcours de soins des patients trait\u00e9s par anticanc\u00e9reux oraux est\u00a0pleinement d\u00e9finie\u00a0avec l&#8217;instauration des entretiens pharmaceutiques (tableau d&#8217;indemnisation : site ameli.fr).Dans cette optique, vos \u00e9lus vous proposent de participer \u00e0 une formation pr\u00e9sentielle qui vous permettra d&#8217;am\u00e9liorer cette prise en charge.&hellip;<\/p>\n","protected":false},"author":3,"featured_media":0,"comment_status":"open","ping_status":"open","sticky":false,"template":"","format":"standard","meta":{"footnotes":""},"categories":[541,182],"tags":[556,540,446,578,552],"amp_enabled":true,"_links":{"self":[{"href":"https:\/\/urpspharma.re\/index.php?rest_route=\/wp\/v2\/posts\/5361"}],"collection":[{"href":"https:\/\/urpspharma.re\/index.php?rest_route=\/wp\/v2\/posts"}],"about":[{"href":"https:\/\/urpspharma.re\/index.php?rest_route=\/wp\/v2\/types\/post"}],"author":[{"embeddable":true,"href":"https:\/\/urpspharma.re\/index.php?rest_route=\/wp\/v2\/users\/3"}],"replies":[{"embeddable":true,"href":"https:\/\/urpspharma.re\/index.php?rest_route=%2Fwp%2Fv2%2Fcomments&post=5361"}],"version-history":[{"count":3,"href":"https:\/\/urpspharma.re\/index.php?rest_route=\/wp\/v2\/posts\/5361\/revisions"}],"predecessor-version":[{"id":5421,"href":"https:\/\/urpspharma.re\/index.php?rest_route=\/wp\/v2\/posts\/5361\/revisions\/5421"}],"wp:attachment":[{"href":"https:\/\/urpspharma.re\/index.php?rest_route=%2Fwp%2Fv2%2Fmedia&parent=5361"}],"wp:term":[{"taxonomy":"category","embeddable":true,"href":"https:\/\/urpspharma.re\/index.php?rest_route=%2Fwp%2Fv2%2Fcategories&post=5361"},{"taxonomy":"post_tag","embeddable":true,"href":"https:\/\/urpspharma.re\/index.php?rest_route=%2Fwp%2Fv2%2Ftags&post=5361"}],"curies":[{"name":"wp","href":"https:\/\/api.w.org\/{rel}","templated":true}]}}