{"id":538,"date":"2016-04-29T14:03:16","date_gmt":"2016-04-29T10:03:16","guid":{"rendered":"http:\/\/urpspharma.re\/?p=538"},"modified":"2018-03-10T10:10:42","modified_gmt":"2018-03-10T06:10:42","slug":"votre-urps-en-action-reperage-des-diabetiques-en-officine","status":"publish","type":"post","link":"https:\/\/urpspharma.re\/?p=538","title":{"rendered":"Votre URPS en action &#8211; Rep\u00e9rage des diab\u00e9tiques en officine"},"content":{"rendered":"<p style=\"text-align: center;\"><strong>&#8220;Conf\u00e9rence de consensus sur le Diab\u00e8te R\u00e9union et Mayotte&#8221; jeudi 28 avril 2016<\/strong><\/p>\n<p style=\"text-align: left;\">En attendant les r\u00e9sultats d\u00e9taill\u00e9s qui seront fournis par l&#8217;Observatoire R\u00e9gional de Sant\u00e9,\u00a0l&#8217;URPS \u00a0a pr\u00e9sent\u00e9 l&#8217;action 2015 &#8220;rep\u00e9rage des diab\u00e9tiques en officine&#8221;.<\/p>\n<p style=\"text-align: left;\">Vous pouvez prendre connaissance de cette pr\u00e9sentation en cliquant <a href=\"https:\/\/prezi.com\/nhjaw5pp6pcw\/reperage-des-diabetiques-en-pharmacie\/\" target=\"_blank\" rel=\"noopener\">ICI<\/a>.<\/p>\n<p style=\"text-align: left;\">Notre objectif est de reconduire l&#8217;op\u00e9ration en 2016 avec une mobilisation\u00a0encore plus forte des pharmaciens tout en am\u00e9liorant le dispositif.<\/p>\n<p>&nbsp;<\/p>\n<p><a href=\"http:\/\/urpspharma.re\/wp-content\/uploads\/2015\/11\/URPS_PHARMACIENS_OP_DIABETE_AFFICHE_A4_LIVRAISON_WEB_231015.jpg\" rel=\"attachment wp-att-360\"><img loading=\"lazy\" decoding=\"async\" class=\"aligncenter size-medium wp-image-360\" src=\"http:\/\/urpspharma.re\/wp-content\/uploads\/2015\/11\/URPS_PHARMACIENS_OP_DIABETE_AFFICHE_A4_LIVRAISON_WEB_231015-212x300.jpg\" alt=\"URPS_PHARMACIENS_OP_DIABETE_AFFICHE_A4_LIVRAISON_WEB_231015\" width=\"212\" height=\"300\" srcset=\"https:\/\/urpspharma.re\/wp-content\/uploads\/2015\/11\/URPS_PHARMACIENS_OP_DIABETE_AFFICHE_A4_LIVRAISON_WEB_231015-212x300.jpg 212w, https:\/\/urpspharma.re\/wp-content\/uploads\/2015\/11\/URPS_PHARMACIENS_OP_DIABETE_AFFICHE_A4_LIVRAISON_WEB_231015.jpg 595w\" sizes=\"(max-width: 212px) 100vw, 212px\" \/><\/a><\/p>\n","protected":false},"excerpt":{"rendered":"<p>&#8220;Conf\u00e9rence de consensus sur le Diab\u00e8te R\u00e9union et Mayotte&#8221; jeudi 28 avril 2016 En attendant les r\u00e9sultats d\u00e9taill\u00e9s qui seront fournis par l&#8217;Observatoire R\u00e9gional de Sant\u00e9,\u00a0l&#8217;URPS \u00a0a pr\u00e9sent\u00e9 l&#8217;action 2015 &#8220;rep\u00e9rage des diab\u00e9tiques en officine&#8221;. Vous pouvez prendre connaissance de cette pr\u00e9sentation en cliquant ICI. Notre objectif est de reconduire l&#8217;op\u00e9ration en 2016 avec une&hellip;<\/p>\n","protected":false},"author":3,"featured_media":0,"comment_status":"open","ping_status":"open","sticky":false,"template":"","format":"standard","meta":{"footnotes":""},"categories":[182],"tags":[81,13,11,82,14],"amp_enabled":true,"_links":{"self":[{"href":"https:\/\/urpspharma.re\/index.php?rest_route=\/wp\/v2\/posts\/538"}],"collection":[{"href":"https:\/\/urpspharma.re\/index.php?rest_route=\/wp\/v2\/posts"}],"about":[{"href":"https:\/\/urpspharma.re\/index.php?rest_route=\/wp\/v2\/types\/post"}],"author":[{"embeddable":true,"href":"https:\/\/urpspharma.re\/index.php?rest_route=\/wp\/v2\/users\/3"}],"replies":[{"embeddable":true,"href":"https:\/\/urpspharma.re\/index.php?rest_route=%2Fwp%2Fv2%2Fcomments&post=538"}],"version-history":[{"count":4,"href":"https:\/\/urpspharma.re\/index.php?rest_route=\/wp\/v2\/posts\/538\/revisions"}],"predecessor-version":[{"id":1575,"href":"https:\/\/urpspharma.re\/index.php?rest_route=\/wp\/v2\/posts\/538\/revisions\/1575"}],"wp:attachment":[{"href":"https:\/\/urpspharma.re\/index.php?rest_route=%2Fwp%2Fv2%2Fmedia&parent=538"}],"wp:term":[{"taxonomy":"category","embeddable":true,"href":"https:\/\/urpspharma.re\/index.php?rest_route=%2Fwp%2Fv2%2Fcategories&post=538"},{"taxonomy":"post_tag","embeddable":true,"href":"https:\/\/urpspharma.re\/index.php?rest_route=%2Fwp%2Fv2%2Ftags&post=538"}],"curies":[{"name":"wp","href":"https:\/\/api.w.org\/{rel}","templated":true}]}}