{"id":5442,"date":"2022-09-22T15:55:46","date_gmt":"2022-09-22T11:55:46","guid":{"rendered":"https:\/\/urpspharma.re\/?p=5442"},"modified":"2022-10-13T16:07:51","modified_gmt":"2022-10-13T12:07:51","slug":"evenement-votre-action-octobre-rose","status":"publish","type":"post","link":"https:\/\/urpspharma.re\/?p=5442","title":{"rendered":"Ev\u00e8nement  : Votre action octobre rose"},"content":{"rendered":"<h3 style=\"text-align: center;\"><span style=\"font-size: 1.6em;\">Pr\u00e9vention Cancer du sein<\/span><\/h3>\n<div>\n<div dir=\"auto\">\n<div>\n<div>\n<div><b>Associations, \u00e9coles, entreprises, lieux de vie, espaces d&#8217;accueil&#8230;\u00a0<\/b><\/div>\n<div><b><span style=\"color: #da70d6;\">Vous souhaitez informer, sensibiliser vos publics \u00e0 la pr\u00e9vention des cancers ?\u00a0<\/span><\/b><\/div>\n<div><b><span style=\"color: #da70d6;\">Affichez-vous pour octobre rose !\u00a0<\/span><\/b><\/div>\n<\/div>\n<p><b>L&#8217;expo D\u00e9fi D&#8217;Seins,\u00a0<\/b><b>une action cl\u00e9 en main pour l&#8217;animation de vos \u00e9v\u00e8nements\u00a0<\/b><\/p>\n<p><b>(Octobre Rose, Journ\u00e9e de La Femme, Villages Sant\u00e9, Forums au f\u00e9minin&#8230; )<\/b><\/p>\n<p><u>L&#8217; Exposition P\u00e9i, artistique et p\u00e9dagogique, sur la pr\u00e9vention &amp; le d\u00e9pistage du cancer du sein\u00a0<\/u><\/p>\n<p>co-r\u00e9alisation Asetis &amp; le\u00a0<span class=\"il\">CRCDC<\/span>\u00a0La R\u00e9union,<\/p>\n<p>\u25ba Un PDF de 24 pages couleurs contenant :<\/p>\n<p>-une quinzaine d&#8217;\u0153uvres,<\/p>\n<p>-le descriptif de l&#8217;action<\/p>\n<p>-des informations sur la pr\u00e9vention &amp; le d\u00e9pistage des cancers<\/p>\n<p>\u25ba Accessible en t\u00e9l\u00e9chargement<\/p>\n<p>\u25ba A imprimer &amp; afficher dans vos espaces d&#8217;accueil pour octobre &amp; +&#8230; ( Format recommand\u00e9 : A3 couleurs).<\/p>\n<p><span style=\"color: #333333;\"><b>Mode d&#8217;emploi et Affiche de pr\u00e9sentation en pi\u00e8ces jointes &amp; en t\u00e9l\u00e9chargement :<\/b><\/span><\/p>\n<p><span style=\"color: #333333;\"><a href=\"https:\/\/www.depistage-cancers-la-reunion.re\/defidseins\/\" target=\"_blank\" rel=\"noopener noreferrer\" data-saferedirecturl=\"https:\/\/www.google.com\/url?q=https:\/\/www.depistage-cancers-la-reunion.re\/defidseins\/&amp;source=gmail&amp;ust=1665748442340000&amp;usg=AOvVaw1jmy2rV9jARM8B0GlAxt-g\">https:\/\/www.depistage-cancers-<wbr \/>la-reunion.re\/defidseins\/<\/a><br \/>\n<\/span><\/p>\n<h2><span style=\"color: #003366;\">Inscrivez vos actions, nous valorisons votre participation !<\/span><\/h2>\n<p>Int\u00e9grez l&#8217;agenda r\u00e9gional des actions de pr\u00e9vention (relations presse &amp; r\u00e9seaux sociaux) #defidseins<\/p>\n<p>\u25ba Transmettez-nous les informations suivantes par mail ( <a href=\"mailto:jcasterman.crcdc-reunion@orange.fr\" target=\"_blank\" rel=\"noopener noreferrer\">jcasterman.<span class=\"il\">crcdc<\/span>-reunion@<wbr \/>orange.fr<\/a>\u00a0)<\/p>\n<p><u><span style=\"color: #2f4f4f;\">EN AMONT DE L\u2019ACTION\u00a0<\/span><span style=\"color: #ff0000;\">( Pour Octobre rose, envoi d&#8217;ici le 16 septembre ! )<\/span><\/u><\/p>\n<p>&#8211; dates d&#8217;exposition ( vernissage )<\/p>\n<p>&#8211; lieu &#8211; adresse<\/p>\n<p>&#8211; horaires<\/p>\n<p>&#8211; contact organisation<\/p>\n<p><u>PENDANT \/ APRES L\u2019ACTION<\/u><\/p>\n<p>&#8211; photos de l\u2019\u00e9v\u00e8nement<\/p>\n<p>&#8211; publiez sur vos r\u00e9seaux : #defidseins<\/p>\n<p>Veuillez trouver ci-joint les contenus \/ textes de pr\u00e9sentation, pour tout compl\u00e9ment d&#8217;informations, je suis \u00e0 votre \u00e9coute \ud83d\ude42<\/p>\n<p>Contact pour tout compl\u00e9ment d&#8217;information<\/p>\n<p>Julie CASTERMAN<\/p>\n<p>Animatrice de promotion en sant\u00e9<\/p>\n<p><a href=\"mailto:jcasterman.crcdc-reunion@orange.fr\" target=\"_blank\" rel=\"noopener noreferrer\">jcasterman.<span class=\"il\">crcdc<\/span>-reunion@<wbr \/>orange.fr<\/a><\/p>\n<p>Facebook :\u00a0<a href=\"https:\/\/www.facebook.com\/hashtag\/cancerduseinparlonsen?__eep__=6&amp;__cft__%5b0%5d=AZVtC4YF-OZls_2bc1X2mX1U1zg0aMTio_sOMa5fWfyetDANJOD8kniA5-eSx0ADxdJCGmA5adOVki2WmxWH6W79X2aoEG6VsypwjslFan-tVgLss6Xu21yqOiNs1DDoJ0A&amp;__tn__=*NK-R\" target=\"_blank\" rel=\"noopener noreferrer\" data-saferedirecturl=\"https:\/\/www.google.com\/url?q=https:\/\/www.facebook.com\/hashtag\/cancerduseinparlonsen?__eep__%3D6%26__cft__%255b0%255d%3DAZVtC4YF-OZls_2bc1X2mX1U1zg0aMTio_sOMa5fWfyetDANJOD8kniA5-eSx0ADxdJCGmA5adOVki2WmxWH6W79X2aoEG6VsypwjslFan-tVgLss6Xu21yqOiNs1DDoJ0A%26__tn__%3D*NK-R&amp;source=gmail&amp;ust=1665748442340000&amp;usg=AOvVaw1sWrv6iiPzx-GuG1_ZaeHI\">#cancerduseinparlonse<\/a><a href=\"https:\/\/www.facebook.com\/hashtag\/cancerduseinparlonsen?__eep__=6&amp;__cft__%5b0%5d=AZVtC4YF-OZls_2bc1X2mX1U1zg0aMTio_sOMa5fWfyetDANJOD8kniA5-eSx0ADxdJCGmA5adOVki2WmxWH6W79X2aoEG6VsypwjslFan-tVgLss6Xu21yqOiNs1DDoJ0A&amp;__tn__=*NK-R\" target=\"_blank\" rel=\"noopener noreferrer\" data-saferedirecturl=\"https:\/\/www.google.com\/url?q=https:\/\/www.facebook.com\/hashtag\/cancerduseinparlonsen?__eep__%3D6%26__cft__%255b0%255d%3DAZVtC4YF-OZls_2bc1X2mX1U1zg0aMTio_sOMa5fWfyetDANJOD8kniA5-eSx0ADxdJCGmA5adOVki2WmxWH6W79X2aoEG6VsypwjslFan-tVgLss6Xu21yqOiNs1DDoJ0A%26__tn__%3D*NK-R&amp;source=gmail&amp;ust=1665748442340000&amp;usg=AOvVaw1sWrv6iiPzx-GuG1_ZaeHI\">n<\/a>\u00a0#<wbr \/>jagispourmasante #tienbolokor #defidseins<\/p>\n<\/div>\n<div><img loading=\"lazy\" decoding=\"async\" class=\"aligncenter size-medium wp-image-5443\" src=\"https:\/\/urpspharma.re\/wp-content\/uploads\/2022\/10\/ExpoDefiDseins-Prevention-Cancers-974-@CRCDC-300x232.png\" alt=\"\" width=\"300\" height=\"232\" srcset=\"https:\/\/urpspharma.re\/wp-content\/uploads\/2022\/10\/ExpoDefiDseins-Prevention-Cancers-974-@CRCDC-300x232.png 300w, https:\/\/urpspharma.re\/wp-content\/uploads\/2022\/10\/ExpoDefiDseins-Prevention-Cancers-974-@CRCDC-768x593.png 768w, https:\/\/urpspharma.re\/wp-content\/uploads\/2022\/10\/ExpoDefiDseins-Prevention-Cancers-974-@CRCDC-1024x791.png 1024w, https:\/\/urpspharma.re\/wp-content\/uploads\/2022\/10\/ExpoDefiDseins-Prevention-Cancers-974-@CRCDC.png 1056w\" sizes=\"(max-width: 300px) 100vw, 300px\" \/><\/div>\n<\/div>\n<\/div>\n","protected":false},"excerpt":{"rendered":"<p>Pr\u00e9vention Cancer du sein Associations, \u00e9coles, entreprises, lieux de vie, espaces d&#8217;accueil&#8230;\u00a0 Vous souhaitez informer, sensibiliser vos publics \u00e0 la pr\u00e9vention des cancers ?\u00a0 Affichez-vous pour octobre rose !\u00a0 L&#8217;expo D\u00e9fi D&#8217;Seins,\u00a0une action cl\u00e9 en main pour l&#8217;animation de vos \u00e9v\u00e8nements\u00a0 (Octobre Rose, Journ\u00e9e de La Femme, Villages Sant\u00e9, Forums au f\u00e9minin&#8230; ) L&#8217; Exposition&hellip;<\/p>\n","protected":false},"author":3,"featured_media":5443,"comment_status":"open","ping_status":"open","sticky":false,"template":"","format":"standard","meta":{"footnotes":""},"categories":[262],"tags":[554,582,552],"amp_enabled":true,"_links":{"self":[{"href":"https:\/\/urpspharma.re\/index.php?rest_route=\/wp\/v2\/posts\/5442"}],"collection":[{"href":"https:\/\/urpspharma.re\/index.php?rest_route=\/wp\/v2\/posts"}],"about":[{"href":"https:\/\/urpspharma.re\/index.php?rest_route=\/wp\/v2\/types\/post"}],"author":[{"embeddable":true,"href":"https:\/\/urpspharma.re\/index.php?rest_route=\/wp\/v2\/users\/3"}],"replies":[{"embeddable":true,"href":"https:\/\/urpspharma.re\/index.php?rest_route=%2Fwp%2Fv2%2Fcomments&post=5442"}],"version-history":[{"count":3,"href":"https:\/\/urpspharma.re\/index.php?rest_route=\/wp\/v2\/posts\/5442\/revisions"}],"predecessor-version":[{"id":5448,"href":"https:\/\/urpspharma.re\/index.php?rest_route=\/wp\/v2\/posts\/5442\/revisions\/5448"}],"wp:featuredmedia":[{"embeddable":true,"href":"https:\/\/urpspharma.re\/index.php?rest_route=\/wp\/v2\/media\/5443"}],"wp:attachment":[{"href":"https:\/\/urpspharma.re\/index.php?rest_route=%2Fwp%2Fv2%2Fmedia&parent=5442"}],"wp:term":[{"taxonomy":"category","embeddable":true,"href":"https:\/\/urpspharma.re\/index.php?rest_route=%2Fwp%2Fv2%2Fcategories&post=5442"},{"taxonomy":"post_tag","embeddable":true,"href":"https:\/\/urpspharma.re\/index.php?rest_route=%2Fwp%2Fv2%2Ftags&post=5442"}],"curies":[{"name":"wp","href":"https:\/\/api.w.org\/{rel}","templated":true}]}}