{"id":5460,"date":"2022-10-12T12:03:21","date_gmt":"2022-10-12T08:03:21","guid":{"rendered":"https:\/\/urpspharma.re\/?p=5460"},"modified":"2022-10-14T12:08:53","modified_gmt":"2022-10-14T08:08:53","slug":"grippe-saisonniere-prolongation-de-la-vaccination","status":"publish","type":"post","link":"https:\/\/urpspharma.re\/?p=5460","title":{"rendered":"Grippe saisonni\u00e8re : prolongation de la vaccination"},"content":{"rendered":"<h2 style=\"text-align: center;\"><span style=\"color: #003366;\">Campagne de vaccination prolong\u00e9e jusqu&#8217;au 31 octobre 2022<\/span><\/h2>\n<p>Une recrudescence de la circulation de la grippe a \u00e9t\u00e9 observ\u00e9e au cours des derni\u00e8res semaines avec une hausse continue, depuis trois semaines, des passages aux urgences et des hospitalisations. Dans ce contexte, l\u2019ARS et l\u2019Assurance Maladie R\u00e9union ont d\u00e9cid\u00e9 de prolonger la campagne de vaccination antigrippale jusqu\u2019au 31\/10\/22.<\/p>\n<h2 style=\"text-align: center;\"><span style=\"color: #003366;\">RAPPEL<\/span><\/h2>\n<h2 class=\"mc-toc-title\" style=\"text-align: center;\"><span style=\"color: #003366;\">Les pharmaciens volontaires et form\u00e9s peuvent vacciner !<\/span><\/h2>\n<div>\n<p><img loading=\"lazy\" decoding=\"async\" class=\"aligncenter wp-image-5186 size-large\" src=\"https:\/\/urpspharma.re\/wp-content\/uploads\/2022\/04\/SAVE-THE-DATE-19-AVRIL-LANCEMENT-CAMPAGNE-1024x187.png\" alt=\"\" width=\"1024\" height=\"187\" srcset=\"https:\/\/urpspharma.re\/wp-content\/uploads\/2022\/04\/SAVE-THE-DATE-19-AVRIL-LANCEMENT-CAMPAGNE-1024x187.png 1024w, https:\/\/urpspharma.re\/wp-content\/uploads\/2022\/04\/SAVE-THE-DATE-19-AVRIL-LANCEMENT-CAMPAGNE-300x55.png 300w, https:\/\/urpspharma.re\/wp-content\/uploads\/2022\/04\/SAVE-THE-DATE-19-AVRIL-LANCEMENT-CAMPAGNE-768x140.png 768w, https:\/\/urpspharma.re\/wp-content\/uploads\/2022\/04\/SAVE-THE-DATE-19-AVRIL-LANCEMENT-CAMPAGNE.png 1040w\" sizes=\"(max-width: 1024px) 100vw, 1024px\" \/><\/p>\n<h2><img loading=\"lazy\" decoding=\"async\" class=\"aligncenter wp-image-5187 size-large\" src=\"https:\/\/urpspharma.re\/wp-content\/uploads\/2022\/04\/SAVE-THE-DATE-30-SEPT-FIN-CAMPAGNE-1024x184.png\" alt=\"\" width=\"1024\" height=\"184\" srcset=\"https:\/\/urpspharma.re\/wp-content\/uploads\/2022\/04\/SAVE-THE-DATE-30-SEPT-FIN-CAMPAGNE-1024x184.png 1024w, https:\/\/urpspharma.re\/wp-content\/uploads\/2022\/04\/SAVE-THE-DATE-30-SEPT-FIN-CAMPAGNE-300x54.png 300w, https:\/\/urpspharma.re\/wp-content\/uploads\/2022\/04\/SAVE-THE-DATE-30-SEPT-FIN-CAMPAGNE-768x138.png 768w, https:\/\/urpspharma.re\/wp-content\/uploads\/2022\/04\/SAVE-THE-DATE-30-SEPT-FIN-CAMPAGNE.png 1040w\" sizes=\"(max-width: 1024px) 100vw, 1024px\" \/><\/h2>\n<h2><span style=\"color: #003366;\"><strong>Strat\u00e9gie vaccinale<\/strong><\/span><\/h2>\n<p style=\"font-weight: 400;\">Les invitations et les bons de prise en charge sont\u00a0 adress\u00e9s par voie postale \u00e0 vos patients \u00e9ligibles depuis quelques jours.<\/p>\n<ul>\n<li>les personnes \u00e2g\u00e9es de 65\u00a0ans et plus\u00a0;<\/li>\n<li>les personnes de moins de 65\u00a0ans souffrant de certaines maladies chroniques\u00a0;<\/li>\n<li>les femmes enceintes (quel que soit le trimestre de grossesse)\u00a0;<\/li>\n<li>les personnes souffrant d\u2019ob\u00e9sit\u00e9\u00a0: indice de masse corporel (IMC) sup\u00e9rieur ou \u00e9gal \u00e0 40kg\/m2.<\/li>\n<\/ul>\n<p>La strat\u00e9gie vaccinale vise aussi \u00e0 assurer une protection indirecte en vaccinant\u00a0:<\/p>\n<ul>\n<li>les personnes s\u00e9journant dans des \u00e9tablissements de soins ou m\u00e9dico-sociaux d&#8217;h\u00e9bergement, quel que soit leur \u00e2ge ;<\/li>\n<li>l\u2019entourage familial des nourrissons \u00e2g\u00e9s de moins de 6\u00a0mois pr\u00e9sentant des facteurs de risque grave\u00a0;<\/li>\n<li>des professionnels de sant\u00e9 lib\u00e9raux en contact r\u00e9gulier et prolong\u00e9 avec des sujets \u00e0 risque de grippe s\u00e9v\u00e8re.<\/li>\n<\/ul>\n<p><span style=\"color: #800080;\"><strong>Attention :\u00a0les femmes enceintes,\u00a0l\u2019entourage familial des nourrissons \u00e0 risque,\u00a0les personnes ob\u00e8ses,\u00a0ne seront pas destinataires du courrier d\u2019invitation de l\u2019Assurance Maladie.<br \/>Il appartiendra aux professionnels de d\u00e9cider de l\u2019opportunit\u00e9 de la vaccination et de leur d\u00e9livrer l\u2019imprim\u00e9 de prise en charge.<\/strong><\/span><\/p>\n<p style=\"font-weight: 400;\"><em><strong>Documents utiles :<\/strong><\/em><br \/>\u25ba<a href=\"https:\/\/solidarites-sante.gouv.fr\/IMG\/pdf\/calendrier_vaccinal_090721.pdf\">Calendrier des vaccinations et recommandations\u00a0<\/a><br \/>\u25ba<a href=\"https:\/\/www.cgss.re\/sites\/default\/files\/fichiers_publics\/edocumentationPdf\/bon_de_prise_en_charge_ameli_pro_pharmaciens_610.cnam_reunion.pdf\">Prise en charge vierge<\/a><br \/>\u25ba<a href=\"https:\/\/drive.google.com\/file\/d\/1FHI_PlVZFR4P1N0NCPV8GvPz1DYYuD2p\/view?usp=sharing\">M\u00e9mo grippe pharmaciens<\/a><br \/>\u25ba<a href=\"https:\/\/drive.google.com\/file\/d\/1HY2_4YvdmXeV6Gg63C5Egv4YTe7FjEbC\/view?usp=sharing\">Amelipro : tutoriel impression de prise en charge<\/a><br \/>\u25ba<a href=\"https:\/\/www.ameli.fr\/pharmacien\/exercice-professionnel\/services-patients\/vaccination-grippe-saisonniere#text_180756\">Ameli.fr<\/a><\/p>\n<\/div>\n<div>\n<h2 class=\"null\" dir=\"ltr\"><strong><span style=\"color: #003366;\">VAXIGRIP TETRA HS, suspension injectable<\/span><\/strong><\/h2>\n<\/div>\n<div>\n<div>\n<ul>\n<li>Adultes : une dose de 0,5 ml.<\/li>\n<li>Enfants \u00e2g\u00e9s de 6 mois \u00e0 17 ans : une dose de 0,5 ml.<\/li>\n<li>Chez les enfants \u00e2g\u00e9s de moins de 9 ans n\u2019ayant pas \u00e9t\u00e9 vaccin\u00e9s auparavant, une seconde dose de 0,5 ml devra \u00eatre administr\u00e9e apr\u00e8s un intervalle d\u2019au moins 4 semaines<\/li>\n<\/ul>\n<p>\u25ba<a href=\"https:\/\/ansm.sante.fr\/tableau-atun\/vaxigrip-tetra-hs-suspension-injectable\" target=\"_blank\" rel=\"noopener noreferrer\">ANSM<\/a><\/p>\n<\/div>\n<\/div>\n<h2><strong><span style=\"color: #003366;\">Tra\u00e7abilit\u00e9 et facturation<\/span><\/strong><\/h2>\n<h4 dir=\"ltr\"><strong>La tra\u00e7abilit\u00e9 de la co-administration dans le SI<\/strong><\/h4>\n<p dir=\"ltr\">Lorsqu&#8217;un professionnel de sant\u00e9 administre les 2 vaccins le m\u00eame jour, il doit s\u00e9lectionner le motif \u00ab Rappel concomitant \u00e0 la vaccination grippe \u00bb dans le t\u00e9l\u00e9service Vaccin Covid.<br \/>Ce nouveau motif de rappel est propos\u00e9 lorsque le professionnel clique sur \u00ab Ajouter une vaccination \u00bb apr\u00e8s un sch\u00e9ma vaccinal complet.<\/p>\n<h4 dir=\"ltr\"><strong>Consignes de facturation<\/strong><\/h4>\n<p dir=\"ltr\">La pharmacie doit :<br \/>\u2022 S\u2019identifier, sur la feuille de soins, en tant que prescripteur et ex\u00e9cutant<br \/>\u2022 Utiliser le code nature de prestation VGP \u00ab Vaccination Grippe Pharmacien \u00bb<br \/>La prestation est factur\u00e9e en tiers payant.<\/p>\n<h4 dir=\"ltr\"><strong>Honoraire de vaccination et facturation du vaccin<\/strong><\/h4>\n<p dir=\"ltr\">L&#8217;acte de vaccination VGP est fix\u00e9 pour La R\u00e9union \u00e0\u00a0<strong>6.60\u20ac<\/strong>. Il est pris en charge \u00e0 100% uniquement pour les personnes en ALD, maternit\u00e9 ou invalidit\u00e9.<br \/>Il convient de facturer le vaccin en\u00a0<strong>EXO7<\/strong>\u00a0(pr\u00e9vention) pour une prise en charge \u00e0 100% du vaccin<br \/>Le vaccin est affect\u00e9 du code\u00a0<strong>CIP 3400928099761<\/strong><\/p>\n<div><span style=\"color: #993366;\"><strong>Attention :<br \/>En cas de vaccination concomitante avec la vaccination contre la Covid-19 il convient de r\u00e9aliser deux factures distinctes de l\u2019acte de vaccination.\u00a0<\/strong><\/span>\n<p>\u00a0<\/p>\n<div dir=\"ltr\"><span style=\"color: #993366;\"><strong>Les codes GS1 et GS2 ne doivent plus \u00eatre utilis\u00e9s.<\/strong><\/span>\u00a0<\/div>\n<\/div>\n<div>La facturation des vaccins se fait dans les conditions pr\u00e9vues et d\u00e9taill\u00e9es sur\u00a0<a xml:lang=\"fr\" href=\"https:\/\/www.ameli.fr\/content\/grippe-saisonniere-memo-pharmacien-2020-assurance-maladie\" rel=\"nofollow\" data-entity-substitution=\"canonical\" data-entity-type=\"node\" data-entity-uuid=\"66eb757e-0ca3-422f-9be8-0369e685d2b4\" data-xiti-chapter-1=\"national\" data-xiti-chapter-2=\"\" data-xiti-chapter-3=\"\" data-xiti-level-2=\"5\" data-xiti-name=\"grippe-memos-pharmaciens2021.pdf\" data-xiti-type=\"download\">le m\u00e9mo pharmaciens 2021 (PDF)<\/a>.<br \/>\u25ba<a href=\"https:\/\/drive.google.com\/file\/d\/1yig9mrmaQjGPHCt9NWKbwCZ_x72TNyp9\/view?usp=sharing\" target=\"_blank\" rel=\"noopener noreferrer\">Courrier aux pharmaciens du 5 avril 2022<\/a><\/div>\n<h2 class=\"null\"><strong><span style=\"color: #003366;\">Co-administration des vaccins contre la grippe et contre la Covid-19<\/span><\/strong><\/h2>\n<p>La\u00a0<a href=\"https:\/\/www.has-sante.fr\/jcms\/p_3288556\/fr\/avis-n-2021-0069\/ac\/sespev-du-23-septembre-2021-du-college-de-la-haute-autorite-de-sante-venant-completer-l-avis-du-23-aout-2021-relatif-a-la-definition-des-populations-a-cibler-par-la-campagne-de-rappel-vaccinal-chez-les-personnes-ayant-eu-une-primovaccination-complete-contre-la-covid-19#:~:text=Validation%20%3A%20septembre%202021-,Avis%20n%C2%B0%202021.0069%2FAC%2FSESPEV%20du%2023%20septembre%202021,compl%C3%A8te%20contre%20la%20Covid%2D19\" target=\"_blank\" rel=\"noopener noreferrer\">HAS, dans son avis du 23 septembre 2021<\/a>\u00a0confirme que la r\u00e9alisation concomitante des vaccins contre la grippe et la Covid-19 est possible.<br \/><strong><span style=\"color: #800080;\">Attention : un vaccin dans chaque bras<\/span><\/strong><\/p>\n<p><img loading=\"lazy\" decoding=\"async\" class=\"aligncenter wp-image-5191 size-full\" src=\"https:\/\/urpspharma.re\/wp-content\/uploads\/2022\/06\/Vaccin_Grippe_Covid_IMAGE-ET-LOGO678x454.png\" alt=\"\" width=\"744\" height=\"411\" srcset=\"https:\/\/urpspharma.re\/wp-content\/uploads\/2022\/06\/Vaccin_Grippe_Covid_IMAGE-ET-LOGO678x454.png 744w, https:\/\/urpspharma.re\/wp-content\/uploads\/2022\/06\/Vaccin_Grippe_Covid_IMAGE-ET-LOGO678x454-300x166.png 300w\" sizes=\"(max-width: 744px) 100vw, 744px\" \/><\/p>\n<p><strong>Pour favoriser la synergie des campagnes de vaccination de rappel contre la Covid-19 et de vaccination contre la grippe, et ainsi assurer un haut niveau de protection pour les populations les plus fragiles, il vous est demand\u00e9 d\u2019encourager syst\u00e9matiquement les deux vaccinations aupr\u00e8s des personnes cibl\u00e9es par les recommandations.<\/strong><\/p>\n<h2 class=\"null\" dir=\"ltr\"><strong><span style=\"color: #003366;\">Les professionnels de sant\u00e9 sont \u00e9galement invit\u00e9s \u00e0 se faire vacciner<\/span><\/strong><\/h2>\n<p><span style=\"color: #000000;\">Comme chaque ann\u00e9e les professionnels de sant\u00e9 lib\u00e9raux sont invit\u00e9s eux-m\u00eames\u00a0\u00e0 se faire vacciner mais aussi \u00e0 sensibiliser leurs patients sur les enjeux de la vaccination.<\/span><br \/>De nouveaux professionnels en plus de ceux des ann\u00e9es pr\u00e9c\u00e9dentes sont cibl\u00e9s par les recommandations de la HAS : cardiologues, n\u00e9phrologues, pneumologues, rhumatologues, endocrinologues, g\u00e9riatres et orthophonistes. Ils recevront des invitations de la part de l\u2019Assurance maladie et leur vaccin sera pris en charge \u00e0 100%.<\/p>\n<h2 class=\"null\" dir=\"ltr\"><strong><span style=\"color: #003366;\">\u00c9limination des DASRI g\u00e9n\u00e9r\u00e9s par la vaccination<\/span><\/strong><\/h2>\n<p><img loading=\"lazy\" decoding=\"async\" class=\"size-medium wp-image-5193 alignleft\" src=\"https:\/\/urpspharma.re\/wp-content\/uploads\/2022\/06\/dastri-logo-300x132.png\" alt=\"\" width=\"300\" height=\"132\" srcset=\"https:\/\/urpspharma.re\/wp-content\/uploads\/2022\/06\/dastri-logo-300x132.png 300w, https:\/\/urpspharma.re\/wp-content\/uploads\/2022\/06\/dastri-logo.png 359w\" sizes=\"(max-width: 300px) 100vw, 300px\" \/><\/p>\n<p>Pour les pharmaciens vaccinateurs, il est n\u00e9cessaire de tracer l&#8217;\u00e9limination des DASRI g\u00e9n\u00e9r\u00e9e par la vaccination en officine.<\/p>\n<p><span style=\"color: #000000; font-family: arial, sans-serif;\">La d\u00e9claration du nombre de vaccins r\u00e9alis\u00e9s, attestant de l\u2019\u00e9limination des DASRI par la fili\u00e8re DASTRI devrait \u00eatre accessible prochainement.<\/span><br \/><span style=\"color: #000000; font-family: arial, sans-serif;\">Pour information, les\u00a0bo\u00eetes\u00a0de vaccination sont \u00e0 d\u00e9poser dans les contenants DASTRI classiques (la d\u00e9claration ne d\u00e9clenche pas un passage, il s\u2019agit d\u2019un bilan en fin de campagne).<\/span><br \/>\u25ba<a href=\"https:\/\/www.dastri.fr\/\" target=\"_blank\" rel=\"noopener noreferrer\">Dastri.fr<\/a><\/p>\n<hr \/>\n<h2 class=\"null\"><strong><span style=\"color: #003366;\">Votre pharmacie est-elle d\u00e9clar\u00e9e \u00e0 l&#8217;ARS pour la vaccination ?<\/span><\/strong><\/h2>\n<div>\n<div style=\"text-align: center;\"><strong>Votre URPS invite les pharmaciens volontaires et form\u00e9s \u00e0 s&#8217;inscrire \u00e0 l&#8217;ARS si cela n&#8217;est d\u00e9j\u00e0 fait afin de commencer la vaccination.<\/strong><\/div>\n<div>\u25ba<a href=\"https:\/\/www.lareunion.ars.sante.fr\/grippe-saisonniere-modalites-de-vaccination-par-les-pharmaciens\" target=\"_blank\" rel=\"noopener noreferrer\">ARS :\u00a0modalit\u00e9s de vaccination par les pharmaciens<\/a><\/div>\n<div>\u00a0<\/div>\n<div><img loading=\"lazy\" decoding=\"async\" class=\"size-medium wp-image-5195 alignleft\" src=\"https:\/\/urpspharma.re\/wp-content\/uploads\/2022\/04\/ARS-ETAT-300x102.jpg\" alt=\"\" width=\"300\" height=\"102\" srcset=\"https:\/\/urpspharma.re\/wp-content\/uploads\/2022\/04\/ARS-ETAT-300x102.jpg 300w, https:\/\/urpspharma.re\/wp-content\/uploads\/2022\/04\/ARS-ETAT.jpg 545w\" sizes=\"(max-width: 300px) 100vw, 300px\" \/><\/div>\n<\/div>\n\n\n<p><\/p>\n\n\n\n<p><\/p>\n","protected":false},"excerpt":{"rendered":"<p>Campagne de vaccination prolong\u00e9e jusqu&#8217;au 31 octobre 2022 Une recrudescence de la circulation de la grippe a \u00e9t\u00e9 observ\u00e9e au cours des derni\u00e8res semaines avec une hausse continue, depuis trois semaines, des passages aux urgences et des hospitalisations. Dans ce contexte, l\u2019ARS et l\u2019Assurance Maladie R\u00e9union ont d\u00e9cid\u00e9 de prolonger la campagne de vaccination antigrippale&hellip;<\/p>\n","protected":false},"author":3,"featured_media":0,"comment_status":"open","ping_status":"open","sticky":false,"template":"","format":"standard","meta":{"footnotes":""},"categories":[182],"tags":[543,68],"amp_enabled":true,"_links":{"self":[{"href":"https:\/\/urpspharma.re\/index.php?rest_route=\/wp\/v2\/posts\/5460"}],"collection":[{"href":"https:\/\/urpspharma.re\/index.php?rest_route=\/wp\/v2\/posts"}],"about":[{"href":"https:\/\/urpspharma.re\/index.php?rest_route=\/wp\/v2\/types\/post"}],"author":[{"embeddable":true,"href":"https:\/\/urpspharma.re\/index.php?rest_route=\/wp\/v2\/users\/3"}],"replies":[{"embeddable":true,"href":"https:\/\/urpspharma.re\/index.php?rest_route=%2Fwp%2Fv2%2Fcomments&post=5460"}],"version-history":[{"count":1,"href":"https:\/\/urpspharma.re\/index.php?rest_route=\/wp\/v2\/posts\/5460\/revisions"}],"predecessor-version":[{"id":5461,"href":"https:\/\/urpspharma.re\/index.php?rest_route=\/wp\/v2\/posts\/5460\/revisions\/5461"}],"wp:attachment":[{"href":"https:\/\/urpspharma.re\/index.php?rest_route=%2Fwp%2Fv2%2Fmedia&parent=5460"}],"wp:term":[{"taxonomy":"category","embeddable":true,"href":"https:\/\/urpspharma.re\/index.php?rest_route=%2Fwp%2Fv2%2Fcategories&post=5460"},{"taxonomy":"post_tag","embeddable":true,"href":"https:\/\/urpspharma.re\/index.php?rest_route=%2Fwp%2Fv2%2Ftags&post=5460"}],"curies":[{"name":"wp","href":"https:\/\/api.w.org\/{rel}","templated":true}]}}