{"id":5508,"date":"2022-11-02T16:08:01","date_gmt":"2022-11-02T12:08:01","guid":{"rendered":"https:\/\/urpspharma.re\/?p=5508"},"modified":"2023-03-02T16:18:30","modified_gmt":"2023-03-02T12:18:30","slug":"evenement-la-sante-se-transforme-ce-qui-change-dans-vos-metiers","status":"publish","type":"post","link":"https:\/\/urpspharma.re\/?p=5508","title":{"rendered":"Ev\u00e8nement : La sant\u00e9 se transforme, ce qui change dans vos m\u00e9tiers!"},"content":{"rendered":"<h2 style=\"text-align: center;\"><span style=\"color: #cc0000;\"><strong>Mardi 8 novembre 2022 \u00e0 ST DENIS<\/strong><\/span><\/h2>\n<div>\n<p><strong>Le mardi 8 novembre, venez assister \u00e0 la premi\u00e8re \u00e9dition d\u2019e-NOV, l\u2019\u00e9v\u00e9nement d\u00e9di\u00e9 au num\u00e9rique en sant\u00e9 \u00e0 La R\u00e9union.<\/strong><\/p>\n<p>Cette ann\u00e9e, la Cit\u00e9 des Arts ouvre ses portes \u00e0\u00a0<strong>tous les professionnels de la sant\u00e9 et du m\u00e9dico-social<\/strong>\u00a0\u00e0 l\u2019occasion d\u2019une journ\u00e9e d\u2019\u00e9changes et d\u2019informations.<\/p>\n<p>Conf\u00e9rences, animations et retour d\u2019exp\u00e9riences vous permettront de mieux appr\u00e9hender les transformations \u00e0 venir dans vos pratiques. Deux axes forts guideront la journ\u00e9e : le S\u00e9gur du Num\u00e9rique en Sant\u00e9 et la Cybers\u00e9curit\u00e9.<\/p>\n<p><strong>L&#8217;ARS La R\u00e9union et le GCS TESIS, en partenariat avec l&#8217;Assurance Maladie, ont donc le plaisir de vous convier \u00e0 cet \u00e9v\u00e9nement durant lequel vous d\u00e9couvrirez :<\/strong><\/p>\n<ul>\n<li>Les avantages pratiques de la e-sant\u00e9 au quotidien pour vous, vos \u00e9tablissements et vos usagers<\/li>\n<li>Les m\u00e9thodes et outils pour \u00e9changer de fa\u00e7on s\u00e9curis\u00e9e entre professionnels et avec le patient<\/li>\n<li>Les bonnes pratiques pour garantir votre s\u00e9curit\u00e9 et celle de vos usagers (cybers\u00e9curit\u00e9)<\/li>\n<li>L&#8217;\u00e9volution subventionn\u00e9e de vos logiciels m\u00e9tier<\/li>\n<li>Les revenus compl\u00e9mentaires que vous pouvez obtenir en passant au num\u00e9rique<\/li>\n<\/ul>\n<\/div>\n<div><\/div>\n<div dir=\"auto\"><strong>Mardi 8 novembre 2022<\/strong><\/p>\n<p>GRANDS FORMATS \u2013 Conf\u00e9rences et tables rondes9h00 | Ouverture et warm up !\u2014<\/p>\n<p>9h30 | Ce qui change aujourd\u2019hui dans la sant\u00e9 !<br \/>\nPr\u00e9sentation du S\u00e9gur du num\u00e9rique en sant\u00e9 \u00e0 La R\u00e9union\u2014<\/p>\n<p>10h45 | Cyber attaque : l\u2019\u00e9tat de la menace \u00e0 La R\u00e9union, les cons\u00e9quences d&#8217;une crise sur l\u2019\u00eele et les r\u00e9ponses apport\u00e9es.<br \/>\nD\u00e9couvrez comment la cybermalveillance peut nuire \u00e0 la sant\u00e9\u2014<\/p>\n<p>13h00 | Un hacker parmi nous !<br \/>\nQuand un pirate informatique prend le contr\u00f4le de la Cit\u00e9 des Arts\u2014<\/p>\n<p>13h15 | Ma vie dans un \u00e9tablissement en crise<br \/>\nQuand l\u2019attaque informatique devient crise sanitaire\u2014<\/p>\n<p>15h | Mon espace sant\u00e9 : nouveau meilleur ami des professionnels ?<br \/>\nExploration du DMP et de Mon espace sant\u00e9 dans le quotidien des prises en charge<\/p><\/div>\n<div dir=\"auto\"><\/div>\n<div dir=\"auto\"><strong>Mercredi 9 novembre 2022<\/strong><\/p>\n<p>PETIT COMIT\u00c9 \u2013 Retours d\u2019exp\u00e9rience et mini-conf\u00e9rences9h30 | Violations de donn\u00e9es dans les \u00e9tablissements de sant\u00e9 : process et \u00e9tapes cl\u00e9s pour une gestion de crise r\u00e9ussie.\u2014<\/p>\n<p>10h | Comment amener l\u2019humain \u00e0 devenir un maillon fort de la cybers\u00e9curit\u00e9 ?<br \/>\nLa sensibilisation des acteurs de sant\u00e9, la cl\u00e9 pour pr\u00e9venir les attaques\u2014<\/p>\n<p>10h45 | La e-Sant\u00e9 pour les Nuls : les bases du num\u00e9rique en sant\u00e9\u2014<\/p>\n<p>11h30 | RPPS+, mode d\u2019emploi<br \/>\nComment j\u2019enregistre les salari\u00e9s de ma structure dans le R\u00e9pertoire Partag\u00e9 des Professionnels de Sant\u00e9 ?\u2014<\/p>\n<p>13h15 | Identit\u00e9 Nationale de Sant\u00e9 : quelles solutions sur le terrain ?\u2014<\/p>\n<p>14h | Ils ont pass\u00e9 la vitesse S\u00e9gur !<br \/>\nCes \u00e9tablissements qui sont d\u00e9j\u00e0 dans les usages\u2014<\/p>\n<p>14h30 | Peut-on anticiper une cyber-attaque ?<br \/>\nDe la cybersurveillance \u00e0 la gestion de crise<\/p><\/div>\n<div dir=\"auto\">\n<h2>Stands &amp; animations<\/h2>\n<ul>\n<li><strong>Village de la Cybers\u00e9curit\u00e9 :<\/strong>\u00a0d\u00e9monstrations, outils de sensibilisation, retours d\u2019exp\u00e9rience et stands de prestataires<\/li>\n<li><strong>M\u00e9discape\u00a0<\/strong>: un escape game pour sensibiliser les pros de sant\u00e9 \u00e0 l\u2019hygi\u00e8ne num\u00e9rique<\/li>\n<li><strong>Stands S\u00e9gur du Num\u00e9rique<\/strong>\u00a0: informations pratiques pour votre secteur (Ville, Sanitaire, M\u00e9dico-social), point d\u2019information INS, MSSant\u00e9, etc.<\/li>\n<li><strong>Assurance Maladie\u00a0<\/strong>: dialoguez avec vos Conseillers Informatique Service<\/li>\n<\/ul>\n<h2>Des espaces de travail \u00e0 votre disposition<\/h2>\n<p>Vous avez des r\u00e9unions le 8 novembre ? Tenez-les \u00e0 la Cit\u00e9 des Arts !<\/p>\n<p>Un espace de travail convivial vous accueille au c\u0153ur de l\u2019\u00e9v\u00e8nement.<\/p>\n<p>Renseignement et r\u00e9servations : communication@tesis.re<\/p>\n<\/div>\n<div dir=\"auto\"><a href=\"https:\/\/www.eventbrite.fr\/e\/billets-e-nov-journee-du-numerique-en-sante-a-la-cite-des-arts-404474533217\" target=\"_blank\" rel=\"noopener noreferrer\"><img loading=\"lazy\" decoding=\"async\" class=\"aligncenter wp-image-5256\" src=\"https:\/\/urpspharma.re\/wp-content\/uploads\/2022\/08\/bouton-inscription.png\" alt=\"\" width=\"529\" height=\"52\" srcset=\"https:\/\/urpspharma.re\/wp-content\/uploads\/2022\/08\/bouton-inscription.png 849w, https:\/\/urpspharma.re\/wp-content\/uploads\/2022\/08\/bouton-inscription-300x30.png 300w, https:\/\/urpspharma.re\/wp-content\/uploads\/2022\/08\/bouton-inscription-768x76.png 768w\" sizes=\"(max-width: 529px) 100vw, 529px\" \/><\/a><\/div>\n<div dir=\"auto\"><\/div>\n<div dir=\"auto\"><\/div>\n<div dir=\"auto\"><\/div>\n","protected":false},"excerpt":{"rendered":"<p>Mardi 8 novembre 2022 \u00e0 ST DENIS Le mardi 8 novembre, venez assister \u00e0 la premi\u00e8re \u00e9dition d\u2019e-NOV, l\u2019\u00e9v\u00e9nement d\u00e9di\u00e9 au num\u00e9rique en sant\u00e9 \u00e0 La R\u00e9union. Cette ann\u00e9e, la Cit\u00e9 des Arts ouvre ses portes \u00e0\u00a0tous les professionnels de la sant\u00e9 et du m\u00e9dico-social\u00a0\u00e0 l\u2019occasion d\u2019une journ\u00e9e d\u2019\u00e9changes et d\u2019informations. Conf\u00e9rences, animations et retour&hellip;<\/p>\n","protected":false},"author":3,"featured_media":5509,"comment_status":"open","ping_status":"open","sticky":false,"template":"","format":"standard","meta":{"footnotes":""},"categories":[182,262],"tags":[30,584,239],"amp_enabled":true,"_links":{"self":[{"href":"https:\/\/urpspharma.re\/index.php?rest_route=\/wp\/v2\/posts\/5508"}],"collection":[{"href":"https:\/\/urpspharma.re\/index.php?rest_route=\/wp\/v2\/posts"}],"about":[{"href":"https:\/\/urpspharma.re\/index.php?rest_route=\/wp\/v2\/types\/post"}],"author":[{"embeddable":true,"href":"https:\/\/urpspharma.re\/index.php?rest_route=\/wp\/v2\/users\/3"}],"replies":[{"embeddable":true,"href":"https:\/\/urpspharma.re\/index.php?rest_route=%2Fwp%2Fv2%2Fcomments&post=5508"}],"version-history":[{"count":2,"href":"https:\/\/urpspharma.re\/index.php?rest_route=\/wp\/v2\/posts\/5508\/revisions"}],"predecessor-version":[{"id":5511,"href":"https:\/\/urpspharma.re\/index.php?rest_route=\/wp\/v2\/posts\/5508\/revisions\/5511"}],"wp:featuredmedia":[{"embeddable":true,"href":"https:\/\/urpspharma.re\/index.php?rest_route=\/wp\/v2\/media\/5509"}],"wp:attachment":[{"href":"https:\/\/urpspharma.re\/index.php?rest_route=%2Fwp%2Fv2%2Fmedia&parent=5508"}],"wp:term":[{"taxonomy":"category","embeddable":true,"href":"https:\/\/urpspharma.re\/index.php?rest_route=%2Fwp%2Fv2%2Fcategories&post=5508"},{"taxonomy":"post_tag","embeddable":true,"href":"https:\/\/urpspharma.re\/index.php?rest_route=%2Fwp%2Fv2%2Ftags&post=5508"}],"curies":[{"name":"wp","href":"https:\/\/api.w.org\/{rel}","templated":true}]}}