{"id":5648,"date":"2023-04-19T14:50:55","date_gmt":"2023-04-19T10:50:55","guid":{"rendered":"https:\/\/urpspharma.re\/?p=5648"},"modified":"2023-04-27T15:04:03","modified_gmt":"2023-04-27T11:04:03","slug":"grippe-saisonniere-du-18-avril-au-30-septembre-2023","status":"publish","type":"post","link":"https:\/\/urpspharma.re\/?p=5648","title":{"rendered":"Grippe saisonni\u00e8re : du 18 avril au 30 septembre 2023"},"content":{"rendered":"<h2 class=\"mc-toc-title\" style=\"text-align: center;\"><span style=\"color: #003366;\">Les pharmaciens volontaires et form\u00e9s peuvent vacciner !<\/span><\/h2>\n<div>\n<p>La campagne de vaccination contre la grippe saisonni\u00e8re se d\u00e9roule <strong>du 18 avril 2023au 30 septembre 2023 <\/strong>dans un contexte encore marqu\u00e9 par la crise sanitaire du Covid-19.<\/p>\n<p><img loading=\"lazy\" decoding=\"async\" class=\"aligncenter size-medium wp-image-5649\" src=\"https:\/\/urpspharma.re\/wp-content\/uploads\/2023\/04\/La-grippe-arrive-212x300.png\" alt=\"\" width=\"212\" height=\"300\" srcset=\"https:\/\/urpspharma.re\/wp-content\/uploads\/2023\/04\/La-grippe-arrive-212x300.png 212w, https:\/\/urpspharma.re\/wp-content\/uploads\/2023\/04\/La-grippe-arrive.png 511w\" sizes=\"(max-width: 212px) 100vw, 212px\" \/><\/p>\n<p>Toutes les opportunit\u00e9s de vaccination doivent \u00eatre saisies pour optimiser les deux campagnes de vaccination, grippe et rappel Covid-19, dans l\u2019objectif d\u2019un haut niveau de protection des plus fragiles.<\/p>\n<h2><span style=\"color: #003366;\"><strong>Strat\u00e9gie vaccinale<\/strong><\/span><\/h2>\n<p><span style=\"color: #8f0c68;\"><strong>Les pharmaciens d\u2019officine peuvent vacciner l\u2019ensemble des personnes de 16 ans et plus, y compris celles non cibl\u00e9es par les recommandations vaccinales.<\/strong><\/span><\/p>\n<p dir=\"ltr\">Les invitations et les bons de prise en charge sont&nbsp; adress\u00e9s par voie postale \u00e0 vos patients \u00e9ligibles depuis quelques jours.<\/p>\n<p>Les personnes \u00e9ligibles \u00e0 la vaccination contre la grippe sont&nbsp;:<\/p>\n<ul>\n<li>les personnes \u00e2g\u00e9es de 65&nbsp;ans et plus&nbsp;;<\/li>\n<li>les personnes de moins de 65&nbsp;ans souffrant de certaines maladies chroniques&nbsp;;<\/li>\n<li>les femmes enceintes&nbsp;;<\/li>\n<li>les personnes souffrant d\u2019ob\u00e9sit\u00e9&nbsp;: indice de masse corporel (IMC) sup\u00e9rieur ou \u00e9gal \u00e0 40.<\/li>\n<\/ul>\n<p>La strat\u00e9gie vaccinale vise aussi \u00e0 assurer une protection indirecte en vaccinant&nbsp;:<\/p>\n<ul>\n<li>les professionnels de sant\u00e9 et les professionnels des \u00e9tablissements m\u00e9dico-sociaux au contact des patients \u00e0 risque car ils peuvent contribuer \u00e0 propager l\u2019infection&nbsp;;<\/li>\n<li>l\u2019entourage des nourrissons de moins de 6&nbsp;mois \u00e0 risque de complication grave de la grippe et des personnes immunod\u00e9prim\u00e9es&nbsp;;<\/li>\n<li>les aides \u00e0 domicile des particuliers employeurs vuln\u00e9rables.<\/li>\n<\/ul>\n<p><span style=\"color: #8f0c68;\"><strong>Attention :&nbsp;ne seront pas destinataires du courrier d\u2019invitation de l\u2019Assurance Maladie les cas suivants :<br>&#8211; les femmes enceintes,&nbsp;l\u2019entourage familial des nourrissons \u00e0 risque,&nbsp;<br>&#8211; les personnes ob\u00e8ses,&nbsp;<br>&#8211; Les personnes b\u00e9n\u00e9ficiaires de l\u2019AME (Aide M\u00e9dicale de l&#8217;Etat) et \u00e9ligibles \u00e0 la vaccination contre la grippe en raison de leur \u00e2ge ou de leur \u00e9tat de sant\u00e9 b\u00e9n\u00e9ficient de la gratuit\u00e9 du vaccin et de la prise en charge de l\u2019injection.<\/strong><\/span><b><br><\/b><\/p>\n<h2 class=\"null\" dir=\"ltr\"><strong><span style=\"color: #003366;\">Elargissement et comp\u00e9tences vaccinales<\/span><\/strong><\/h2>\n<p><img loading=\"lazy\" decoding=\"async\" class=\"aligncenter wp-image-5651 size-full\" src=\"https:\/\/urpspharma.re\/wp-content\/uploads\/2023\/04\/elargissement-competences-vaccinales.png\" alt=\"\" width=\"898\" height=\"256\" srcset=\"https:\/\/urpspharma.re\/wp-content\/uploads\/2023\/04\/elargissement-competences-vaccinales.png 898w, https:\/\/urpspharma.re\/wp-content\/uploads\/2023\/04\/elargissement-competences-vaccinales-300x86.png 300w, https:\/\/urpspharma.re\/wp-content\/uploads\/2023\/04\/elargissement-competences-vaccinales-768x219.png 768w\" sizes=\"(max-width: 898px) 100vw, 898px\" \/><\/p>\n<p>De&nbsp; fa\u00e7on d\u00e9rogatoire et exceptionnelle, pour ne manquer aucune opportunit\u00e9 de co-administration des vaccins contre le covid-19 et la grippe saisonni\u00e8re en ville (texte relatif&nbsp;\u00e0 l\u2019\u00e9tat d&#8217;urgence sanitaire),&nbsp;<strong>les pr\u00e9parateurs en pharmacie et les \u00e9tudiants de 2e cycle et de 3e cycle court de pharmacie peuvent, sous certaines conditions, administrer les vaccins contre la grippe en pharmacie d\u2019officine.<\/strong><\/p>\n<\/div>\n<div>\n<h2 dir=\"ltr\"><a href=\"https:\/\/drive.google.com\/file\/d\/1GZoYDUFJ8b0K2D0t3Hz9f5FnxpokhFb3\/view\" target=\"_blank\" rel=\"noopener noreferrer\"><img loading=\"lazy\" decoding=\"async\" class=\"wp-image-5652  alignright\" src=\"https:\/\/urpspharma.re\/wp-content\/uploads\/2023\/04\/Bon-de-prise-en-charge.png\" alt=\"\" width=\"274\" height=\"390\" srcset=\"https:\/\/urpspharma.re\/wp-content\/uploads\/2023\/04\/Bon-de-prise-en-charge.png 541w, https:\/\/urpspharma.re\/wp-content\/uploads\/2023\/04\/Bon-de-prise-en-charge-211x300.png 211w\" sizes=\"(max-width: 274px) 100vw, 274px\" \/><\/a><\/h2>\n<p style=\"font-weight: 400;\"><em><strong>Documents utiles :<\/strong><\/em><br>&gt;&gt;&nbsp;<span style=\"color: #86bc24;\"><a style=\"color: #86bc24;\" href=\"https:\/\/drive.google.com\/file\/d\/15dQibY0B0Lxbh67rGyPhCU0nEIPDryzg\/view?usp=sharing\" target=\"_blank\" rel=\"noopener noreferrer\">Lettre aux pharmaciens<\/a><\/span><br>&gt;&gt;&nbsp;<span style=\"color: #86bc24;\"><a style=\"color: #86bc24;\" href=\"https:\/\/www.ameli.fr\/sites\/default\/files\/Documents\/grippe-memos-pharmaciens2022.pdf\" target=\"_blank\" rel=\"noopener noreferrer\">M\u00e9mo grippe pharmaciens<\/a><\/span><br>&gt;&gt;&nbsp;<span style=\"color: #86bc24;\"><a style=\"color: #86bc24;\" href=\"https:\/\/sante.gouv.fr\/prevention-en-sante\/preserver-sa-sante\/vaccination\/calendrier-vaccinal\" target=\"_blank\" rel=\"noopener noreferrer\">Calendrier des vaccinations<\/a><\/span><br>&gt;&gt;&nbsp;<span style=\"color: #86bc24;\"><a style=\"color: #86bc24;\" href=\"https:\/\/drive.google.com\/file\/d\/1HY2_4YvdmXeV6Gg63C5Egv4YTe7FjEbC\/view?usp=sharing\" target=\"_blank\" rel=\"noopener noreferrer\">Amelipro : tutoriel impression de prise en charge<\/a><\/span><\/p>\n<p style=\"font-weight: 400;\">&gt;&gt;&nbsp;<span style=\"color: #86bc24;\"><a style=\"color: #86bc24;\" href=\"https:\/\/www.ameli.fr\/pharmacien\/exercice-professionnel\/delivrance-produits-sante\/regles-delivrance-prise-charge\/delivrance-vaccination\/vaccination-grippe-saisonniere\" target=\"_blank\" rel=\"noopener noreferrer\">Ameli.fr<\/a><\/span><br>&gt;&gt;&nbsp;<span style=\"color: #86bc24;\"><a style=\"color: #86bc24;\" href=\"https:\/\/www.lareunion.ars.sante.fr\/campagne-de-vaccination-contre-la-grippe-saisonniere-un-reflexe-renforcer-chez-les-personnes-les\" target=\"_blank\" rel=\"noopener noreferrer\">ARS.sante.fr<\/a><\/span><br>&gt;&gt; <span style=\"color: #86bc24;\"><a style=\"color: #86bc24;\" href=\"https:\/\/www.lareunion.ars.sante.fr\/media\/108323\/download?inline\" target=\"_blank\" rel=\"noopener noreferrer\">communiqu\u00e9 de presse de l&#8217;ARS du 18 avril 2023<\/a><\/span><\/p>\n<h2 dir=\"ltr\"><a href=\"https:\/\/drive.google.com\/file\/d\/1GZoYDUFJ8b0K2D0t3Hz9f5FnxpokhFb3\/view\" target=\"_blank\" rel=\"noopener noreferrer\"><img loading=\"lazy\" decoding=\"async\" class=\"aligncenter wp-image-5653 size-medium\" src=\"https:\/\/urpspharma.re\/wp-content\/uploads\/2023\/04\/t\u00e9l\u00e9chargement-Bon-de-prise-en-charge-300x39.png\" alt=\"\" width=\"300\" height=\"39\" srcset=\"https:\/\/urpspharma.re\/wp-content\/uploads\/2023\/04\/t\u00e9l\u00e9chargement-Bon-de-prise-en-charge-300x39.png 300w, https:\/\/urpspharma.re\/wp-content\/uploads\/2023\/04\/t\u00e9l\u00e9chargement-Bon-de-prise-en-charge.png 457w\" sizes=\"(max-width: 300px) 100vw, 300px\" \/><\/a><\/h2>\n<h2 class=\"null\" dir=\"ltr\"><strong><span style=\"color: #003366;\">VAXIGRIP TETRA HS, suspension injectable<\/span><\/strong><\/h2>\n<\/div>\n<div>\n<ul>\n<li>Adultes : une dose de 0,5 ml.<\/li>\n<li>Enfants \u00e2g\u00e9s de 6 mois \u00e0 17 ans : une dose de 0,5 ml.<\/li>\n<li>Chez les enfants \u00e2g\u00e9s de moins de 9 ans n\u2019ayant pas \u00e9t\u00e9 vaccin\u00e9s auparavant, une seconde dose de 0,5 ml devra \u00eatre administr\u00e9e apr\u00e8s un intervalle d\u2019au moins 4 semaines<\/li>\n<\/ul>\n<\/div>\n<p>&gt;&gt; <span style=\"color: #86bc24;\"><a style=\"color: #86bc24;\" href=\"http:\/\/agence-prd.ansm.sante.fr\/php\/ecodex\/frames.php?specid=61402736&amp;typedoc=R&amp;ref=R0315349.htm\" target=\"_blank\" rel=\"noopener noreferrer\">ANSM<\/a><\/span><\/p>\n<h2 class=\"null\"><strong><span style=\"color: #003366;\">Co-administration des vaccins contre la grippe et contre la Covid-19<\/span><\/strong><\/h2>\n<p>Les campagnes de vaccination contre la grippe et la campagne de rappel de vaccination contre le Covid-19 se d\u00e9rouleront pendant la m\u00eame p\u00e9riode.&nbsp;<\/p>\n<p>Pour simplifier le parcours vaccinal, la HAS recommande de proposer l\u2019administration concomitante des vaccins contre le Covid-19 et contre la grippe saisonni\u00e8re d\u00e8s lors qu\u2019une personne est \u00e9ligible aux 2 vaccinations. Aucun d\u00e9lai n\u2019est n\u00e9cessaire entre ces 2&nbsp;vaccinations.<\/p>\n<p><strong><span style=\"color: #800080;\">Attention : un vaccin dans chaque bras<\/span><\/strong><\/p>\n<p>&gt;&gt;&nbsp;<span style=\"color: #86bc24;\"><a style=\"color: #86bc24;\" href=\"https:\/\/www.has-sante.fr\/jcms\/p_3288855\/fr\/covid-19-et-grippe-la-has-precise-les-conditions-d-une-co-administration-des-vaccins\" target=\"_blank\" rel=\"noopener noreferrer\">HAS : conditions d\u2019une co-administration des vaccins<\/a><\/span><\/p>\n<p><img loading=\"lazy\" decoding=\"async\" class=\"aligncenter wp-image-5191 size-full\" src=\"https:\/\/urpspharma.re\/wp-content\/uploads\/2022\/06\/Vaccin_Grippe_Covid_IMAGE-ET-LOGO678x454.png\" alt=\"\" width=\"744\" height=\"411\" srcset=\"https:\/\/urpspharma.re\/wp-content\/uploads\/2022\/06\/Vaccin_Grippe_Covid_IMAGE-ET-LOGO678x454.png 744w, https:\/\/urpspharma.re\/wp-content\/uploads\/2022\/06\/Vaccin_Grippe_Covid_IMAGE-ET-LOGO678x454-300x166.png 300w\" sizes=\"(max-width: 744px) 100vw, 744px\" \/><\/p>\n<h2 class=\"null\" dir=\"ltr\"><strong><span style=\"color: #003366;\">Les professionnels de sant\u00e9 sont \u00e9galement invit\u00e9s \u00e0 se faire vacciner<\/span><\/strong><\/h2>\n<table class=\"mcnTextBlock\" border=\"0\" width=\"100%\" cellspacing=\"0\" cellpadding=\"0\">\n<tbody class=\"mcnTextBlockOuter\">\n<tr>\n<td class=\"mcnTextBlockInner\" valign=\"top\">\n<table class=\"mcnTextContentContainer\" border=\"0\" width=\"100%\" cellspacing=\"0\" cellpadding=\"0\" align=\"left\">\n<tbody>\n<tr>\n<td class=\"mcnTextContent\" valign=\"top\"><span style=\"color: #000000;\">Comme chaque ann\u00e9e les professionnels de sant\u00e9 lib\u00e9raux sont invit\u00e9s eux-m\u00eames&nbsp;\u00e0 se faire vacciner mais aussi \u00e0 sensibiliser leurs patients sur les enjeux de la vaccination.<\/span><br>De nouveaux professionnels en plus de ceux des ann\u00e9es pr\u00e9c\u00e9dentes sont cibl\u00e9s par les recommandations Ils recevront des invitations de la part de l\u2019Assurance maladie et leur vaccin sera pris en charge \u00e0 100%.<\/td>\n<\/tr>\n<\/tbody>\n<\/table>\n<\/td>\n<\/tr>\n<\/tbody>\n<\/table>\n<table class=\"mcnTextBlock\" border=\"0\" width=\"100%\" cellspacing=\"0\" cellpadding=\"0\">\n<tbody class=\"mcnTextBlockOuter\">\n<tr>\n<td class=\"mcnTextBlockInner\" valign=\"top\">&nbsp;<\/td>\n<\/tr>\n<\/tbody>\n<\/table>\n<h2><strong><span style=\"color: #003366;\">Tra\u00e7abilit\u00e9 et facturation<\/span><\/strong><\/h2>\n<p dir=\"ltr\"><strong><span style=\"color: #8f0c68;\">Attention :&nbsp;<\/span><span style=\"color: #8f0c68;\">En cas de vaccination concomitante avec la vaccination contre la Covid-19 il convient de r\u00e9aliser deux factures distinctes de l\u2019acte de vaccination.<\/span>&nbsp;<\/strong><\/p>\n<h4 dir=\"ltr\"><strong>La tra\u00e7abilit\u00e9 de la co-administration dans le SI<img loading=\"lazy\" decoding=\"async\" class=\"size-medium wp-image-5654 alignright\" src=\"https:\/\/urpspharma.re\/wp-content\/uploads\/2023\/04\/comptoir-300x200.png\" alt=\"\" width=\"300\" height=\"200\" srcset=\"https:\/\/urpspharma.re\/wp-content\/uploads\/2023\/04\/comptoir-300x200.png 300w, https:\/\/urpspharma.re\/wp-content\/uploads\/2023\/04\/comptoir.png 465w\" sizes=\"(max-width: 300px) 100vw, 300px\" \/><\/strong><\/h4>\n<p dir=\"ltr\">Lorsqu&#8217;un professionnel de sant\u00e9 administre les 2 vaccins le m\u00eame jour, il doit s\u00e9lectionner le motif \u00ab Rappel concomitant \u00e0 la vaccination grippe \u00bb dans le t\u00e9l\u00e9service Vaccin Covid.<br>Ce motif de rappel est propos\u00e9 lorsque le professionnel clique sur \u00ab Ajouter une vaccination \u00bb apr\u00e8s un sch\u00e9ma vaccinal complet.<\/p>\n<h4 dir=\"ltr\"><strong>Consignes de facturation<\/strong><\/h4>\n<p dir=\"ltr\">La pharmacie doit :<br>\u2022 S\u2019identifier, sur la feuille de soins, en tant que prescripteur et ex\u00e9cutant<br>\u2022 Utiliser le code nature de prestation VGP \u00ab Vaccination Grippe Pharmacien \u00bb<br>La prestation est factur\u00e9e en tiers payant.<\/p>\n<h4 dir=\"ltr\"><strong>Honoraire de vaccination et facturation du vaccin<\/strong><\/h4>\n<p dir=\"ltr\">L&#8217;acte de vaccination VGP est fix\u00e9 pour La R\u00e9union \u00e0&nbsp;<strong>7.88\u20ac<\/strong>. Il est pris en charge \u00e0 100% uniquement pour les personnes en ALD, maternit\u00e9 ou invalidit\u00e9.<br>Il convient de facturer le vaccin en&nbsp;<strong>EXO7<\/strong>&nbsp;(pr\u00e9vention) pour une prise en charge \u00e0 100% du vaccin<br>Le vaccin est affect\u00e9 du code&nbsp;<strong>CIP 3400928099761<\/strong><br>&gt;&gt;<span style=\"color: #86bc24;\"><a style=\"color: #86bc24;\" href=\"https:\/\/www.ameli.fr\/sites\/default\/files\/Documents\/grippe-memos-pharmaciens2022.pdf\" target=\"_blank\" rel=\"noopener noreferrer\">M\u00e9mo pharmacien<\/a><\/span><\/p>\n<div><strong>\u25baFacturation du vaccin :<\/strong><br>Le pharmacien \u00e9dite un bon de prise en charge vierge, disponible sur ameliPro, et transmet la facture \u00e0 l\u2019Assurance Maladie dans les conditions habituelles accompagn\u00e9e de la copie du bon de prise en charge et du courrier de l\u2019Urssaf adress\u00e9 directement au salari\u00e9, ou de l\u2019attestation transmise par la structure employeur du salari\u00e9 comme pi\u00e8ces justificatives.<p><\/p>\n<p>\u25ba<strong>Facturation de l\u2019injection :<\/strong><br>Le pharmacien qui a r\u00e9alis\u00e9 l\u2019injection, transmet la facture \u00e0 l\u2019Assurance Maladie accompagn\u00e9e de la copie du bon de prise en charge et du courrier de l\u2019Urssaf adress\u00e9 directement au salari\u00e9, ou de l\u2019attestation transmise par la structure employeur du salari\u00e9 comme pi\u00e8ces justificatives.<\/p>\n<\/div>\n<h2 class=\"null\" dir=\"ltr\"><strong><span style=\"color: #003366;\">\u00c9limination des DASRI g\u00e9n\u00e9r\u00e9s par la vaccination<\/span><\/strong><\/h2>\n<p><img loading=\"lazy\" decoding=\"async\" class=\"size-medium wp-image-5193 alignleft\" src=\"https:\/\/urpspharma.re\/wp-content\/uploads\/2022\/06\/dastri-logo-300x132.png\" alt=\"\" width=\"300\" height=\"132\" srcset=\"https:\/\/urpspharma.re\/wp-content\/uploads\/2022\/06\/dastri-logo-300x132.png 300w, https:\/\/urpspharma.re\/wp-content\/uploads\/2022\/06\/dastri-logo.png 359w\" sizes=\"(max-width: 300px) 100vw, 300px\" \/><\/p>\n<p>Pour les pharmaciens vaccinateurs, il est n\u00e9cessaire de tracer l&#8217;\u00e9limination des DASRI g\u00e9n\u00e9r\u00e9e par la vaccination en officine.<\/p>\n<p>&gt;&gt;&nbsp;<span style=\"color: #86bc24;\"><a style=\"color: #86bc24;\" href=\"https:\/\/www.dastri.fr\/\" target=\"_blank\" rel=\"noopener noreferrer\">dastri.fr<\/a><\/span><\/p>\n<hr>\n<h2 class=\"null\"><strong><span style=\"color: #003366;\">Votre pharmacie est-elle d\u00e9clar\u00e9e \u00e0 l&#8217;ARS pour la vaccination ?<\/span><\/strong><\/h2>\n<div>\n<div style=\"text-align: center;\"><strong>Votre URPS invite les pharmaciens volontaires et form\u00e9s \u00e0 s&#8217;inscrire \u00e0 l&#8217;ARS si cela n&#8217;est d\u00e9j\u00e0 fait afin de commencer la vaccination.<\/strong><\/div>\n<div>\u25ba<span style=\"color: #86bc24;\"><a style=\"color: #86bc24;\" href=\"https:\/\/www.lareunion.ars.sante.fr\/grippe-saisonniere-modalites-de-vaccination-par-les-pharmaciens\" target=\"_blank\" rel=\"noopener noreferrer\">ARS :&nbsp;modalit\u00e9s de vaccination par les pharmaciens<\/a><\/span><\/div>\n<div>&nbsp;<\/div>\n<div><img loading=\"lazy\" decoding=\"async\" class=\"size-medium wp-image-5195 alignleft\" src=\"https:\/\/urpspharma.re\/wp-content\/uploads\/2022\/04\/ARS-ETAT-300x102.jpg\" alt=\"\" width=\"300\" height=\"102\" srcset=\"https:\/\/urpspharma.re\/wp-content\/uploads\/2022\/04\/ARS-ETAT-300x102.jpg 300w, https:\/\/urpspharma.re\/wp-content\/uploads\/2022\/04\/ARS-ETAT.jpg 545w\" sizes=\"(max-width: 300px) 100vw, 300px\" \/><\/div>\n<\/div>\n\n\n<p><\/p>\n\n\n\n<p><\/p>\n","protected":false},"excerpt":{"rendered":"<p>Les pharmaciens volontaires et form\u00e9s peuvent vacciner ! La campagne de vaccination contre la grippe saisonni\u00e8re se d\u00e9roule du 18 avril 2023au 30 septembre 2023 dans un contexte encore marqu\u00e9 par la crise sanitaire du Covid-19. Toutes les opportunit\u00e9s de vaccination doivent \u00eatre saisies pour optimiser les deux campagnes de vaccination, grippe et rappel Covid-19,&hellip;<\/p>\n","protected":false},"author":3,"featured_media":5649,"comment_status":"open","ping_status":"open","sticky":false,"template":"","format":"standard","meta":{"footnotes":""},"categories":[182],"tags":[543,68],"amp_enabled":true,"_links":{"self":[{"href":"https:\/\/urpspharma.re\/index.php?rest_route=\/wp\/v2\/posts\/5648"}],"collection":[{"href":"https:\/\/urpspharma.re\/index.php?rest_route=\/wp\/v2\/posts"}],"about":[{"href":"https:\/\/urpspharma.re\/index.php?rest_route=\/wp\/v2\/types\/post"}],"author":[{"embeddable":true,"href":"https:\/\/urpspharma.re\/index.php?rest_route=\/wp\/v2\/users\/3"}],"replies":[{"embeddable":true,"href":"https:\/\/urpspharma.re\/index.php?rest_route=%2Fwp%2Fv2%2Fcomments&post=5648"}],"version-history":[{"count":4,"href":"https:\/\/urpspharma.re\/index.php?rest_route=\/wp\/v2\/posts\/5648\/revisions"}],"predecessor-version":[{"id":5659,"href":"https:\/\/urpspharma.re\/index.php?rest_route=\/wp\/v2\/posts\/5648\/revisions\/5659"}],"wp:featuredmedia":[{"embeddable":true,"href":"https:\/\/urpspharma.re\/index.php?rest_route=\/wp\/v2\/media\/5649"}],"wp:attachment":[{"href":"https:\/\/urpspharma.re\/index.php?rest_route=%2Fwp%2Fv2%2Fmedia&parent=5648"}],"wp:term":[{"taxonomy":"category","embeddable":true,"href":"https:\/\/urpspharma.re\/index.php?rest_route=%2Fwp%2Fv2%2Fcategories&post=5648"},{"taxonomy":"post_tag","embeddable":true,"href":"https:\/\/urpspharma.re\/index.php?rest_route=%2Fwp%2Fv2%2Ftags&post=5648"}],"curies":[{"name":"wp","href":"https:\/\/api.w.org\/{rel}","templated":true}]}}