{"id":5678,"date":"2023-05-16T11:27:52","date_gmt":"2023-05-16T07:27:52","guid":{"rendered":"https:\/\/urpspharma.re\/?p=5678"},"modified":"2023-10-20T08:57:45","modified_gmt":"2023-10-20T04:57:45","slug":"soiree-cpts-est-troubles-du-developpement-chez-lenfant-de-0-a-7-ans","status":"publish","type":"post","link":"https:\/\/urpspharma.re\/?p=5678","title":{"rendered":"CPTS Est : Jeudi 01 juin 2023 &#8211; Soir\u00e9e  sur les troubles du d\u00e9veloppement chez l&#8217;enfant de 0 \u00e0 7 ans"},"content":{"rendered":"<h3 style=\"text-align: center;\"><span style=\"color: #d12a2a;\">Jeudi 1er juin 2023 \u00e0 partir de 19h00&nbsp;<\/span><\/h3>\n<div>\n<div>\n<p dir=\"ltr\">La CPTS EST organise une soir\u00e9e d&#8217;\u00e9changes interprofessionnels autour des Troubles du D\u00e9veloppement chez l&#8217;enfant de 0 \u00e0 7 ans, le jeudi 1er Juin 2023 \u00e0 19H00 <b>au restaurant LA RIVIERA, \u00e0 Sainte-Suzanne <\/b>1 chemin du Bocage 97441 Sainte-Suzanne.<\/p>\n<\/div>\n<div>\n<p dir=\"ltr\">\u00c0 cette occasion, la CPTS Est souhaite favoriser les rencontres et les \u00e9changes entre professionnels de sant\u00e9 du secteur Est, dans un cadre convivial et informel.<\/p>\n<p dir=\"ltr\">L&#8217;accueil des participants se fera \u00e0 partir de 19H00 avec un cocktail dinatoire.<\/p>\n<p dir=\"ltr\"><strong>La soir\u00e9e est gratuite et destin\u00e9e aux professionnels de sant\u00e9 du territoire Est, entre Ste-Suzanne et Ste-Rose.<\/strong><\/p>\n<p dir=\"ltr\">La th\u00e9matique des \u201cTroubles du D\u00e9veloppement\u201d est un des axes de travail de la CPTS. C\u2019est une probl\u00e9matique qui touche de nombreux enfants de notre territoire et nous voudrions cr\u00e9er une dynamique collective en vue d\u2019actions de terrain.<\/p>\n<p dir=\"ltr\">Nous vous pr\u00e9senterons la CPTS EST, les actions r\u00e9alis\u00e9es et nos projets. Puis nous vous proposerons de participer \u00e0 une des quatre<b> tables-rondes suivantes<\/b> :<\/p>\n<ul>\n<li dir=\"ltr\">\n<p dir=\"ltr\" role=\"presentation\">Adressage des enfants en difficult\u00e9s scolaires : vers qui et pourquoi ?<\/p>\n<\/li>\n<li dir=\"ltr\">\n<p dir=\"ltr\" role=\"presentation\">D\u00e9pistage sensoriel : doit-il \u00eatre syst\u00e9matique et sur quelles bases ?<\/p>\n<\/li>\n<li dir=\"ltr\">\n<p dir=\"ltr\" role=\"presentation\">Probl\u00e9matiques sp\u00e9cifiques du territoire Est dans le cadre du parcours de soin de l\u2019enfant<\/p>\n<\/li>\n<li dir=\"ltr\">\n<p dir=\"ltr\" role=\"presentation\">Errance du diagnostic chez les enfants porteurs de TND, particuli\u00e8rement les Troubles du Spectre Autistique.<\/p>\n<\/li>\n<\/ul>\n<p><strong>Que vous soyez adh\u00e9rent ou non de l&#8217;association, vous \u00eates chaleureusement convi\u00e9 \u00e0 cette soir\u00e9e.<\/strong><\/p>\n<p>Pour participer, <b>vous pouvez vous inscrire via le lien suivant:<\/b><\/p>\n<\/div>\n<\/div>\n<p><a href=\"https:\/\/my.weezevent.com\/soiree-de-rencontre-et-dechange-troubles-du-neurodeveloppement-chez-lenfant\" target=\"_blank\" rel=\"noopener noreferrer\"><img loading=\"lazy\" decoding=\"async\" class=\"aligncenter wp-image-5047\" src=\"https:\/\/urpspharma.re\/wp-content\/uploads\/2022\/03\/Formulaire-dinscription-en-cliquant-ICI.png\" alt=\"\" width=\"520\" height=\"44\" srcset=\"https:\/\/urpspharma.re\/wp-content\/uploads\/2022\/03\/Formulaire-dinscription-en-cliquant-ICI.png 758w, https:\/\/urpspharma.re\/wp-content\/uploads\/2022\/03\/Formulaire-dinscription-en-cliquant-ICI-300x25.png 300w\" sizes=\"(max-width: 520px) 100vw, 520px\" \/><\/a><\/p>\n<p>Si vous avez une question, vous pouvez contacter la coordinatrice de la CPTS EST:<\/p>\n<p>Alexandra TODOROVIC par mail (<a href=\"mailto:cpts.est@gmail.com\" target=\"_blank\" rel=\"noopener noreferrer\">cpts.est@gmail.com<\/a>) ou par t\u00e9l\u00e9phone au 06 93 88 00 69.<\/p>\n<p style=\"text-align: justify;\">\n","protected":false},"excerpt":{"rendered":"<p>Jeudi 1er juin 2023 \u00e0 partir de 19h00&nbsp; La CPTS EST organise une soir\u00e9e d&#8217;\u00e9changes interprofessionnels autour des Troubles du D\u00e9veloppement chez l&#8217;enfant de 0 \u00e0 7 ans, le jeudi 1er Juin 2023 \u00e0 19H00 au restaurant LA RIVIERA, \u00e0 Sainte-Suzanne 1 chemin du Bocage 97441 Sainte-Suzanne. \u00c0 cette occasion, la CPTS Est souhaite favoriser&hellip;<\/p>\n","protected":false},"author":3,"featured_media":5679,"comment_status":"open","ping_status":"open","sticky":false,"template":"","format":"standard","meta":{"footnotes":""},"categories":[452,182],"tags":[334,607,606,218,239],"amp_enabled":true,"_links":{"self":[{"href":"https:\/\/urpspharma.re\/index.php?rest_route=\/wp\/v2\/posts\/5678"}],"collection":[{"href":"https:\/\/urpspharma.re\/index.php?rest_route=\/wp\/v2\/posts"}],"about":[{"href":"https:\/\/urpspharma.re\/index.php?rest_route=\/wp\/v2\/types\/post"}],"author":[{"embeddable":true,"href":"https:\/\/urpspharma.re\/index.php?rest_route=\/wp\/v2\/users\/3"}],"replies":[{"embeddable":true,"href":"https:\/\/urpspharma.re\/index.php?rest_route=%2Fwp%2Fv2%2Fcomments&post=5678"}],"version-history":[{"count":2,"href":"https:\/\/urpspharma.re\/index.php?rest_route=\/wp\/v2\/posts\/5678\/revisions"}],"predecessor-version":[{"id":5985,"href":"https:\/\/urpspharma.re\/index.php?rest_route=\/wp\/v2\/posts\/5678\/revisions\/5985"}],"wp:featuredmedia":[{"embeddable":true,"href":"https:\/\/urpspharma.re\/index.php?rest_route=\/wp\/v2\/media\/5679"}],"wp:attachment":[{"href":"https:\/\/urpspharma.re\/index.php?rest_route=%2Fwp%2Fv2%2Fmedia&parent=5678"}],"wp:term":[{"taxonomy":"category","embeddable":true,"href":"https:\/\/urpspharma.re\/index.php?rest_route=%2Fwp%2Fv2%2Fcategories&post=5678"},{"taxonomy":"post_tag","embeddable":true,"href":"https:\/\/urpspharma.re\/index.php?rest_route=%2Fwp%2Fv2%2Ftags&post=5678"}],"curies":[{"name":"wp","href":"https:\/\/api.w.org\/{rel}","templated":true}]}}