{"id":5687,"date":"2023-05-31T09:06:08","date_gmt":"2023-05-31T05:06:08","guid":{"rendered":"https:\/\/urpspharma.re\/?p=5687"},"modified":"2023-08-21T15:52:53","modified_gmt":"2023-08-21T11:52:53","slug":"31-mai-journee-mondiale-sans-tabac-2","status":"publish","type":"post","link":"https:\/\/urpspharma.re\/?p=5687","title":{"rendered":"#31 mai : Journ\u00e9e mondiale sans tabac"},"content":{"rendered":"<h2 style=\"text-align: center;\"><span style=\"color: #db2727;\"><strong>Coll\u00e8gues, amis, patients&#8230;<br \/>\nAidez une personne \u00e0 arr\u00eater le 31 mai 2023 Ensemble mobilisons-nous!<\/strong><\/span><\/h2>\n<div dir=\"auto\">\n<p>Cette campagne encourage les gouvernements \u00e0 mettre fin aux subventions accord\u00e9es \u00e0 la culture du tabac et \u00e0 utiliser les \u00e9conomies r\u00e9alis\u00e9es pour aider les agriculteurs \u00e0 passer \u00e0 des cultures plus durables qui am\u00e9liorent la s\u00e9curit\u00e9 alimentaire et la nutrition.<\/p>\n<p>\u25baMobiliser les gouvernements afin qu\u2019ils mettent fin aux subventions accord\u00e9es \u00e0 la culture du tabac et qu&#8217;ils utilisent les \u00e9conomies r\u00e9alis\u00e9es pour aider les agriculteurs \u00e0 passer \u00e0 des cultures plus durables qui am\u00e9liorent la s\u00e9curit\u00e9 alimentaire et la nutrition.<\/p>\n<p>\u25baSensibiliser les communaut\u00e9s de cultivateurs de tabac aux avantages que pr\u00e9sente l\u2019abandon de cette culture au profit de cultures durables\u00a0;<br \/>\n\u25baSoutenir les efforts de lutte contre la d\u00e9sertification et la d\u00e9gradation de l\u2019environnement en r\u00e9duisant l\u2019agriculture du tabac\u00a0;<br \/>\n\u25baD\u00e9noncer les efforts d\u00e9ploy\u00e9s par l\u2019industrie pour entraver la recherche de moyens de subsistance durables.<\/p>\n<p>La mesure cl\u00e9 du succ\u00e8s de la campagne serait le nombre de gouvernements qui s\u2019engageraient \u00e0 mettre fin aux subventions \u00e0 la culture du tabac.<\/p>\n<h3 style=\"text-align: center;\"><span style=\"color: #99cc00;\"><strong>&#8220;Cultivons des aliments, pas du tabac&#8221;<\/strong><\/span><\/h3>\n<p>Pour en savoir plus sur cette journ\u00e9e<br \/>\n&gt;&gt;\u00a0<a href=\"https:\/\/www.who.int\/fr\/campaigns\/world-no-tobacco-day\/2023\" target=\"_blank\" rel=\"noopener noreferrer\">site de l\u2019OMS\u00a0<\/a><\/p>\n<p style=\"text-align: center;\"><strong>Pour marquer cette journ\u00e9e, l&#8217;URPS Pharmaciens partenaire du dispositif<\/strong><em>\u00a0<strong><span style=\"color: #db2727;\">Lib\u2019sans tabac<\/span><\/strong>,<\/em><strong>\u00a0\u00e0 travers\u00a0l&#8217;association Tipasant\u00e9, s\u2019associe \u00e0 cette campagne et vous propose\u00a0d&#8217;inclure<br \/>\n<span style=\"color: #db2727;\">1 patient fumeur<\/span><\/strong><\/p>\n<h2 style=\"text-align: center;\"><strong><span style=\"color: #003366;\">Comment ?<\/span><\/strong><\/h2>\n<p><strong>1\u00e8re \u00e9tape<\/strong> : inscrivez-vous en <strong><a href=\"https:\/\/docs.google.com\/forms\/d\/e\/1FAIpQLSeX6iVuC76omAhsdW-45UCb6mjiBmz3YJv_vedAsaJFPxTpTQ\/viewform\" target=\"_blank\" rel=\"noopener noreferrer\">cliquant ICI<\/a><\/strong><\/p>\n<p><strong>2\u00e8me \u00e9tape<\/strong> : enregistrez-vous dans l&#8217;application prev&#8217;oi. Toutes les modalit\u00e9s en <strong><a href=\"https:\/\/contact12823.wixsite.com\/tipasante\/entretienstabac\" target=\"_blank\" rel=\"noopener noreferrer\">cliquant ICI<\/a><\/strong><\/p>\n<p><center><\/center><strong>&gt;&gt;\u00a0<a href=\"https:\/\/drive.google.com\/file\/d\/1YXBUIgCUrNvbniwp1vGP_jJK7Xv2rm_F\/view?usp=sharing\" target=\"_blank\" rel=\"noopener noreferrer\">Affiche t\u00e9l\u00e9chargeable<\/a>\u00a0(format A4)<\/strong><\/div>\n<div dir=\"auto\">\n<h2 style=\"text-align: center;\"><span style=\"color: #db2727;\"><strong><a href=\"https:\/\/drive.google.com\/file\/d\/1YXBUIgCUrNvbniwp1vGP_jJK7Xv2rm_F\/view?usp=sharing\" target=\"_blank\" rel=\"noopener noreferrer\"><img loading=\"lazy\" decoding=\"async\" class=\"aligncenter wp-image-5688 size-full\" src=\"https:\/\/urpspharma.re\/wp-content\/uploads\/2023\/05\/URPS-journ\u00e9e-mondiale-sans-tabac-2023_1.png\" alt=\"\" width=\"424\" height=\"604\" srcset=\"https:\/\/urpspharma.re\/wp-content\/uploads\/2023\/05\/URPS-journ\u00e9e-mondiale-sans-tabac-2023_1.png 424w, https:\/\/urpspharma.re\/wp-content\/uploads\/2023\/05\/URPS-journ\u00e9e-mondiale-sans-tabac-2023_1-211x300.png 211w\" sizes=\"(max-width: 424px) 100vw, 424px\" \/><\/a><\/strong><\/span><\/h2>\n<p style=\"text-align: left;\"><span style=\"color: #db2727;\"><strong>\u00a0<\/strong><\/span>&gt;<strong><a style=\"font-size: inherit;\" href=\"https:\/\/3rdw8.r.a.d.sendibm1.com\/mk\/mr\/lyrlakDvwL_MR03wVLqJxLMk965TPBioJF5iNQerl79UOJ3EKgVfPsA0zx49pJhPMtKxSV3_uU-OvzNsp2q7aKWvC40KKhSPZkLKdkZpe-kkHy-CTIvZc-MFBRcN1Lz3bBB_IwQ\" target=\"_blank\" rel=\"noopener noreferrer\">Communication de Lib&#8217;sans tabac du 25\/05\/2023<\/a><\/strong><\/p>\n<h2 style=\"text-align: center;\"><span style=\"color: #db2727;\"><strong><img loading=\"lazy\" decoding=\"async\" class=\"aligncenter wp-image-5689 \" src=\"https:\/\/urpspharma.re\/wp-content\/uploads\/2023\/05\/lib-copie-1024x634.png\" alt=\"\" width=\"506\" height=\"313\" srcset=\"https:\/\/urpspharma.re\/wp-content\/uploads\/2023\/05\/lib-copie-1024x634.png 1024w, https:\/\/urpspharma.re\/wp-content\/uploads\/2023\/05\/lib-copie-300x186.png 300w, https:\/\/urpspharma.re\/wp-content\/uploads\/2023\/05\/lib-copie-768x476.png 768w, https:\/\/urpspharma.re\/wp-content\/uploads\/2023\/05\/lib-copie.png 1586w\" sizes=\"(max-width: 506px) 100vw, 506px\" \/><\/strong><\/span><\/h2>\n<\/div>\n<div dir=\"auto\"><\/div>\n<div dir=\"auto\"><\/div>\n<div dir=\"auto\"><\/div>\n","protected":false},"excerpt":{"rendered":"<p>Coll\u00e8gues, amis, patients&#8230; Aidez une personne \u00e0 arr\u00eater le 31 mai 2023 Ensemble mobilisons-nous! Cette campagne encourage les gouvernements \u00e0 mettre fin aux subventions accord\u00e9es \u00e0 la culture du tabac et \u00e0 utiliser les \u00e9conomies r\u00e9alis\u00e9es pour aider les agriculteurs \u00e0 passer \u00e0 des cultures plus durables qui am\u00e9liorent la s\u00e9curit\u00e9 alimentaire et la nutrition.&hellip;<\/p>\n","protected":false},"author":3,"featured_media":5692,"comment_status":"open","ping_status":"open","sticky":false,"template":"","format":"standard","meta":{"footnotes":""},"categories":[199,182,262,261],"tags":[608,609,219,18,239],"amp_enabled":true,"_links":{"self":[{"href":"https:\/\/urpspharma.re\/index.php?rest_route=\/wp\/v2\/posts\/5687"}],"collection":[{"href":"https:\/\/urpspharma.re\/index.php?rest_route=\/wp\/v2\/posts"}],"about":[{"href":"https:\/\/urpspharma.re\/index.php?rest_route=\/wp\/v2\/types\/post"}],"author":[{"embeddable":true,"href":"https:\/\/urpspharma.re\/index.php?rest_route=\/wp\/v2\/users\/3"}],"replies":[{"embeddable":true,"href":"https:\/\/urpspharma.re\/index.php?rest_route=%2Fwp%2Fv2%2Fcomments&post=5687"}],"version-history":[{"count":3,"href":"https:\/\/urpspharma.re\/index.php?rest_route=\/wp\/v2\/posts\/5687\/revisions"}],"predecessor-version":[{"id":5693,"href":"https:\/\/urpspharma.re\/index.php?rest_route=\/wp\/v2\/posts\/5687\/revisions\/5693"}],"wp:featuredmedia":[{"embeddable":true,"href":"https:\/\/urpspharma.re\/index.php?rest_route=\/wp\/v2\/media\/5692"}],"wp:attachment":[{"href":"https:\/\/urpspharma.re\/index.php?rest_route=%2Fwp%2Fv2%2Fmedia&parent=5687"}],"wp:term":[{"taxonomy":"category","embeddable":true,"href":"https:\/\/urpspharma.re\/index.php?rest_route=%2Fwp%2Fv2%2Fcategories&post=5687"},{"taxonomy":"post_tag","embeddable":true,"href":"https:\/\/urpspharma.re\/index.php?rest_route=%2Fwp%2Fv2%2Ftags&post=5687"}],"curies":[{"name":"wp","href":"https:\/\/api.w.org\/{rel}","templated":true}]}}