{"id":5694,"date":"2023-05-31T09:11:22","date_gmt":"2023-05-31T05:11:22","guid":{"rendered":"https:\/\/urpspharma.re\/?p=5694"},"modified":"2023-10-16T12:15:52","modified_gmt":"2023-10-16T08:15:52","slug":"31-mai-journee-mondiale-sans-tabac-3","status":"publish","type":"post","link":"https:\/\/urpspharma.re\/?p=5694","title":{"rendered":"#31 mai : Journ\u00e9e mondiale sans tabac"},"content":{"rendered":"<h2 style=\"text-align: center;\"><span style=\"color: #db2727;\"><strong>Coll\u00e8gues, amis, patients&#8230;<br \/>\nAidez une personne \u00e0 arr\u00eater le 31 mai 2023 Ensemble mobilisons-nous! <\/strong><\/span><\/h2>\n<h2 style=\"text-align: center;\"><span style=\"color: #000000;\"><strong>Demandez conseil \u00e0 votre pharmacien !<\/strong><\/span><\/h2>\n<div dir=\"auto\">\n<h2 style=\"text-align: center;\"><span style=\"color: #db2727;\"><strong><a href=\"https:\/\/drive.google.com\/file\/d\/1YXBUIgCUrNvbniwp1vGP_jJK7Xv2rm_F\/view?usp=sharing\" target=\"_blank\" rel=\"noopener noreferrer\"><img loading=\"lazy\" decoding=\"async\" class=\"aligncenter wp-image-5688 size-full\" src=\"https:\/\/urpspharma.re\/wp-content\/uploads\/2023\/05\/URPS-journ\u00e9e-mondiale-sans-tabac-2023_1.png\" alt=\"\" width=\"424\" height=\"604\" srcset=\"https:\/\/urpspharma.re\/wp-content\/uploads\/2023\/05\/URPS-journ\u00e9e-mondiale-sans-tabac-2023_1.png 424w, https:\/\/urpspharma.re\/wp-content\/uploads\/2023\/05\/URPS-journ\u00e9e-mondiale-sans-tabac-2023_1-211x300.png 211w\" sizes=\"(max-width: 424px) 100vw, 424px\" \/><\/a><\/strong><\/span><\/h2>\n<p>Cette campagne encourage les gouvernements \u00e0 mettre fin aux subventions accord\u00e9es \u00e0 la culture du tabac et \u00e0 utiliser les \u00e9conomies r\u00e9alis\u00e9es pour aider les agriculteurs \u00e0 passer \u00e0 des cultures plus durables qui am\u00e9liorent la s\u00e9curit\u00e9 alimentaire et la nutrition.<\/p>\n<p>\u25baMobiliser les gouvernements afin qu\u2019ils mettent fin aux subventions accord\u00e9es \u00e0 la culture du tabac et qu&#8217;ils utilisent les \u00e9conomies r\u00e9alis\u00e9es pour aider les agriculteurs \u00e0 passer \u00e0 des cultures plus durables qui am\u00e9liorent la s\u00e9curit\u00e9 alimentaire et la nutrition.<\/p>\n<p>\u25baSensibiliser les communaut\u00e9s de cultivateurs de tabac aux avantages que pr\u00e9sente l\u2019abandon de cette culture au profit de cultures durables&nbsp;;<br \/>\n\u25baSoutenir les efforts de lutte contre la d\u00e9sertification et la d\u00e9gradation de l\u2019environnement en r\u00e9duisant l\u2019agriculture du tabac&nbsp;;<br \/>\n\u25baD\u00e9noncer les efforts d\u00e9ploy\u00e9s par l\u2019industrie pour entraver la recherche de moyens de subsistance durables.<\/p>\n<p>La mesure cl\u00e9 du succ\u00e8s de la campagne serait le nombre de gouvernements qui s\u2019engageraient \u00e0 mettre fin aux subventions \u00e0 la culture du tabac.<\/p>\n<h3 style=\"text-align: center;\"><span style=\"color: #99cc00;\"><strong>&#8220;Cultivons des aliments, pas du tabac&#8221;<\/strong><\/span><\/h3>\n<p>Pour en savoir plus sur cette journ\u00e9e<br \/>\n&gt;&gt;&nbsp;<a href=\"https:\/\/www.who.int\/fr\/campaigns\/world-no-tobacco-day\/2023\" target=\"_blank\" rel=\"noopener noreferrer\">site de l\u2019OMS&nbsp;<\/a><\/p>\n<h2 style=\"text-align: center;\"><span style=\"color: #db2727;\"><strong>&nbsp;<\/strong><\/span><\/h2>\n<\/div>\n<div dir=\"auto\"><\/div>\n<div dir=\"auto\"><\/div>\n<div dir=\"auto\"><\/div>\n","protected":false},"excerpt":{"rendered":"<p>Coll\u00e8gues, amis, patients&#8230; Aidez une personne \u00e0 arr\u00eater le 31 mai 2023 Ensemble mobilisons-nous! Demandez conseil \u00e0 votre pharmacien ! Cette campagne encourage les gouvernements \u00e0 mettre fin aux subventions accord\u00e9es \u00e0 la culture du tabac et \u00e0 utiliser les \u00e9conomies r\u00e9alis\u00e9es pour aider les agriculteurs \u00e0 passer \u00e0 des cultures plus durables qui am\u00e9liorent&hellip;<\/p>\n","protected":false},"author":3,"featured_media":5692,"comment_status":"open","ping_status":"open","sticky":false,"template":"","format":"standard","meta":{"footnotes":""},"categories":[200,183],"tags":[608,609,219,18,239],"amp_enabled":true,"_links":{"self":[{"href":"https:\/\/urpspharma.re\/index.php?rest_route=\/wp\/v2\/posts\/5694"}],"collection":[{"href":"https:\/\/urpspharma.re\/index.php?rest_route=\/wp\/v2\/posts"}],"about":[{"href":"https:\/\/urpspharma.re\/index.php?rest_route=\/wp\/v2\/types\/post"}],"author":[{"embeddable":true,"href":"https:\/\/urpspharma.re\/index.php?rest_route=\/wp\/v2\/users\/3"}],"replies":[{"embeddable":true,"href":"https:\/\/urpspharma.re\/index.php?rest_route=%2Fwp%2Fv2%2Fcomments&post=5694"}],"version-history":[{"count":2,"href":"https:\/\/urpspharma.re\/index.php?rest_route=\/wp\/v2\/posts\/5694\/revisions"}],"predecessor-version":[{"id":5700,"href":"https:\/\/urpspharma.re\/index.php?rest_route=\/wp\/v2\/posts\/5694\/revisions\/5700"}],"wp:featuredmedia":[{"embeddable":true,"href":"https:\/\/urpspharma.re\/index.php?rest_route=\/wp\/v2\/media\/5692"}],"wp:attachment":[{"href":"https:\/\/urpspharma.re\/index.php?rest_route=%2Fwp%2Fv2%2Fmedia&parent=5694"}],"wp:term":[{"taxonomy":"category","embeddable":true,"href":"https:\/\/urpspharma.re\/index.php?rest_route=%2Fwp%2Fv2%2Fcategories&post=5694"},{"taxonomy":"post_tag","embeddable":true,"href":"https:\/\/urpspharma.re\/index.php?rest_route=%2Fwp%2Fv2%2Ftags&post=5694"}],"curies":[{"name":"wp","href":"https:\/\/api.w.org\/{rel}","templated":true}]}}