{"id":5747,"date":"2023-08-07T16:32:21","date_gmt":"2023-08-07T12:32:21","guid":{"rendered":"https:\/\/urpspharma.re\/?p=5747"},"modified":"2023-10-20T08:54:18","modified_gmt":"2023-10-20T04:54:18","slug":"formation-interpro-violences-conjugales-et-intrafamiliales","status":"publish","type":"post","link":"https:\/\/urpspharma.re\/?p=5747","title":{"rendered":"Formation interpro : 26 septembre et 31 ao\u00fbt 2023 &#8211;  violences conjugales et intrafamiliales."},"content":{"rendered":"<h2 style=\"text-align: center;\">Sud &#8211; Le Battant des Lames : 26 septembre Ouest &#8211; Tesis : 31 ao\u00fbt 2023<\/h2>\n<p>L&#8217;URPS Infirmiers OI invite les professionnels de sant\u00e9 lib\u00e9raux \u00e0 une journ\u00e9e de formation GRATUITE sur les violences conjugales et intrafamiliales.<\/p>\n<div dir=\"auto\">\n<div class=\"x11i5rnm xat24cr x1mh8g0r x1vvkbs xtlvy1s x126k92a\">\n<div dir=\"auto\">Cette formation d&#8217;une journ\u00e9e (8h30-17h) vous donnera les connaissances et les comp\u00e9tences n\u00e9cessaires pour intervenir de mani\u00e8re appropri\u00e9e face aux situations de violences intrafamiliales que vous pourriez rencontrer dans le cadre de votre exercice professionnel.<\/div>\n<\/div>\n<\/div>\n<div dir=\"auto\"><\/div>\n<div dir=\"auto\">Consultez le programme complet de la journ\u00e9e<\/div>\n<div dir=\"auto\">&gt;&gt; <a href=\"https:\/\/tinyurl.com\/urpsinfirmiers\" target=\"_blank\" rel=\"noopener noreferrer\">https:\/\/tinyurl.com\/urpsinfirmiers<\/a><\/div>\n<div dir=\"auto\"><\/div>\n<div dir=\"auto\">Les places sont LIMIT\u00c9ES, alors assurez-vous de participer en remplissant le formulaire d&#8217;inscription via le lien ci-dessous.<\/div>\n<div dir=\"auto\"><\/div>\n<div dir=\"auto\">\n<div class=\"x11i5rnm xat24cr x1mh8g0r x1vvkbs xtlvy1s x126k92a\">\n<div dir=\"auto\"><span class=\"x3nfvp2 x1j61x8r x1fcty0u xdj266r xhhsvwb xat24cr xgzva0m xxymvpz xlup9mm x1kky2od\"><img loading=\"lazy\" decoding=\"async\" src=\"https:\/\/static.xx.fbcdn.net\/images\/emoji.php\/v9\/taa\/1.5\/16\/1f449.png\" alt=\"&#x1f449;\" width=\"16\" height=\"16\"><\/span>Inscription : <a href=\"https:\/\/forms.gle\/BDTsczvwYYzdwYYq5\" target=\"_blank\" rel=\"noopener noreferrer\">https:\/\/forms.gle\/BDTsczvwYYzdwYYq5<\/a><\/div>\n<\/div>\n<\/div>\n<div dir=\"auto\"><\/div>\n<div dir=\"auto\">Cette formation est gratuite, et pour rendre cette journ\u00e9e encore plus agr\u00e9able, nous vous offrirons le petit d\u00e9jeuner, la pause caf\u00e9 et le d\u00e9jeuner.<\/div>\n<div dir=\"auto\"><\/div>\n<div dir=\"auto\">Pour toute question ou information suppl\u00e9mentaire, n&#8217;h\u00e9sitez pas \u00e0 nous \u00e9crire \u00e0 contact@urpsinfirmiers-oi.fr<\/div>\n<div dir=\"auto\"><\/div>\n<h4 dir=\"auto\" style=\"text-align: center;\"><span style=\"color: #003366;\">Ensemble, soyons une main <\/span><span style=\"color: #003366;\">tendue pour les victimes !<\/span><\/h4>\n<p><img loading=\"lazy\" decoding=\"async\" class=\"aligncenter wp-image-5748 \" src=\"https:\/\/urpspharma.re\/wp-content\/uploads\/2023\/08\/FORMATION-INTERPRO-3108_260923.jpg\" alt=\"\" width=\"444\" height=\"628\" srcset=\"https:\/\/urpspharma.re\/wp-content\/uploads\/2023\/08\/FORMATION-INTERPRO-3108_260923.jpg 640w, https:\/\/urpspharma.re\/wp-content\/uploads\/2023\/08\/FORMATION-INTERPRO-3108_260923-212x300.jpg 212w\" sizes=\"(max-width: 444px) 100vw, 444px\" \/><\/p>\n","protected":false},"excerpt":{"rendered":"<p>Sud &#8211; Le Battant des Lames : 26 septembre Ouest &#8211; Tesis : 31 ao\u00fbt 2023 L&#8217;URPS Infirmiers OI invite les professionnels de sant\u00e9 lib\u00e9raux \u00e0 une journ\u00e9e de formation GRATUITE sur les violences conjugales et intrafamiliales. Cette formation d&#8217;une journ\u00e9e (8h30-17h) vous donnera les connaissances et les comp\u00e9tences n\u00e9cessaires pour intervenir de mani\u00e8re appropri\u00e9e&hellip;<\/p>\n","protected":false},"author":3,"featured_media":5748,"comment_status":"open","ping_status":"open","sticky":false,"template":"","format":"standard","meta":{"footnotes":""},"categories":[378,182,262],"tags":[616,615,617,618,239],"amp_enabled":true,"_links":{"self":[{"href":"https:\/\/urpspharma.re\/index.php?rest_route=\/wp\/v2\/posts\/5747"}],"collection":[{"href":"https:\/\/urpspharma.re\/index.php?rest_route=\/wp\/v2\/posts"}],"about":[{"href":"https:\/\/urpspharma.re\/index.php?rest_route=\/wp\/v2\/types\/post"}],"author":[{"embeddable":true,"href":"https:\/\/urpspharma.re\/index.php?rest_route=\/wp\/v2\/users\/3"}],"replies":[{"embeddable":true,"href":"https:\/\/urpspharma.re\/index.php?rest_route=%2Fwp%2Fv2%2Fcomments&post=5747"}],"version-history":[{"count":4,"href":"https:\/\/urpspharma.re\/index.php?rest_route=\/wp\/v2\/posts\/5747\/revisions"}],"predecessor-version":[{"id":5982,"href":"https:\/\/urpspharma.re\/index.php?rest_route=\/wp\/v2\/posts\/5747\/revisions\/5982"}],"wp:featuredmedia":[{"embeddable":true,"href":"https:\/\/urpspharma.re\/index.php?rest_route=\/wp\/v2\/media\/5748"}],"wp:attachment":[{"href":"https:\/\/urpspharma.re\/index.php?rest_route=%2Fwp%2Fv2%2Fmedia&parent=5747"}],"wp:term":[{"taxonomy":"category","embeddable":true,"href":"https:\/\/urpspharma.re\/index.php?rest_route=%2Fwp%2Fv2%2Fcategories&post=5747"},{"taxonomy":"post_tag","embeddable":true,"href":"https:\/\/urpspharma.re\/index.php?rest_route=%2Fwp%2Fv2%2Ftags&post=5747"}],"curies":[{"name":"wp","href":"https:\/\/api.w.org\/{rel}","templated":true}]}}