{"id":5757,"date":"2023-08-24T11:04:25","date_gmt":"2023-08-24T07:04:25","guid":{"rendered":"https:\/\/urpspharma.re\/?p=5757"},"modified":"2023-10-20T08:50:47","modified_gmt":"2023-10-20T04:50:47","slug":"webinaire-special-officines-infections-respiratoires","status":"publish","type":"post","link":"https:\/\/urpspharma.re\/?p=5757","title":{"rendered":"Webinaire sp\u00e9cial officines : jeudi 21 septembre 2023 &#8211;  infections respiratoires"},"content":{"rendered":"<h2 style=\"text-align: center;\"><span style=\"color: #003366;\">Jeudi 21 septembre 2023 \u00e0 19h30<\/span><\/h2>\n<div dir=\"auto\">\n<div class=\"x11i5rnm xat24cr x1mh8g0r x1vvkbs xtlvy1s x126k92a\">\n<div dir=\"auto\">\n<div dir=\"auto\">Le&nbsp;<strong>CRATB&nbsp;<\/strong>(Centre R\u00e9gional en Antibioth\u00e9rapie)&nbsp;en partenariat avec l&#8217;&nbsp;<strong>Assurance Maladie&nbsp;<\/strong>et votre<strong>&nbsp;URPS<\/strong> organise&nbsp;un webinaire pour les pharmaciens d&#8217;officine sur le th\u00e8me :<\/div>\n<\/div>\n<\/div>\n<\/div>\n<h3 dir=\"auto\" style=\"text-align: center;\"><strong>&#8220;infections respiratoires &#8220;<\/strong><\/h3>\n<div dir=\"auto\">\n<div>Ce webinaire sera anim\u00e9 par le Dr Rodolphe MANAQUIN Infectiologie au CHU &amp; responsable du CRAtb et par le&nbsp;Dr Delphine MERGER<\/div>\n<div><\/div>\n<div><strong>PRE-PROGRAMME<\/strong><\/div>\n<ul>\n<li>Point de l&#8217;Assurance Maladie &#8211; Dr Marion BILLEBEAUD, Pharmacien Conseil<\/li>\n<li>Recommandations &#8211;&nbsp;Dr Delphine MERGER, Pharmacien Hospitalier au CHOR &amp; pour le CRAtb<\/li>\n<li>2 cas cliniques<\/li>\n<\/ul>\n<\/div>\n<div dir=\"auto\"><\/div>\n<div dir=\"auto\">\n<div class=\"x11i5rnm xat24cr x1mh8g0r x1vvkbs xtlvy1s x126k92a\">\n<div dir=\"auto\">\n<div dir=\"auto\"><span class=\"x3nfvp2 x1j61x8r x1fcty0u xdj266r xhhsvwb xat24cr xgzva0m xxymvpz xlup9mm x1kky2od\"><img loading=\"lazy\" decoding=\"async\" src=\"https:\/\/static.xx.fbcdn.net\/images\/emoji.php\/v9\/taa\/1.5\/16\/1f449.png\" alt=\"&#x1f449;\" width=\"16\" height=\"16\"><\/span>Inscription par lien ou par QR code :<\/div>\n<div dir=\"auto\"><\/div>\n<div dir=\"auto\"><a href=\"https:\/\/bit.ly\/inscription_webinaire_IR_210923\" target=\"_blank\" rel=\"noopener noreferrer\">https:\/\/bit.ly\/inscription_webinaire_IR_210923<\/a><\/div>\n<\/div>\n<\/div>\n<\/div>\n<div dir=\"auto\"><\/div>\n<div dir=\"auto\"><img loading=\"lazy\" decoding=\"async\" class=\"aligncenter  wp-image-5804\" src=\"https:\/\/urpspharma.re\/wp-content\/uploads\/2023\/08\/QR-CODE-inscription-300x300.png\" alt=\"\" width=\"142\" height=\"142\" srcset=\"https:\/\/urpspharma.re\/wp-content\/uploads\/2023\/08\/QR-CODE-inscription-300x300.png 300w, https:\/\/urpspharma.re\/wp-content\/uploads\/2023\/08\/QR-CODE-inscription-150x150.png 150w, https:\/\/urpspharma.re\/wp-content\/uploads\/2023\/08\/QR-CODE-inscription.png 432w\" sizes=\"(max-width: 142px) 100vw, 142px\" \/><\/div>\n<div dir=\"auto\">\n<div class=\"x11i5rnm xat24cr x1mh8g0r x1vvkbs xtlvy1s x126k92a\">\n<div dir=\"auto\">\n<div dir=\"auto\"><\/div>\n<\/div>\n<\/div>\n<\/div>\n<div dir=\"auto\"><img loading=\"lazy\" decoding=\"async\" class=\"aligncenter wp-image-5803 size-large\" src=\"https:\/\/urpspharma.re\/wp-content\/uploads\/2023\/08\/Webinaire-21-sept-1024x576.png\" alt=\"\" width=\"1024\" height=\"576\" srcset=\"https:\/\/urpspharma.re\/wp-content\/uploads\/2023\/08\/Webinaire-21-sept-1024x576.png 1024w, https:\/\/urpspharma.re\/wp-content\/uploads\/2023\/08\/Webinaire-21-sept-300x169.png 300w, https:\/\/urpspharma.re\/wp-content\/uploads\/2023\/08\/Webinaire-21-sept-768x432.png 768w, https:\/\/urpspharma.re\/wp-content\/uploads\/2023\/08\/Webinaire-21-sept.png 1920w\" sizes=\"(max-width: 1024px) 100vw, 1024px\" \/><\/div>\n<div dir=\"auto\"><\/div>\n<div dir=\"auto\"><\/div>\n<div dir=\"auto\"><\/div>\n<div dir=\"auto\"><\/div>\n","protected":false},"excerpt":{"rendered":"<p>Jeudi 21 septembre 2023 \u00e0 19h30 Le&nbsp;CRATB&nbsp;(Centre R\u00e9gional en Antibioth\u00e9rapie)&nbsp;en partenariat avec l&#8217;&nbsp;Assurance Maladie&nbsp;et votre&nbsp;URPS organise&nbsp;un webinaire pour les pharmaciens d&#8217;officine sur le th\u00e8me : &#8220;infections respiratoires &#8220; Ce webinaire sera anim\u00e9 par le Dr Rodolphe MANAQUIN Infectiologie au CHU &amp; responsable du CRAtb et par le&nbsp;Dr Delphine MERGER PRE-PROGRAMME Point de l&#8217;Assurance Maladie &#8211;&hellip;<\/p>\n","protected":false},"author":3,"featured_media":5803,"comment_status":"open","ping_status":"open","sticky":false,"template":"","format":"standard","meta":{"footnotes":""},"categories":[182,262,261],"tags":[623,591,624,19,239],"amp_enabled":true,"_links":{"self":[{"href":"https:\/\/urpspharma.re\/index.php?rest_route=\/wp\/v2\/posts\/5757"}],"collection":[{"href":"https:\/\/urpspharma.re\/index.php?rest_route=\/wp\/v2\/posts"}],"about":[{"href":"https:\/\/urpspharma.re\/index.php?rest_route=\/wp\/v2\/types\/post"}],"author":[{"embeddable":true,"href":"https:\/\/urpspharma.re\/index.php?rest_route=\/wp\/v2\/users\/3"}],"replies":[{"embeddable":true,"href":"https:\/\/urpspharma.re\/index.php?rest_route=%2Fwp%2Fv2%2Fcomments&post=5757"}],"version-history":[{"count":3,"href":"https:\/\/urpspharma.re\/index.php?rest_route=\/wp\/v2\/posts\/5757\/revisions"}],"predecessor-version":[{"id":5978,"href":"https:\/\/urpspharma.re\/index.php?rest_route=\/wp\/v2\/posts\/5757\/revisions\/5978"}],"wp:featuredmedia":[{"embeddable":true,"href":"https:\/\/urpspharma.re\/index.php?rest_route=\/wp\/v2\/media\/5803"}],"wp:attachment":[{"href":"https:\/\/urpspharma.re\/index.php?rest_route=%2Fwp%2Fv2%2Fmedia&parent=5757"}],"wp:term":[{"taxonomy":"category","embeddable":true,"href":"https:\/\/urpspharma.re\/index.php?rest_route=%2Fwp%2Fv2%2Fcategories&post=5757"},{"taxonomy":"post_tag","embeddable":true,"href":"https:\/\/urpspharma.re\/index.php?rest_route=%2Fwp%2Fv2%2Ftags&post=5757"}],"curies":[{"name":"wp","href":"https:\/\/api.w.org\/{rel}","templated":true}]}}