{"id":5808,"date":"2023-08-25T14:38:12","date_gmt":"2023-08-25T10:38:12","guid":{"rendered":"https:\/\/urpspharma.re\/?p=5808"},"modified":"2023-10-20T08:49:51","modified_gmt":"2023-10-20T04:49:51","slug":"deploiement-de-la-pharmacie-clinique-en-officine-a-la-reunion","status":"publish","type":"post","link":"https:\/\/urpspharma.re\/?p=5808","title":{"rendered":"Questionnaire : D\u00e9ploiement de la pharmacie clinique en Officine \u00e0 La R\u00e9union"},"content":{"rendered":"<h2 style=\"text-align: center;\"><span style=\"color: #003366;\">Votre avis compte!<\/span><\/h2>\n<div dir=\"auto\">\n<div class=\"x11i5rnm xat24cr x1mh8g0r x1vvkbs xtlvy1s x126k92a\">\n<div dir=\"auto\">\n<div dir=\"auto\">Le champ d\u2019action du pharmacien s\u2019\u00e9largit avec l\u2019apparition des nouvelles missions, dans ce contexte, votre&nbsp;<strong>URPS<\/strong>, l\u2019<strong>OMEDIT* R\u00e9union Mayotte&nbsp;<\/strong>et l&#8217;<strong>Ordre des pharmaciens,<\/strong>&nbsp;vous sollicitent afin de r\u00e9pondre \u00e0 ce court questionnaire et ainsi&nbsp;dresser un \u00e9tat des lieux.<\/div>\n<\/div>\n<div dir=\"auto\">\n<p>Notre&nbsp;but est :<\/p>\n<ul>\n<li>de comparer notre r\u00e9gion par rapport aux autres r\u00e9gions<\/li>\n<li>d&#8217;avoir une base pour d\u00e9velopper le lien ville h\u00f4pital<\/li>\n<li>de conna\u00eetre&nbsp;les besoins en formation etc&#8230;<\/li>\n<\/ul>\n<p><a class=\"mcnButton \" style=\"text-size-adjust: 100%; display: block; font-family: Arial; font-size: 20px; font-style: normal; font-variant-ligatures: normal; font-variant-caps: normal; letter-spacing: normal; orphans: 2; text-indent: 0px; text-transform: none; widows: 2; word-spacing: 0px; -webkit-text-stroke-width: 0px; white-space: normal; background-color: #004d69; font-weight: bold; line-height: 20px; text-align: center; text-decoration: none; color: #ffffff;\" title=\">>>Questionnaire ICI &#8211; Qu\u2019en est-il de la place du pharmacien \u00e0 La R\u00e9union dans le parcours de prise en charge du patient ?&#8221; href=&#8221;https:\/\/forms.office.com\/pages\/responsepage.aspx?id=9TT5FZc4zUa8l3kxzhk8rc6rvvK86mZNvA8mkJu6AGlUNjM2QzI3Sko1TFAyQkNYS1RMNjBPTlBIMC4u&#8221; target=&#8221;_blank&#8221; rel=&#8221;noopener noreferrer&#8221;>&gt;&gt;&gt;Questionnaire ICI &#8211; Qu\u2019en est-il de la place du pharmacien \u00e0 La R\u00e9union dans le parcours de prise en charge du patient ?<\/a><\/p>\n<\/div>\n<\/div>\n<\/div>\n<div dir=\"auto\"><\/div>\n<div dir=\"auto\">Merci de prendre quelques minutes pour remplir ce formulaire.<br \/>\nVous pouvez envoyer vos r\u00e9ponses d\u2019ici le 30 septembre 2023.<\/div>\n<div dir=\"auto\">\n<h2><span style=\"color: #333399;\">Qu&#8217;est-ce que l&#8217;OMEDIT<\/span><\/h2>\n<p style=\"font-weight: 400;\"><em><strong>O<\/strong>bservatoires du&nbsp;<strong>ME<\/strong>dicament, des&nbsp;<strong>D<\/strong>ispositifs m\u00e9dicaux et de l&#8217;<strong>I<\/strong>nnovation&nbsp;<strong>T<\/strong>h\u00e9rapeutique<\/em><\/p>\n<p><strong>Son objectif :<\/strong><br \/>\nAnimer la politique r\u00e9gionale des produits de sant\u00e9 d\u00e9finie par l&#8217;Agence R\u00e9gionale de Sant\u00e9 (ARS)<\/p>\n<p style=\"font-weight: 400;\"><a href=\"https:\/\/drive.google.com\/file\/d\/12WzoudKI0xDFG1wV8_bXFY4RqXe23em8\/view?usp=sharing\">&gt;&gt; En savoir plus<\/a><\/p>\n<\/div>\n<div dir=\"auto\">\n<div class=\"x11i5rnm xat24cr x1mh8g0r x1vvkbs xtlvy1s x126k92a\">\n<div dir=\"auto\">\n<div dir=\"auto\"><\/div>\n<\/div>\n<\/div>\n<\/div>\n<div dir=\"auto\"><img loading=\"lazy\" decoding=\"async\" class=\"aligncenter wp-image-5810 size-full\" src=\"https:\/\/urpspharma.re\/wp-content\/uploads\/2023\/08\/logos-urps-omedit-ordre.png\" alt=\"\" width=\"745\" height=\"181\" srcset=\"https:\/\/urpspharma.re\/wp-content\/uploads\/2023\/08\/logos-urps-omedit-ordre.png 745w, https:\/\/urpspharma.re\/wp-content\/uploads\/2023\/08\/logos-urps-omedit-ordre-300x73.png 300w\" sizes=\"(max-width: 745px) 100vw, 745px\" \/><\/div>\n<div dir=\"auto\"><\/div>\n<div dir=\"auto\"><\/div>\n<div dir=\"auto\"><\/div>\n<div dir=\"auto\"><\/div>\n","protected":false},"excerpt":{"rendered":"<p>Votre avis compte! Le champ d\u2019action du pharmacien s\u2019\u00e9largit avec l\u2019apparition des nouvelles missions, dans ce contexte, votre&nbsp;URPS, l\u2019OMEDIT* R\u00e9union Mayotte&nbsp;et l&#8217;Ordre des pharmaciens,&nbsp;vous sollicitent afin de r\u00e9pondre \u00e0 ce court questionnaire et ainsi&nbsp;dresser un \u00e9tat des lieux. Notre&nbsp;but est : de comparer notre r\u00e9gion par rapport aux autres r\u00e9gions d&#8217;avoir une base pour d\u00e9velopper&hellip;<\/p>\n","protected":false},"author":3,"featured_media":5812,"comment_status":"open","ping_status":"open","sticky":false,"template":"","format":"standard","meta":{"footnotes":""},"categories":[182,626],"tags":[625,586,264,239],"amp_enabled":true,"_links":{"self":[{"href":"https:\/\/urpspharma.re\/index.php?rest_route=\/wp\/v2\/posts\/5808"}],"collection":[{"href":"https:\/\/urpspharma.re\/index.php?rest_route=\/wp\/v2\/posts"}],"about":[{"href":"https:\/\/urpspharma.re\/index.php?rest_route=\/wp\/v2\/types\/post"}],"author":[{"embeddable":true,"href":"https:\/\/urpspharma.re\/index.php?rest_route=\/wp\/v2\/users\/3"}],"replies":[{"embeddable":true,"href":"https:\/\/urpspharma.re\/index.php?rest_route=%2Fwp%2Fv2%2Fcomments&post=5808"}],"version-history":[{"count":3,"href":"https:\/\/urpspharma.re\/index.php?rest_route=\/wp\/v2\/posts\/5808\/revisions"}],"predecessor-version":[{"id":5977,"href":"https:\/\/urpspharma.re\/index.php?rest_route=\/wp\/v2\/posts\/5808\/revisions\/5977"}],"wp:featuredmedia":[{"embeddable":true,"href":"https:\/\/urpspharma.re\/index.php?rest_route=\/wp\/v2\/media\/5812"}],"wp:attachment":[{"href":"https:\/\/urpspharma.re\/index.php?rest_route=%2Fwp%2Fv2%2Fmedia&parent=5808"}],"wp:term":[{"taxonomy":"category","embeddable":true,"href":"https:\/\/urpspharma.re\/index.php?rest_route=%2Fwp%2Fv2%2Fcategories&post=5808"},{"taxonomy":"post_tag","embeddable":true,"href":"https:\/\/urpspharma.re\/index.php?rest_route=%2Fwp%2Fv2%2Ftags&post=5808"}],"curies":[{"name":"wp","href":"https:\/\/api.w.org\/{rel}","templated":true}]}}