{"id":5813,"date":"2023-08-28T10:08:18","date_gmt":"2023-08-28T06:08:18","guid":{"rendered":"https:\/\/urpspharma.re\/?p=5813"},"modified":"2023-10-20T08:48:06","modified_gmt":"2023-10-20T04:48:06","slug":"cpts-est-soiree-de-formation-sur-les-violences-intrafamiliales","status":"publish","type":"post","link":"https:\/\/urpspharma.re\/?p=5813","title":{"rendered":"CPTS EST &#8211; Mercredi 20 septembre 2023 &#8211; Soir\u00e9e de formation sur les violences intrafamiliales"},"content":{"rendered":"<h2 style=\"text-align: center;\"><span style=\"color: #003366;\">Mercredi 20 septembre 2023 \u00e0 19h00<\/span><\/h2>\n<h2 style=\"text-align: center;\"><span style=\"color: #003366;\"> Lieu \u00e0 confirmer<\/span><\/h2>\n<div dir=\"auto\">\n<div class=\"x11i5rnm xat24cr x1mh8g0r x1vvkbs xtlvy1s x126k92a\">\n<div dir=\"auto\">\n<div dir=\"auto\">La&nbsp;CPTS EST en partenariat avec l&#8217;AFIS, organisme certifi\u00e9&nbsp;<b>QUALIOPI<\/b>, organise une soir\u00e9e de formation sur les violences intrafamiliales.<\/div>\n<\/div>\n<\/div>\n<\/div>\n<div dir=\"auto\"><\/div>\n<div dir=\"auto\">\n<div><span style=\"color: #000000;\">Cette formation se focalisera<\/span>sur la th\u00e9matique :<\/div>\n<div><b><span style=\"color: #274e13;\">&nbsp;<\/span><\/b><\/div>\n<div>\n<div style=\"text-align: center;\"><span style=\"color: #003366;\"><b>Parcours type de la victime adulte depuis le d\u00e9pistage jusqu&#8217;aux suites judiciaires<\/b>.<\/span><\/div>\n<p>L&#8217;objectif est de r\u00e9unir les professionnels de sant\u00e9 autour d&#8217;intervenants afin de pouvoir \u00e9changer sur ce sujet.<\/p>\n<\/div>\n<\/div>\n<div><\/div>\n<div>\n<div>L&#8217;accueil d\u00e9butera \u00e0 19H00 et un cocktail dinatoire sera mis \u00e0 votre disposition. La r\u00e9union commencera \u00e0 19H30.<\/div>\n<div><\/div>\n<div>Pour tout renseignement, n&#8217;h\u00e9sitez pas \u00e0 contacter la coordinatrice de la CPTS EST : Alexandra TODOROVIC<\/div>\n<div>par t\u00e9l\u00e9phone: 06 93 88 00 69<\/div>\n<div>par mail:&nbsp;<a href=\"mailto:cpts.est@gmail.com\" target=\"_blank\" rel=\"noopener noreferrer\">cpts.est@gmail.com<\/a><\/div>\n<\/div>\n<div dir=\"auto\"><\/div>\n<div dir=\"auto\">La soir\u00e9e&nbsp;est&nbsp;<b>gratuite<\/b> et destin\u00e9e aux professionnels de sant\u00e9 sur r\u00e9servation via le lien suivant :<\/div>\n<div dir=\"auto\"><\/div>\n<div dir=\"auto\">\n<div class=\"x11i5rnm xat24cr x1mh8g0r x1vvkbs xtlvy1s x126k92a\">\n<div dir=\"auto\">\n<div dir=\"auto\"><span class=\"x3nfvp2 x1j61x8r x1fcty0u xdj266r xhhsvwb xat24cr xgzva0m xxymvpz xlup9mm x1kky2od\"><img loading=\"lazy\" decoding=\"async\" src=\"https:\/\/static.xx.fbcdn.net\/images\/emoji.php\/v9\/taa\/1.5\/16\/1f449.png\" alt=\"&#x1f449;\" width=\"16\" height=\"16\"><\/span>Inscription : <a class=\"x1i10hfl xjbqb8w x6umtig x1b1mbwd xaqea5y xav7gou x9f619 x1ypdohk xt0psk2 xe8uvvx xdj266r x11i5rnm xat24cr x1mh8g0r xexx8yu x4uap5 x18d9i69 xkhd6sd x16tdsg8 x1hl2dhg xggy1nq x1a2a7pz xt0b8zv x1fey0fg\" tabindex=\"0\" role=\"link\" href=\"https:\/\/bit.ly\/SAOME_RENCONTRE_280823?fbclid=IwAR3z-eQ0EEPF6V_qKXeaRhkAf1T7DoqpkMXkY_GKp3s1ZCBI6AZJwqRjrT0\" target=\"_blank\" rel=\"nofollow noopener noreferrer\">https:\/\/bit.ly\/SAOME_RENCONTRE_280823<\/a><\/div>\n<\/div>\n<\/div>\n<\/div>\n<div dir=\"auto\"><\/div>\n<div dir=\"auto\">&gt;&gt; <a href=\"https:\/\/cptsestreunion.fr\/\" target=\"_blank\" rel=\"noopener noreferrer\">Site CPTS EST<\/a><\/div>\n<div dir=\"auto\"><\/div>\n<div dir=\"auto\"><img loading=\"lazy\" decoding=\"async\" class=\"aligncenter wp-image-5814 size-full\" src=\"https:\/\/urpspharma.re\/wp-content\/uploads\/2023\/08\/logos-CPTS-EST_AFIS.png\" alt=\"\" width=\"958\" height=\"221\" srcset=\"https:\/\/urpspharma.re\/wp-content\/uploads\/2023\/08\/logos-CPTS-EST_AFIS.png 958w, https:\/\/urpspharma.re\/wp-content\/uploads\/2023\/08\/logos-CPTS-EST_AFIS-300x69.png 300w, https:\/\/urpspharma.re\/wp-content\/uploads\/2023\/08\/logos-CPTS-EST_AFIS-768x177.png 768w\" sizes=\"(max-width: 958px) 100vw, 958px\" \/><\/div>\n<div dir=\"auto\"><\/div>\n<div dir=\"auto\"><\/div>\n","protected":false},"excerpt":{"rendered":"<p>Mercredi 20 septembre 2023 \u00e0 19h00 Lieu \u00e0 confirmer La&nbsp;CPTS EST en partenariat avec l&#8217;AFIS, organisme certifi\u00e9&nbsp;QUALIOPI, organise une soir\u00e9e de formation sur les violences intrafamiliales. Cette formation se focaliserasur la th\u00e9matique : &nbsp; Parcours type de la victime adulte depuis le d\u00e9pistage jusqu&#8217;aux suites judiciaires. L&#8217;objectif est de r\u00e9unir les professionnels de sant\u00e9 autour&hellip;<\/p>\n","protected":false},"author":3,"featured_media":5814,"comment_status":"open","ping_status":"open","sticky":false,"template":"","format":"standard","meta":{"footnotes":""},"categories":[452,378,182],"tags":[628,342,607,627,239],"amp_enabled":true,"_links":{"self":[{"href":"https:\/\/urpspharma.re\/index.php?rest_route=\/wp\/v2\/posts\/5813"}],"collection":[{"href":"https:\/\/urpspharma.re\/index.php?rest_route=\/wp\/v2\/posts"}],"about":[{"href":"https:\/\/urpspharma.re\/index.php?rest_route=\/wp\/v2\/types\/post"}],"author":[{"embeddable":true,"href":"https:\/\/urpspharma.re\/index.php?rest_route=\/wp\/v2\/users\/3"}],"replies":[{"embeddable":true,"href":"https:\/\/urpspharma.re\/index.php?rest_route=%2Fwp%2Fv2%2Fcomments&post=5813"}],"version-history":[{"count":3,"href":"https:\/\/urpspharma.re\/index.php?rest_route=\/wp\/v2\/posts\/5813\/revisions"}],"predecessor-version":[{"id":5974,"href":"https:\/\/urpspharma.re\/index.php?rest_route=\/wp\/v2\/posts\/5813\/revisions\/5974"}],"wp:featuredmedia":[{"embeddable":true,"href":"https:\/\/urpspharma.re\/index.php?rest_route=\/wp\/v2\/media\/5814"}],"wp:attachment":[{"href":"https:\/\/urpspharma.re\/index.php?rest_route=%2Fwp%2Fv2%2Fmedia&parent=5813"}],"wp:term":[{"taxonomy":"category","embeddable":true,"href":"https:\/\/urpspharma.re\/index.php?rest_route=%2Fwp%2Fv2%2Fcategories&post=5813"},{"taxonomy":"post_tag","embeddable":true,"href":"https:\/\/urpspharma.re\/index.php?rest_route=%2Fwp%2Fv2%2Ftags&post=5813"}],"curies":[{"name":"wp","href":"https:\/\/api.w.org\/{rel}","templated":true}]}}