{"id":5839,"date":"2023-09-08T12:59:22","date_gmt":"2023-09-08T08:59:22","guid":{"rendered":"https:\/\/urpspharma.re\/?p=5839"},"modified":"2023-10-20T08:48:33","modified_gmt":"2023-10-20T04:48:33","slug":"journee-regionale-sur-la-cocaine","status":"publish","type":"post","link":"https:\/\/urpspharma.re\/?p=5839","title":{"rendered":"Journ\u00e9e r\u00e9gionale sur la coca\u00efne : Mardi 26 septembre 2023"},"content":{"rendered":"<h2 style=\"text-align: center;\"><span style=\"color: #cc0000;\"><strong>Mardi 26 septembre 2023<\/strong><\/span><\/h2>\n<div dir=\"auto\">\n<p style=\"font-weight: 400; text-align: center;\"><strong>H\u00f4tel Le R\u00e9cif, \u00e0 Saint-Gilles-les-Bains<\/strong><\/p>\n<p><strong>Le 26 septembre 2023, la F\u00e9d\u00e9ration Addiction, avec l&#8217;appui de SAOME,&nbsp;Centre de Ressources et d\u2019Expertise sur les usages et addictions, et la participation du R\u00e9seau Ot\u00e9, vous invitent pour une journ\u00e9e r\u00e9gionale sur la coca\u00efne. Cette journ\u00e9e s&#8217;inscrit dans le programme AIPAUC pour am\u00e9liorer l&#8217;information, la pr\u00e9vention et l&#8217;accompagnement des usagers de coca\u00efne.<\/strong><\/p>\n<p>Au programme, un \u00e9tat des lieux sur la situation \u00e0 La R\u00e9union et une pr\u00e9sentation des travaux du projet AIPAUC. Le reste de la journ\u00e9e sera consacr\u00e9e \u00e0 des ateliers sur le soin, la r\u00e9duction des risques et la pr\u00e9vention.<\/p>\n<\/div>\n\n\n<div class=\"wp-block-media-text alignwide\" style=\"grid-template-columns:20% auto\"><figure class=\"wp-block-media-text__media\"><img loading=\"lazy\" decoding=\"async\" width=\"576\" height=\"1024\" src=\"https:\/\/urpspharma.re\/wp-content\/uploads\/2023\/09\/26-09-23-journ\u00e9e-r\u00e9gionale-sur-la-cocaine-576x1024.jpg\" alt=\"\" class=\"wp-image-5840\" srcset=\"https:\/\/urpspharma.re\/wp-content\/uploads\/2023\/09\/26-09-23-journ\u00e9e-r\u00e9gionale-sur-la-cocaine-576x1024.jpg 576w, https:\/\/urpspharma.re\/wp-content\/uploads\/2023\/09\/26-09-23-journ\u00e9e-r\u00e9gionale-sur-la-cocaine-169x300.jpg 169w, https:\/\/urpspharma.re\/wp-content\/uploads\/2023\/09\/26-09-23-journ\u00e9e-r\u00e9gionale-sur-la-cocaine.jpg 720w\" sizes=\"(max-width: 576px) 100vw, 576px\" \/><\/figure><div class=\"wp-block-media-text__content\">\n<p> <a rel=\"noreferrer noopener\" href=\"https:\/\/saome.fr\/wp-content\/uploads\/2023\/09\/JR-Reunion.pdf\" target=\"_blank\">&gt;&gt; Programme<\/a> <\/p>\n\n\n\n<p> <a href=\"https:\/\/my.weezevent.com\/journee-regionale-sur-la-cocaine-a-la-reunion?_gl=1*1wuhmgg*_gcl_au*MTQ4NjU3NjUzNC4xNjkwNzg3NzM2\" target=\"_blank\" rel=\"noreferrer noopener\">>Inscription ICI (s\u2019ouvre dans un nouvel onglet)&#8221;>&gt;&gt;Inscription ICI<\/a><\/p>\n\n\n\n<p> Plus d&#8217;information : <a rel=\"noreferrer noopener\" href=\"https:\/\/saome.fr\/event\/\" target=\"_blank\">https:\/\/saome.fr\/event\/<\/a> <\/p>\n<\/div><\/div>\n","protected":false},"excerpt":{"rendered":"<p>Mardi 26 septembre 2023 H\u00f4tel Le R\u00e9cif, \u00e0 Saint-Gilles-les-Bains Le 26 septembre 2023, la F\u00e9d\u00e9ration Addiction, avec l&#8217;appui de SAOME,&nbsp;Centre de Ressources et d\u2019Expertise sur les usages et addictions, et la participation du R\u00e9seau Ot\u00e9, vous invitent pour une journ\u00e9e r\u00e9gionale sur la coca\u00efne. Cette journ\u00e9e s&#8217;inscrit dans le programme AIPAUC pour am\u00e9liorer l&#8217;information, la&hellip;<\/p>\n","protected":false},"author":3,"featured_media":5840,"comment_status":"open","ping_status":"open","sticky":false,"template":"","format":"standard","meta":{"footnotes":""},"categories":[182,262],"tags":[616,20,634,635,21,239],"amp_enabled":true,"_links":{"self":[{"href":"https:\/\/urpspharma.re\/index.php?rest_route=\/wp\/v2\/posts\/5839"}],"collection":[{"href":"https:\/\/urpspharma.re\/index.php?rest_route=\/wp\/v2\/posts"}],"about":[{"href":"https:\/\/urpspharma.re\/index.php?rest_route=\/wp\/v2\/types\/post"}],"author":[{"embeddable":true,"href":"https:\/\/urpspharma.re\/index.php?rest_route=\/wp\/v2\/users\/3"}],"replies":[{"embeddable":true,"href":"https:\/\/urpspharma.re\/index.php?rest_route=%2Fwp%2Fv2%2Fcomments&post=5839"}],"version-history":[{"count":5,"href":"https:\/\/urpspharma.re\/index.php?rest_route=\/wp\/v2\/posts\/5839\/revisions"}],"predecessor-version":[{"id":5975,"href":"https:\/\/urpspharma.re\/index.php?rest_route=\/wp\/v2\/posts\/5839\/revisions\/5975"}],"wp:featuredmedia":[{"embeddable":true,"href":"https:\/\/urpspharma.re\/index.php?rest_route=\/wp\/v2\/media\/5840"}],"wp:attachment":[{"href":"https:\/\/urpspharma.re\/index.php?rest_route=%2Fwp%2Fv2%2Fmedia&parent=5839"}],"wp:term":[{"taxonomy":"category","embeddable":true,"href":"https:\/\/urpspharma.re\/index.php?rest_route=%2Fwp%2Fv2%2Fcategories&post=5839"},{"taxonomy":"post_tag","embeddable":true,"href":"https:\/\/urpspharma.re\/index.php?rest_route=%2Fwp%2Fv2%2Ftags&post=5839"}],"curies":[{"name":"wp","href":"https:\/\/api.w.org\/{rel}","templated":true}]}}