{"id":5927,"date":"2023-09-18T08:19:55","date_gmt":"2023-09-18T04:19:55","guid":{"rendered":"https:\/\/urpspharma.re\/?p=5927"},"modified":"2023-10-20T08:46:56","modified_gmt":"2023-10-20T04:46:56","slug":"soiree-interpro-psychotraumatismes-et-addictions","status":"publish","type":"post","link":"https:\/\/urpspharma.re\/?p=5927","title":{"rendered":"Soir\u00e9e interpro : mardi 03 octobre 2023 &#8211; Psychotraumatismes et Addictions"},"content":{"rendered":"<h2 style=\"text-align: center;\"><span style=\"color: #cc0000;\"><strong>Mardi 03 octobre 2023<\/strong><\/span><\/h2>\n<div dir=\"auto\">\n<p>L\u2019<strong><a href=\"https:\/\/saome.fr\/qui-sommes-nous\/\" target=\"_blank\" rel=\"noopener noreferrer\" data-saferedirecturl=\"https:\/\/www.google.com\/url?q=https:\/\/saome.fr\/qui-sommes-nous\/&amp;source=gmail&amp;ust=1696047356330000&amp;usg=AOvVaw0EGM7xkdiOMsWAR2xcGaBS\">association SAOME<\/a>, centre de ressources et d\u2019expertise sur les usages et addictions,<\/strong> vous convie \u00e0 la prochaine soir\u00e9e interprofessionnelle&nbsp;:<\/p>\n<h5 align=\"center\"><em>Le mardi 03 octobre 2023,&nbsp;de 19 h 30 \u00e0 21 h (accueil \u00e0 19h)<\/em><u><\/u><u><\/u><\/h5>\n<h5 align=\"center\"><em>A la salle Baliz, Etap-Sant\u00e9,<\/em><u><\/u><u><\/u><\/h5>\n<h5 align=\"center\"><em>115c All\u00e9e de Montaignac, Etang-Sal\u00e9-les-Hauts<\/em><\/h5>\n<p>Elle sera anim\u00e9e par&nbsp;<strong>Chantale KREDER<\/strong>, Psychologue clinicienne, \u00e0 l\u2019Unit\u00e9 de Psychotraumatologie du CHU SUD. Seront abord\u00e9s : les liens entre psychotraumatismes et addictions, le rep\u00e9rage et l\u2019orientation, des \u00e9l\u00e9ments sur la prise en charge et les personnes ressources \u00e0 La R\u00e9union.<u><\/u><u><\/u><\/p>\n<p>Etant donn\u00e9e la pr\u00e9valence des troubles duels, les professionnels lib\u00e9raux peuvent y \u00eatre confront\u00e9s et sont invit\u00e9s \u00e0 cette rencontre pour en \u00e9changer.<u><\/u><u><\/u><\/p>\n<p>Plus d&#8217;information :&nbsp; <a href=\"https:\/\/saome.fr\/event\/rencontre-interprofessionnelle-psychotraumatismes-et-addictions-saome-a-etang-sale-les-hauts-le-03-octobre-2023\/\" target=\"_blank\" rel=\"noopener noreferrer\" data-saferedirecturl=\"https:\/\/www.google.com\/url?q=https:\/\/saome.fr\/event\/rencontre-interprofessionnelle-psychotraumatismes-et-addictions-saome-a-etang-sale-les-hauts-le-03-octobre-2023\/&amp;source=gmail&amp;ust=1696047356330000&amp;usg=AOvVaw0iOUTV2RGnGLaGeEo37nP8\">https:\/\/saome.fr\/event\/<wbr>rencontre-<wbr>interprofessionnelle-<wbr>psychotraumatismes-et-<wbr>addictions-saome-a-etang-sale-<wbr>les-hauts-le-03-octobre-2023\/<\/a>&nbsp;<wbr>?<u><\/u><u><\/u><\/p>\n<p><strong>Pour s\u2019inscrire,&nbsp;<\/strong><strong><a href=\"https:\/\/forms.office.com\/pages\/responsepage.aspx?id=SGsWQ6rS20OVx_KNv0KyYGxTZZRCXShLjc7vePZSv6dUREZaWDBTMkFRMEs4QThJSFQ1V0lFOUk2Ui4u\" target=\"_blank\" rel=\"noopener noreferrer\" data-saferedirecturl=\"https:\/\/www.google.com\/url?q=https:\/\/forms.office.com\/pages\/responsepage.aspx?id%3DSGsWQ6rS20OVx_KNv0KyYGxTZZRCXShLjc7vePZSv6dUREZaWDBTMkFRMEs4QThJSFQ1V0lFOUk2Ui4u&amp;source=gmail&amp;ust=1696047356330000&amp;usg=AOvVaw2pIDMHJP7BlShh6n_L3ROB\">cliquer ici<\/a><\/strong><\/p>\n<p>Entr\u00e9e libre et gratuite, sur inscription<\/p>\n<\/div>\n","protected":false},"excerpt":{"rendered":"<p>Mardi 03 octobre 2023 L\u2019association SAOME, centre de ressources et d\u2019expertise sur les usages et addictions, vous convie \u00e0 la prochaine soir\u00e9e interprofessionnelle&nbsp;: Le mardi 03 octobre 2023,&nbsp;de 19 h 30 \u00e0 21 h (accueil \u00e0 19h) A la salle Baliz, Etap-Sant\u00e9, 115c All\u00e9e de Montaignac, Etang-Sal\u00e9-les-Hauts Elle sera anim\u00e9e par&nbsp;Chantale KREDER, Psychologue clinicienne, \u00e0&hellip;<\/p>\n","protected":false},"author":3,"featured_media":5928,"comment_status":"open","ping_status":"open","sticky":false,"template":"","format":"standard","meta":{"footnotes":""},"categories":[182,262],"tags":[638,20,21,447,239],"amp_enabled":true,"_links":{"self":[{"href":"https:\/\/urpspharma.re\/index.php?rest_route=\/wp\/v2\/posts\/5927"}],"collection":[{"href":"https:\/\/urpspharma.re\/index.php?rest_route=\/wp\/v2\/posts"}],"about":[{"href":"https:\/\/urpspharma.re\/index.php?rest_route=\/wp\/v2\/types\/post"}],"author":[{"embeddable":true,"href":"https:\/\/urpspharma.re\/index.php?rest_route=\/wp\/v2\/users\/3"}],"replies":[{"embeddable":true,"href":"https:\/\/urpspharma.re\/index.php?rest_route=%2Fwp%2Fv2%2Fcomments&post=5927"}],"version-history":[{"count":3,"href":"https:\/\/urpspharma.re\/index.php?rest_route=\/wp\/v2\/posts\/5927\/revisions"}],"predecessor-version":[{"id":5972,"href":"https:\/\/urpspharma.re\/index.php?rest_route=\/wp\/v2\/posts\/5927\/revisions\/5972"}],"wp:featuredmedia":[{"embeddable":true,"href":"https:\/\/urpspharma.re\/index.php?rest_route=\/wp\/v2\/media\/5928"}],"wp:attachment":[{"href":"https:\/\/urpspharma.re\/index.php?rest_route=%2Fwp%2Fv2%2Fmedia&parent=5927"}],"wp:term":[{"taxonomy":"category","embeddable":true,"href":"https:\/\/urpspharma.re\/index.php?rest_route=%2Fwp%2Fv2%2Fcategories&post=5927"},{"taxonomy":"post_tag","embeddable":true,"href":"https:\/\/urpspharma.re\/index.php?rest_route=%2Fwp%2Fv2%2Ftags&post=5927"}],"curies":[{"name":"wp","href":"https:\/\/api.w.org\/{rel}","templated":true}]}}