{"id":5998,"date":"2023-10-09T09:10:33","date_gmt":"2023-10-09T05:10:33","guid":{"rendered":"https:\/\/urpspharma.re\/?p=5998"},"modified":"2023-10-20T09:18:19","modified_gmt":"2023-10-20T05:18:19","slug":"questionnaire-les-pharmaciens-peuvent-prescrire-et-administrer-les-vaccins-ou-en-sommes-nous","status":"publish","type":"post","link":"https:\/\/urpspharma.re\/?p=5998","title":{"rendered":"Questionnaire : Les pharmaciens peuvent prescrire et administrer les VACCINS : O\u00f9 en sommes nous?"},"content":{"rendered":"<h2 style=\"text-align: center;\"><span style=\"color: #003366;\">Votre avis compte!<\/span><\/h2>\n<p><img loading=\"lazy\" decoding=\"async\" class=\"aligncenter wp-image-6000 size-full\" src=\"https:\/\/urpspharma.re\/wp-content\/uploads\/2023\/10\/bandeau-sondage-vaccination2.png\" alt=\"\" width=\"868\" height=\"287\" srcset=\"https:\/\/urpspharma.re\/wp-content\/uploads\/2023\/10\/bandeau-sondage-vaccination2.png 868w, https:\/\/urpspharma.re\/wp-content\/uploads\/2023\/10\/bandeau-sondage-vaccination2-300x99.png 300w, https:\/\/urpspharma.re\/wp-content\/uploads\/2023\/10\/bandeau-sondage-vaccination2-768x254.png 768w\" sizes=\"(max-width: 868px) 100vw, 868px\" \/><\/p>\n<div dir=\"auto\">\n<div class=\"x11i5rnm xat24cr x1mh8g0r x1vvkbs xtlvy1s x126k92a\">\n<div dir=\"auto\">\n<div>\n<p>Un\u00a0<a href=\"https:\/\/www.legifrance.gouv.fr\/jorf\/id\/JORFTEXT000047948973\" target=\"_blank\" rel=\"noopener noreferrer\">d\u00e9cret n\u00b0 2023-736 du 8 ao\u00fbt 2023<\/a>\u00a0publi\u00e9 au\u00a0<em>Journal officiel<\/em>\u00a0le 9\u00a0ao\u00fbt\u00a02023 \u00e9largit les comp\u00e9tences des pharmaciens pour prescrire et administrer l\u2019ensemble des vaccins du calendrier vaccinal aux personnes \u00e2g\u00e9es d\u2019au moins 11\u00a0ans.<\/p>\n<p>Dans ce contexte, votre URPS vous sollicite pour r\u00e9pondre \u00e0 ce court questionnaire (1mn) afin de :<\/p>\n<ul>\n<li>dresser un \u00e9tat des lieux des pharmaciens vaccinateurs mais \u00e9galement prescripteurs<\/li>\n<li>r\u00e9pondre \u00e0 la demande de formation<\/li>\n<li>d\u2019apporter des \u00e9l\u00e9ments d\u2019\u00e9valuation sur l&#8217;\u00e9largissement des comp\u00e9tences du pharmacien afin d&#8217;am\u00e9liorer la couverture vaccinale pour les vaccins du calendrier vaccinal, insuffisante \u00e0 la R\u00e9union\n<p><strong>Votre URPS vous remercie pour votre implication.<\/strong><\/li>\n<\/ul>\n<\/div>\n<\/div>\n<\/div>\n<\/div>\n<div dir=\"auto\"><\/div>\n<div dir=\"auto\"><a href=\"https:\/\/docs.google.com\/forms\/d\/e\/1FAIpQLSf5rDP7AnHU1WqeI7374ymL_JGrgphUUAQgbxfdWryHVhKviw\/viewform\" target=\"_blank\" rel=\"noopener noreferrer\"><img loading=\"lazy\" decoding=\"async\" class=\"aligncenter wp-image-5999 size-full\" src=\"https:\/\/urpspharma.re\/wp-content\/uploads\/2023\/10\/bouton-questionnaire.png\" alt=\"\" width=\"747\" height=\"62\" srcset=\"https:\/\/urpspharma.re\/wp-content\/uploads\/2023\/10\/bouton-questionnaire.png 747w, https:\/\/urpspharma.re\/wp-content\/uploads\/2023\/10\/bouton-questionnaire-300x25.png 300w\" sizes=\"(max-width: 747px) 100vw, 747px\" \/><\/a><\/div>\n<div dir=\"auto\"><\/div>\n<div dir=\"auto\">\n<p style=\"font-weight: 400;\">\n<\/div>\n<div dir=\"auto\">\n<div class=\"x11i5rnm xat24cr x1mh8g0r x1vvkbs xtlvy1s x126k92a\">\n<div dir=\"auto\">\n<div dir=\"auto\"><\/div>\n<\/div>\n<\/div>\n<\/div>\n<div dir=\"auto\"><\/div>\n<div dir=\"auto\"><\/div>\n<div dir=\"auto\"><\/div>\n<div dir=\"auto\"><\/div>\n<div dir=\"auto\"><\/div>\n","protected":false},"excerpt":{"rendered":"<p>Votre avis compte! Un\u00a0d\u00e9cret n\u00b0 2023-736 du 8 ao\u00fbt 2023\u00a0publi\u00e9 au\u00a0Journal officiel\u00a0le 9\u00a0ao\u00fbt\u00a02023 \u00e9largit les comp\u00e9tences des pharmaciens pour prescrire et administrer l\u2019ensemble des vaccins du calendrier vaccinal aux personnes \u00e2g\u00e9es d\u2019au moins 11\u00a0ans. Dans ce contexte, votre URPS vous sollicite pour r\u00e9pondre \u00e0 ce court questionnaire (1mn) afin de : dresser un \u00e9tat des&hellip;<\/p>\n","protected":false},"author":3,"featured_media":6001,"comment_status":"open","ping_status":"open","sticky":false,"template":"","format":"standard","meta":{"footnotes":""},"categories":[182,626],"tags":[239,68],"amp_enabled":true,"_links":{"self":[{"href":"https:\/\/urpspharma.re\/index.php?rest_route=\/wp\/v2\/posts\/5998"}],"collection":[{"href":"https:\/\/urpspharma.re\/index.php?rest_route=\/wp\/v2\/posts"}],"about":[{"href":"https:\/\/urpspharma.re\/index.php?rest_route=\/wp\/v2\/types\/post"}],"author":[{"embeddable":true,"href":"https:\/\/urpspharma.re\/index.php?rest_route=\/wp\/v2\/users\/3"}],"replies":[{"embeddable":true,"href":"https:\/\/urpspharma.re\/index.php?rest_route=%2Fwp%2Fv2%2Fcomments&post=5998"}],"version-history":[{"count":1,"href":"https:\/\/urpspharma.re\/index.php?rest_route=\/wp\/v2\/posts\/5998\/revisions"}],"predecessor-version":[{"id":6002,"href":"https:\/\/urpspharma.re\/index.php?rest_route=\/wp\/v2\/posts\/5998\/revisions\/6002"}],"wp:featuredmedia":[{"embeddable":true,"href":"https:\/\/urpspharma.re\/index.php?rest_route=\/wp\/v2\/media\/6001"}],"wp:attachment":[{"href":"https:\/\/urpspharma.re\/index.php?rest_route=%2Fwp%2Fv2%2Fmedia&parent=5998"}],"wp:term":[{"taxonomy":"category","embeddable":true,"href":"https:\/\/urpspharma.re\/index.php?rest_route=%2Fwp%2Fv2%2Fcategories&post=5998"},{"taxonomy":"post_tag","embeddable":true,"href":"https:\/\/urpspharma.re\/index.php?rest_route=%2Fwp%2Fv2%2Ftags&post=5998"}],"curies":[{"name":"wp","href":"https:\/\/api.w.org\/{rel}","templated":true}]}}