{"id":6008,"date":"2023-10-17T09:30:52","date_gmt":"2023-10-17T05:30:52","guid":{"rendered":"https:\/\/urpspharma.re\/?p=6008"},"modified":"2023-10-23T17:38:36","modified_gmt":"2023-10-23T13:38:36","slug":"urps-rencontre-pharmaceutique-14-15-et-16-novembre-2023-harmonisation-des-pratiques-en-soins-non-programmes","status":"publish","type":"post","link":"https:\/\/urpspharma.re\/?p=6008","title":{"rendered":"URPS &#8211; Rencontre pharmaceutique : 14-15 et 16 novembre 2023 &#8211; Harmonisation des pratiques en Soins Non Programm\u00e9s"},"content":{"rendered":"<h2 style=\"text-align: center;\"><span style=\"color: #cc0000;\"><strong>Mardi 14 novembre 2023 &#8211; H\u00f4tel Le Ness (Saint-Gilles Les Bains)<\/strong><\/span><\/h2>\n<h2 style=\"text-align: center;\"><span style=\"color: #cc0000;\"><strong>Mercredi 15 novembre 2023 &#8211; H\u00f4tel Dina Morgabine (Saint-Denis)<\/strong><\/span><\/h2>\n<h2 style=\"text-align: center;\"><span style=\"color: #cc0000;\"><strong>Jeudi 16 novembre 2023 &#8211; H\u00f4tel Villa Delisle (Saint-Pierre)<\/strong><\/span><\/h2>\n<h3 class=\"null\" dir=\"ltr\" style=\"text-align: center;\"><img loading=\"lazy\" decoding=\"async\" class=\"aligncenter wp-image-6010 size-full\" src=\"https:\/\/urpspharma.re\/wp-content\/uploads\/2023\/10\/Pr\u00e9sentation-de-la-d\u00e9marche.png\" alt=\"\" width=\"846\" height=\"558\" srcset=\"https:\/\/urpspharma.re\/wp-content\/uploads\/2023\/10\/Pr\u00e9sentation-de-la-d\u00e9marche.png 846w, https:\/\/urpspharma.re\/wp-content\/uploads\/2023\/10\/Pr\u00e9sentation-de-la-d\u00e9marche-300x198.png 300w, https:\/\/urpspharma.re\/wp-content\/uploads\/2023\/10\/Pr\u00e9sentation-de-la-d\u00e9marche-768x507.png 768w\" sizes=\"(max-width: 846px) 100vw, 846px\" \/><\/h3>\n<p dir=\"ltr\">Cette action forte mise en place par votre URPS a pour but d\u2019apporter, \u00e0 l\u2019aide d\u2019indicateurs consolid\u00e9s et analys\u00e9s, des \u00e9l\u00e9ments d\u2019\u00e9valuation et d&#8217;am\u00e9lioration du parcours de soins du patient consultant son pharmacien.\u00a0<\/p>\n<p dir=\"ltr\">Appel\u00e9 en renfort, avec le succ\u00e8s que l\u2019on conna\u00eet dans la gestion de la crise du COVID,\u00a0 le pharmacien se positionne plus que jamais comme un acteur incontournable du premier recours en sant\u00e9 et se voit confi\u00e9 de plus en plus de nouvelles missions.<\/p>\n<p dir=\"ltr\">L&#8217;<a href=\"https:\/\/www.legifrance.gouv.fr\/codes\/article_lc\/LEGIARTI000046812020\">article 30<\/a>\u00a0de la loi\u00a0<a href=\"https:\/\/www.legifrance.gouv.fr\/loda\/id\/JORFTEXT000038821260\">2019-774 du 24 juillet 2019<\/a>\u00a0modifi\u00e9e en 2022 relative \u00e0 l&#8217;organisation et \u00e0 la transformation du syst\u00e8me de sant\u00e9 reconna\u00eet d\u2019ailleurs\u00a0 le pharmacien comme acteur majeur du soin non programm\u00e9 :<\/p>\n<ul>\n<li dir=\"ltr\" aria-level=\"1\">\n<p dir=\"ltr\" role=\"presentation\">1\u00b0 : en\u00a0 contribuant aux soins de premier recours d\u00e9finis \u00e0 l&#8217;article\u00a0<a href=\"https:\/\/www.legifrance.gouv.fr\/affichCodeArticle.do?cidTexte=LEGITEXT000006072665&amp;idArticle=LEGIARTI000006686929&amp;dateTexte=&amp;categorieLien=cid\">L. 1411-11\u00a0<\/a>;<\/p>\n<\/li>\n<li dir=\"ltr\" aria-level=\"1\">\n<p dir=\"ltr\" role=\"presentation\">2\u00b0 : en participant \u00e0 la coop\u00e9ration entre professionnels de sant\u00e9 ;<\/p>\n<\/li>\n<li dir=\"ltr\" aria-level=\"1\">\n<p dir=\"ltr\" role=\"presentation\">3\u00b0 : en participant \u00e0 la mission de service public de la permanence des soins ;<\/p>\n<\/li>\n<li dir=\"ltr\" aria-level=\"1\">\n<p dir=\"ltr\" role=\"presentation\">4\u00b0:\u00a0 en concourant aux actions de veille et de protection sanitaire organis\u00e9es par les autorit\u00e9s de sant\u00e9 ;<\/p>\n<\/li>\n<li role=\"presentation\">5\u00b0 : en pouvant participer \u00e0 l&#8217;\u00e9ducation th\u00e9rapeutique et aux actions d&#8217;accompagnement de patient<\/li>\n<\/ul>\n<p dir=\"ltr\" role=\"presentation\">Votre URPS a souhait\u00e9 vous proposer un sch\u00e9ma d\u2019harmonisation des pratiques relatives \u00e0 l&#8217;accueil du patient dans ses besoins de soins de premier recours d\u00e9clin\u00e9 sur 14 th\u00e9matiques fr\u00e9quentes au comptoir.\u00a0<\/p>\n<p dir=\"ltr\">Ceci s\u2019inscrit dans la politique nationale de d\u00e9veloppement de l&#8217;interprofessionnalit\u00e9 reprise par les ARS et les CPTS :\u00a0<strong>\u201cle pharmacien, acteur majeur du soin non programm\u00e9\u201d<\/strong><\/p>\n<h2 class=\"null\"><span style=\"color: #000000;\">Buts de l&#8217;action de votre URPS en d\u00e9tail<\/span><\/h2>\n<p><img loading=\"lazy\" decoding=\"async\" class=\"aligncenter wp-image-6011\" src=\"https:\/\/urpspharma.re\/wp-content\/uploads\/2023\/10\/d\u00e9tails-action1-1024x753.png\" alt=\"\" width=\"800\" height=\"588\" srcset=\"https:\/\/urpspharma.re\/wp-content\/uploads\/2023\/10\/d\u00e9tails-action1-1024x753.png 1024w, https:\/\/urpspharma.re\/wp-content\/uploads\/2023\/10\/d\u00e9tails-action1-300x221.png 300w, https:\/\/urpspharma.re\/wp-content\/uploads\/2023\/10\/d\u00e9tails-action1-768x565.png 768w, https:\/\/urpspharma.re\/wp-content\/uploads\/2023\/10\/d\u00e9tails-action1.png 1758w\" sizes=\"(max-width: 800px) 100vw, 800px\" \/><\/p>\n<p><a href=\"https:\/\/docs.google.com\/forms\/d\/e\/1FAIpQLSdq6RCLr4um-eXI9VueAFCDbRW_Weqc7LZMWb_MEkOGEa1OAw\/viewform\" target=\"_blank\" rel=\"noopener noreferrer\"><img loading=\"lazy\" decoding=\"async\" class=\"aligncenter wp-image-6012 size-large\" src=\"https:\/\/urpspharma.re\/wp-content\/uploads\/2023\/10\/affiche1_VF-724x1024.jpg\" alt=\"\" width=\"724\" height=\"1024\" srcset=\"https:\/\/urpspharma.re\/wp-content\/uploads\/2023\/10\/affiche1_VF-724x1024.jpg 724w, https:\/\/urpspharma.re\/wp-content\/uploads\/2023\/10\/affiche1_VF-212x300.jpg 212w, https:\/\/urpspharma.re\/wp-content\/uploads\/2023\/10\/affiche1_VF-768x1086.jpg 768w, https:\/\/urpspharma.re\/wp-content\/uploads\/2023\/10\/affiche1_VF.jpg 1587w\" sizes=\"(max-width: 724px) 100vw, 724px\" \/><\/a><\/p>\n<p><img loading=\"lazy\" decoding=\"async\" class=\"aligncenter wp-image-6013\" src=\"https:\/\/urpspharma.re\/wp-content\/uploads\/2023\/10\/PATHOLOGIES_VF-1024x724.png\" alt=\"\" width=\"700\" height=\"495\" \/><\/p>\n\n\n<h4 class=\"wp-block-heading\" style=\"text-align:center\"><strong>Inscrivez-vous d\u00e8s maintenant!<\/strong><\/h4>\n\n\n\n<div class=\"wp-block-image\"><figure class=\"aligncenter is-resized\"><a href=\"https:\/\/docs.google.com\/forms\/d\/e\/1FAIpQLSdq6RCLr4um-eXI9VueAFCDbRW_Weqc7LZMWb_MEkOGEa1OAw\/viewform\" target=\"_blank\" rel=\"noreferrer noopener\"><img loading=\"lazy\" decoding=\"async\" src=\"https:\/\/urpspharma.re\/wp-content\/uploads\/2022\/08\/bouton-inscription.png\" alt=\"\" class=\"wp-image-5256\" width=\"637\" height=\"63\" srcset=\"https:\/\/urpspharma.re\/wp-content\/uploads\/2022\/08\/bouton-inscription.png 849w, https:\/\/urpspharma.re\/wp-content\/uploads\/2022\/08\/bouton-inscription-300x30.png 300w, https:\/\/urpspharma.re\/wp-content\/uploads\/2022\/08\/bouton-inscription-768x76.png 768w\" sizes=\"(max-width: 637px) 100vw, 637px\" \/><\/a><\/figure><\/div>\n\n\n\n<h4 class=\"wp-block-heading\" style=\"text-align:center\"><strong>Nous comptons sur votre participation.<br>N&#8217;h\u00e9sitez pas \u00e0 relayer cette information aupr\u00e8s de vos confr\u00e8res.<\/strong><\/h4>\n\n\n\n<h4 class=\"wp-block-heading\" style=\"text-align:center\"><strong>Au plaisir de ce retrouver!<\/strong><\/h4>\n","protected":false},"excerpt":{"rendered":"<p>Mardi 14 novembre 2023 &#8211; H\u00f4tel Le Ness (Saint-Gilles Les Bains) Mercredi 15 novembre 2023 &#8211; H\u00f4tel Dina Morgabine (Saint-Denis) Jeudi 16 novembre 2023 &#8211; H\u00f4tel Villa Delisle (Saint-Pierre) Cette action forte mise en place par votre URPS a pour but d\u2019apporter, \u00e0 l\u2019aide d\u2019indicateurs consolid\u00e9s et analys\u00e9s, des \u00e9l\u00e9ments d\u2019\u00e9valuation et d&#8217;am\u00e9lioration du parcours&hellip;<\/p>\n","protected":false},"author":3,"featured_media":6012,"comment_status":"open","ping_status":"open","sticky":false,"template":"","format":"standard","meta":{"footnotes":""},"categories":[182,646,261],"tags":[640,641,642,639,643,239],"amp_enabled":true,"_links":{"self":[{"href":"https:\/\/urpspharma.re\/index.php?rest_route=\/wp\/v2\/posts\/6008"}],"collection":[{"href":"https:\/\/urpspharma.re\/index.php?rest_route=\/wp\/v2\/posts"}],"about":[{"href":"https:\/\/urpspharma.re\/index.php?rest_route=\/wp\/v2\/types\/post"}],"author":[{"embeddable":true,"href":"https:\/\/urpspharma.re\/index.php?rest_route=\/wp\/v2\/users\/3"}],"replies":[{"embeddable":true,"href":"https:\/\/urpspharma.re\/index.php?rest_route=%2Fwp%2Fv2%2Fcomments&post=6008"}],"version-history":[{"count":9,"href":"https:\/\/urpspharma.re\/index.php?rest_route=\/wp\/v2\/posts\/6008\/revisions"}],"predecessor-version":[{"id":6021,"href":"https:\/\/urpspharma.re\/index.php?rest_route=\/wp\/v2\/posts\/6008\/revisions\/6021"}],"wp:featuredmedia":[{"embeddable":true,"href":"https:\/\/urpspharma.re\/index.php?rest_route=\/wp\/v2\/media\/6012"}],"wp:attachment":[{"href":"https:\/\/urpspharma.re\/index.php?rest_route=%2Fwp%2Fv2%2Fmedia&parent=6008"}],"wp:term":[{"taxonomy":"category","embeddable":true,"href":"https:\/\/urpspharma.re\/index.php?rest_route=%2Fwp%2Fv2%2Fcategories&post=6008"},{"taxonomy":"post_tag","embeddable":true,"href":"https:\/\/urpspharma.re\/index.php?rest_route=%2Fwp%2Fv2%2Ftags&post=6008"}],"curies":[{"name":"wp","href":"https:\/\/api.w.org\/{rel}","templated":true}]}}