{"id":6041,"date":"2023-10-23T10:39:44","date_gmt":"2023-10-23T06:39:44","guid":{"rendered":"https:\/\/urpspharma.re\/?p=6041"},"modified":"2023-10-23T10:39:46","modified_gmt":"2023-10-23T06:39:46","slug":"vaccin-covid-suivi-de-la-vaccination","status":"publish","type":"post","link":"https:\/\/urpspharma.re\/?p=6041","title":{"rendered":"Vaccin Covid : suivi de la vaccination"},"content":{"rendered":"<h3 class=\"null\" style=\"text-align: center;\">Plateforme \u00ab Vaccins Covid \u00bb<\/h3>\n<div>\n<div>\n<p>\u00c0 l\u2019appui de la campagne de vaccination contre la Covid-19, un outil num\u00e9rique a \u00e9t\u00e9 mis \u00e0 la disposition des acteurs de la vaccination depuis le 4 janvier 2021 : le t\u00e9l\u00e9service \u00ab Vaccin Covid \u00bb. Cr\u00e9\u00e9 par l\u2019Assurance Maladie, cet outil permet d\u2019assurer la tra\u00e7abilit\u00e9 des vaccins et des \u00e9tapes de la vaccination. Depuis le 3 mai 2021, il permet au professionnel de sant\u00e9 d\u2019imprimer l\u2019<a lang=\"fr\" xml:lang=\"fr\" href=\"https:\/\/www.ameli.fr\/la-reunion\/assure\/sante\/themes\/covid-19\/vaccination-contre-le-covid-19\/l-attestation-de-vaccination-certifiee\" rel=\"nofollow\" data-entity-substitution=\"canonical\" data-entity-type=\"node\" data-entity-uuid=\"05e8e99b-098f-475a-bf81-a8da722c15d5\" data-xiti-name=\"Tout_savoir_sur_l_attestation_de_vaccination_certifiee\" data-xiti-chapter-1=\"ameli_article\" data-xiti-chapter-2=\"\" data-xiti-chapter-3=\"\" data-xiti-level-2=\"1\" data-xiti-type=\"download\">attestation de vaccination certifi\u00e9e<\/a>\u00a0\u00e0 remettre \u00e0 la personne vaccin\u00e9e. Ce document atteste que le cycle vaccinal contre la Covid-19 est termin\u00e9.<\/p>\n<p>D\u00e9velopp\u00e9 par l\u2019Assurance Maladie, le t\u00e9l\u00e9service Vaccin Covid pr\u00e9voit des fonctionnalit\u00e9s facilitant le suivi de la vaccination :<\/p>\n<ul>\n<li>la possibilit\u00e9 d\u2019assurer le suivi des personnes invit\u00e9es par l\u2019Assurance Maladie ;<\/li>\n<li>la possibilit\u00e9 d\u2019assurer la vaccination de toutes les personnes \u00e9ligibles au regard de la strat\u00e9gie vaccinale ;<\/li>\n<li>la possibilit\u00e9 pour le professionnel de sant\u00e9 d\u2019imprimer un document r\u00e9capitulatif apr\u00e8s chaque injection \u00e0 remettre \u00e0 la personne vaccin\u00e9e ;<\/li>\n<li>la possibilit\u00e9 pour le professionnel de sant\u00e9 d\u2019imprimer l\u2019attestation de vaccination certifi\u00e9e \u00e0 remettre \u00e0 la personne vaccin\u00e9e ;<\/li>\n<li>la conservation des informations concernant la vaccination (lieu, date, type de vaccins) pour assurer sa bonne r\u00e9alisation et le suivi des injections recommand\u00e9es;<\/li>\n<li>un acc\u00e8s facilit\u00e9 \u00e0 la d\u00e9claration par un professionnel de sant\u00e9 des effets ind\u00e9sirables \u00e9ventuellement observ\u00e9s apr\u00e8s l\u2019injection du vaccin, gr\u00e2ce \u00e0 un lien vers le portail des signalements des effets ind\u00e9sirables de l\u2019Agence nationale de s\u00e9curit\u00e9 du m\u00e9dicament et des produits de sant\u00e9 (ANSM).<\/li>\n<\/ul>\n<p>Ce t\u00e9l\u00e9service est exclusivement accessible aux professionnels de sant\u00e9 pour les donn\u00e9es qui concernent les patients qu\u2019ils prennent en charge.<\/p>\n<p>Si le m\u00e9decin traitant d\u00e9clar\u00e9 d\u2019un patient n\u2019a pas particip\u00e9 au circuit vaccinal, il pourra \u00eatre destinataire des donn\u00e9es n\u00e9cessaires avec l\u2019accord du patient.<\/p>\n<p>Par ailleurs, le syst\u00e8me d\u2019information mis en place sur lequel s\u2019appuie Vaccin Covid permet d\u2019assurer des actions compl\u00e9mentaires indispensables pour organiser la vaccination : suivi de l&#8217;approvisionnement des doses, suivi statistiques&#8230;<\/p>\n<\/div>\n<h2>Enregistrement des patients vaccin\u00e9s :<\/h2>\n<p>&gt;&gt; <a href=\"https:\/\/vaccination-covid.ameli.fr\/vaccination-covid-psc\/accueil\" target=\"_blank\" rel=\"noopener noreferrer\">Connexion plateforme AmeliPro<\/a><\/p>\n<p><span style=\"font-size: inherit;\">&gt;&gt; <\/span><a style=\"font-size: inherit;\" href=\"https:\/\/www.ordre.pharmacien.fr\/je-suis\/pharmacien\/pharmacien\/mon-exercice-professionnel\/les-foires-aux-questions\/covid-19\/covid-19-officine2\/vaccination-covid\" target=\"_blank\" rel=\"noopener noreferrer\">Vaccin Covid &#8211; Ordre des pharmaciens<\/a><\/p>\n<\/div>\n<p>&gt;&gt; <a href=\"https:\/\/www.ameli.fr\/la-reunion\/assure\/sante\/themes\/covid-19\/vaccination-contre-le-covid-19\/vaccin-covid-un-outil-numerique-pour-le-suivi-de-la-vaccination\" target=\"_blank\" rel=\"noopener noreferrer\">Ameli : Vaccin Covid : un outil num\u00e9rique pour le suivi de la vaccination<\/a><\/p>\n<div>\n<h2>Rappel<\/h2>\n<p>&gt;&gt;<a href=\"https:\/\/declarations-pharmacie.ars.sante.fr\/\" target=\"_blank\" rel=\"noopener noreferrer\"> Portail de t\u00e9l\u00e9d\u00e9claration des pharmacies<\/a><\/p>\n<\/div>\n<div>\n<div><\/div>\n<\/div>\n","protected":false},"excerpt":{"rendered":"<p>Plateforme \u00ab Vaccins Covid \u00bb \u00c0 l\u2019appui de la campagne de vaccination contre la Covid-19, un outil num\u00e9rique a \u00e9t\u00e9 mis \u00e0 la disposition des acteurs de la vaccination depuis le 4 janvier 2021 : le t\u00e9l\u00e9service \u00ab Vaccin Covid \u00bb. Cr\u00e9\u00e9 par l\u2019Assurance Maladie, cet outil permet d\u2019assurer la tra\u00e7abilit\u00e9 des vaccins et des&hellip;<\/p>\n","protected":false},"author":3,"featured_media":6043,"comment_status":"open","ping_status":"open","sticky":false,"template":"","format":"standard","meta":{"footnotes":""},"categories":[182],"tags":[316,645,644],"amp_enabled":true,"_links":{"self":[{"href":"https:\/\/urpspharma.re\/index.php?rest_route=\/wp\/v2\/posts\/6041"}],"collection":[{"href":"https:\/\/urpspharma.re\/index.php?rest_route=\/wp\/v2\/posts"}],"about":[{"href":"https:\/\/urpspharma.re\/index.php?rest_route=\/wp\/v2\/types\/post"}],"author":[{"embeddable":true,"href":"https:\/\/urpspharma.re\/index.php?rest_route=\/wp\/v2\/users\/3"}],"replies":[{"embeddable":true,"href":"https:\/\/urpspharma.re\/index.php?rest_route=%2Fwp%2Fv2%2Fcomments&post=6041"}],"version-history":[{"count":1,"href":"https:\/\/urpspharma.re\/index.php?rest_route=\/wp\/v2\/posts\/6041\/revisions"}],"predecessor-version":[{"id":6042,"href":"https:\/\/urpspharma.re\/index.php?rest_route=\/wp\/v2\/posts\/6041\/revisions\/6042"}],"wp:featuredmedia":[{"embeddable":true,"href":"https:\/\/urpspharma.re\/index.php?rest_route=\/wp\/v2\/media\/6043"}],"wp:attachment":[{"href":"https:\/\/urpspharma.re\/index.php?rest_route=%2Fwp%2Fv2%2Fmedia&parent=6041"}],"wp:term":[{"taxonomy":"category","embeddable":true,"href":"https:\/\/urpspharma.re\/index.php?rest_route=%2Fwp%2Fv2%2Fcategories&post=6041"},{"taxonomy":"post_tag","embeddable":true,"href":"https:\/\/urpspharma.re\/index.php?rest_route=%2Fwp%2Fv2%2Ftags&post=6041"}],"curies":[{"name":"wp","href":"https:\/\/api.w.org\/{rel}","templated":true}]}}