{"id":6071,"date":"2023-09-22T09:40:24","date_gmt":"2023-09-22T05:40:24","guid":{"rendered":"https:\/\/urpspharma.re\/?p=6071"},"modified":"2023-10-27T10:05:31","modified_gmt":"2023-10-27T06:05:31","slug":"du-25-au-29-septembre-2023-decouverte-des-metiers-de-la-pharmacie","status":"publish","type":"post","link":"https:\/\/urpspharma.re\/?p=6071","title":{"rendered":"du 25 au 29 septembre 2023 : D\u00e9couverte des m\u00e9tiers de la pharmacie"},"content":{"rendered":"<h3 class=\"null\" style=\"text-align: center;\">Journ\u00e9es portes ouvertes<\/h3>\n<div>\n<div>\n<div>\n<div>\n<div class=\"bold\">\n<p class=\"ezrichtext-field wysiwyg\"><span style=\"font-size: inherit;\">Du 25 au 29<\/span><span style=\"font-size: inherit;\">septembre 2023, l\u2019ANEPF (association nationale des \u00e9tudiants en pharmacie de France) <\/span>accompagn\u00e9e par de nombreux acteurs de la profession, <span style=\"font-family: verdana, sans-serif;\">lance la premi\u00e8re \u00e9dition de la semaine nationale des m\u00e9tiers de la pharmacie et <\/span><span style=\"font-size: inherit;\">invite les officines \u00e0 ouvrir leurs portes, le temps d\u2019une journ\u00e9e ou d\u2019une demi-journ\u00e9e, aux lyc\u00e9ens, coll\u00e9giens, \u00e9tudiants ou \u00e0 tous ceux qui aimeraient d\u00e9couvrir la richesse des \u00e9tudes de pharmacie et des m\u00e9tiers qui en d\u00e9coulent.<\/span><\/p>\n<\/div>\n<\/div>\n<\/div>\n<p><span style=\"font-family: verdana, sans-serif;\">L&#8217;Ordre accompagne cette initiative qui s&#8217;inscrit dans le m\u00eame objectif que la feuille de route &#8220;<a href=\"https:\/\/www.ordre.pharmacien.fr\/les-communications\/focus-sur\/les-actualites\/attractivite-de-la-profession-de-pharmacien-que-fait-l-ordre\" target=\"_blank\" rel=\"noreferrer noopener\" data-saferedirecturl=\"https:\/\/www.google.com\/url?q=https:\/\/www.ordre.pharmacien.fr\/les-communications\/focus-sur\/les-actualites\/attractivite-de-la-profession-de-pharmacien-que-fait-l-ordre&amp;source=gmail&amp;ust=1697856151267000&amp;usg=AOvVaw3kl1H7G0_BiysKpeD3Gxol\">Attractivit\u00e9<\/a>&#8220;.<\/span><\/p>\n<p><span style=\"font-family: verdana, sans-serif;\">N&#8217;h\u00e9sitez\u00a0pas \u00e0 vous emparer de cet \u00e9v\u00e8nement\u00a0pour promouvoir\u00a0<\/span>au sein de votre officine<span style=\"font-family: verdana, sans-serif;\"> les\u00a0m\u00e9tiers\u00a0de la pharmacie\u00a0afin de susciter des vocations.<\/span><\/p>\n<p>Pour vous accompagner dans cette d\u00e9marche, un\u00a0<a class=\"external-link\" title=\"\" href=\"https:\/\/drive.google.com\/file\/d\/11YNpEPNmb7OPwJT42EyDP0LbA77gfs_a\/view?usp=drive_link\" target=\"_blank\" rel=\"noopener noreferrer\">kit JPO<\/a>\u00a0est propos\u00e9. Vous y trouverez :<\/p>\n<ul>\n<li>une fiche technique vulgaris\u00e9e pour expliquer l\u2019acc\u00e8s aux \u00e9tudes de pharmacie, et le d\u00e9roulement de nos \u00e9tudes ;<\/li>\n<li>quelques phrases d\u2019accroche pr\u00e9sentant bri\u00e8vement les diff\u00e9rentes fili\u00e8res et m\u00e9tiers qui d\u00e9coulent de nos \u00e9tudes ;<\/li>\n<li>des liens redirigeant vers des fiches m\u00e9tiers con\u00e7ues par l\u2019ANEPF ou par le LEEM pour les m\u00e9tiers de l\u2019industrie, et la\u00a0<a class=\"external-link\" title=\"undefined\" href=\"https:\/\/www.lesmetiersdelapharmacie.fr\/\" target=\"_blank\" rel=\"noopener noreferrer\">campagne m\u00e9tiers<\/a>\u00a0de l\u2019Ordre national des pharmaciens.<\/li>\n<\/ul>\n<\/div>\n<div><\/div>\n<div>Si vous souhaitez rejoindre cette op\u00e9ration, vous pouvez d\u00e8s \u00e0 pr\u00e9sent vous rapprocher de l\u2019ANEPF qui pourra vous accompagner pendant cette semaine : communication@anepf.org<\/div>\n<\/div>\n<div><\/div>\n<div>&gt;&gt; <a href=\"https:\/\/drive.google.com\/file\/d\/19fPFdgPOmbNa9avY-c3xxEUViUvjuP8Q\/view?usp=drive_link\" target=\"_blank\" rel=\"noopener noreferrer\">Kit communication<\/a><\/div>\n<div>&gt;&gt; <a href=\"https:\/\/vaccination-covid.ameli.fr\/vaccination-covid-psc\/accueil\" target=\"_blank\" rel=\"noopener noreferrer\">Affiche<\/a><\/div>\n<p><img loading=\"lazy\" decoding=\"async\" class=\"aligncenter wp-image-6072 \" src=\"https:\/\/urpspharma.re\/wp-content\/uploads\/2023\/10\/Affiche_officines_semaine_me\u0301tier_pharmacie-1-724x1024.png\" alt=\"\" width=\"453\" height=\"640\" srcset=\"https:\/\/urpspharma.re\/wp-content\/uploads\/2023\/10\/Affiche_officines_semaine_me\u0301tier_pharmacie-1-724x1024.png 724w, https:\/\/urpspharma.re\/wp-content\/uploads\/2023\/10\/Affiche_officines_semaine_me\u0301tier_pharmacie-1-212x300.png 212w, https:\/\/urpspharma.re\/wp-content\/uploads\/2023\/10\/Affiche_officines_semaine_me\u0301tier_pharmacie-1-768x1086.png 768w, https:\/\/urpspharma.re\/wp-content\/uploads\/2023\/10\/Affiche_officines_semaine_me\u0301tier_pharmacie-1.png 1414w\" sizes=\"(max-width: 453px) 100vw, 453px\" \/><\/p>\n<div>&gt;&gt; <a href=\"https:\/\/www.ordre.pharmacien.fr\/les-communications\/focus-sur\/les-actualites\/semaine-des-metiers-de-la-pharmacie-journee-portes-ouvertes-dans-les-officines#:~:text=Du%2025%20au%2029%20septembre,des%20m%C3%A9tiers%20qui%20en%20d%C3%A9coulent.\" target=\"_blank\" rel=\"noopener noreferrer\">Ordre des pharmaciens<\/a><\/div>\n<div>\n<div><\/div>\n<\/div>\n","protected":false},"excerpt":{"rendered":"<p>Journ\u00e9es portes ouvertes Du 25 au 29septembre 2023, l\u2019ANEPF (association nationale des \u00e9tudiants en pharmacie de France) accompagn\u00e9e par de nombreux acteurs de la profession, lance la premi\u00e8re \u00e9dition de la semaine nationale des m\u00e9tiers de la pharmacie et invite les officines \u00e0 ouvrir leurs portes, le temps d\u2019une journ\u00e9e ou d\u2019une demi-journ\u00e9e, aux lyc\u00e9ens,&hellip;<\/p>\n","protected":false},"author":3,"featured_media":6073,"comment_status":"open","ping_status":"open","sticky":false,"template":"","format":"standard","meta":{"footnotes":""},"categories":[182],"tags":[648,647],"amp_enabled":true,"_links":{"self":[{"href":"https:\/\/urpspharma.re\/index.php?rest_route=\/wp\/v2\/posts\/6071"}],"collection":[{"href":"https:\/\/urpspharma.re\/index.php?rest_route=\/wp\/v2\/posts"}],"about":[{"href":"https:\/\/urpspharma.re\/index.php?rest_route=\/wp\/v2\/types\/post"}],"author":[{"embeddable":true,"href":"https:\/\/urpspharma.re\/index.php?rest_route=\/wp\/v2\/users\/3"}],"replies":[{"embeddable":true,"href":"https:\/\/urpspharma.re\/index.php?rest_route=%2Fwp%2Fv2%2Fcomments&post=6071"}],"version-history":[{"count":1,"href":"https:\/\/urpspharma.re\/index.php?rest_route=\/wp\/v2\/posts\/6071\/revisions"}],"predecessor-version":[{"id":6074,"href":"https:\/\/urpspharma.re\/index.php?rest_route=\/wp\/v2\/posts\/6071\/revisions\/6074"}],"wp:featuredmedia":[{"embeddable":true,"href":"https:\/\/urpspharma.re\/index.php?rest_route=\/wp\/v2\/media\/6073"}],"wp:attachment":[{"href":"https:\/\/urpspharma.re\/index.php?rest_route=%2Fwp%2Fv2%2Fmedia&parent=6071"}],"wp:term":[{"taxonomy":"category","embeddable":true,"href":"https:\/\/urpspharma.re\/index.php?rest_route=%2Fwp%2Fv2%2Fcategories&post=6071"},{"taxonomy":"post_tag","embeddable":true,"href":"https:\/\/urpspharma.re\/index.php?rest_route=%2Fwp%2Fv2%2Ftags&post=6071"}],"curies":[{"name":"wp","href":"https:\/\/api.w.org\/{rel}","templated":true}]}}