{"id":6075,"date":"2023-09-22T10:09:28","date_gmt":"2023-09-22T06:09:28","guid":{"rendered":"https:\/\/urpspharma.re\/?p=6075"},"modified":"2023-10-27T10:19:53","modified_gmt":"2023-10-27T06:19:53","slug":"du-25-au-29-septembre-2023-decouverte-des-metiers-de-la-pharmacie-2","status":"publish","type":"post","link":"https:\/\/urpspharma.re\/?p=6075","title":{"rendered":"du 25 au 29 septembre 2023 : D\u00e9couverte des m\u00e9tiers de la pharmacie"},"content":{"rendered":"<h3 class=\"null\" style=\"text-align: center;\">Journ\u00e9es portes ouvertes<\/h3>\n<div>\n<div>\n<div>\n<div>\n<div class=\"bold\">\n<p class=\"ezrichtext-field wysiwyg\"><span style=\"font-size: inherit;\">Du 25 au 29 <\/span><span style=\"font-size: inherit;\">septembre 2023, l\u2019ANEPF (association nationale des \u00e9tudiants en pharmacie de France) <\/span>accompagn\u00e9e par de nombreux acteurs de la profession, <span style=\"font-family: verdana, sans-serif;\">lance la premi\u00e8re \u00e9dition de la semaine nationale des m\u00e9tiers de la pharmacie et <\/span><span style=\"font-size: inherit;\">invite les officines \u00e0 ouvrir leurs portes, le temps d\u2019une journ\u00e9e ou d\u2019une demi-journ\u00e9e, aux lyc\u00e9ens, coll\u00e9giens, \u00e9tudiants ou \u00e0 tous ceux qui aimeraient d\u00e9couvrir la richesse des \u00e9tudes de pharmacie et des m\u00e9tiers qui en d\u00e9coulent.<\/span><\/p>\n<\/div>\n<\/div>\n<\/div>\n<\/div>\n<\/div>\n<p><img loading=\"lazy\" decoding=\"async\" class=\"aligncenter wp-image-6072 \" src=\"https:\/\/urpspharma.re\/wp-content\/uploads\/2023\/10\/Affiche_officines_semaine_me\u0301tier_pharmacie-1-724x1024.png\" alt=\"\" width=\"453\" height=\"640\" srcset=\"https:\/\/urpspharma.re\/wp-content\/uploads\/2023\/10\/Affiche_officines_semaine_me\u0301tier_pharmacie-1-724x1024.png 724w, https:\/\/urpspharma.re\/wp-content\/uploads\/2023\/10\/Affiche_officines_semaine_me\u0301tier_pharmacie-1-212x300.png 212w, https:\/\/urpspharma.re\/wp-content\/uploads\/2023\/10\/Affiche_officines_semaine_me\u0301tier_pharmacie-1-768x1086.png 768w, https:\/\/urpspharma.re\/wp-content\/uploads\/2023\/10\/Affiche_officines_semaine_me\u0301tier_pharmacie-1.png 1414w\" sizes=\"(max-width: 453px) 100vw, 453px\" \/><\/p>\n<div><\/div>\n<div>\n<div><\/div>\n<\/div>\n","protected":false},"excerpt":{"rendered":"<p>Journ\u00e9es portes ouvertes Du 25 au 29 septembre 2023, l\u2019ANEPF (association nationale des \u00e9tudiants en pharmacie de France) accompagn\u00e9e par de nombreux acteurs de la profession, lance la premi\u00e8re \u00e9dition de la semaine nationale des m\u00e9tiers de la pharmacie et invite les officines \u00e0 ouvrir leurs portes, le temps d\u2019une journ\u00e9e ou d\u2019une demi-journ\u00e9e, aux&hellip;<\/p>\n","protected":false},"author":3,"featured_media":6073,"comment_status":"open","ping_status":"open","sticky":false,"template":"","format":"standard","meta":{"footnotes":""},"categories":[183],"tags":[648,647],"amp_enabled":true,"_links":{"self":[{"href":"https:\/\/urpspharma.re\/index.php?rest_route=\/wp\/v2\/posts\/6075"}],"collection":[{"href":"https:\/\/urpspharma.re\/index.php?rest_route=\/wp\/v2\/posts"}],"about":[{"href":"https:\/\/urpspharma.re\/index.php?rest_route=\/wp\/v2\/types\/post"}],"author":[{"embeddable":true,"href":"https:\/\/urpspharma.re\/index.php?rest_route=\/wp\/v2\/users\/3"}],"replies":[{"embeddable":true,"href":"https:\/\/urpspharma.re\/index.php?rest_route=%2Fwp%2Fv2%2Fcomments&post=6075"}],"version-history":[{"count":1,"href":"https:\/\/urpspharma.re\/index.php?rest_route=\/wp\/v2\/posts\/6075\/revisions"}],"predecessor-version":[{"id":6076,"href":"https:\/\/urpspharma.re\/index.php?rest_route=\/wp\/v2\/posts\/6075\/revisions\/6076"}],"wp:featuredmedia":[{"embeddable":true,"href":"https:\/\/urpspharma.re\/index.php?rest_route=\/wp\/v2\/media\/6073"}],"wp:attachment":[{"href":"https:\/\/urpspharma.re\/index.php?rest_route=%2Fwp%2Fv2%2Fmedia&parent=6075"}],"wp:term":[{"taxonomy":"category","embeddable":true,"href":"https:\/\/urpspharma.re\/index.php?rest_route=%2Fwp%2Fv2%2Fcategories&post=6075"},{"taxonomy":"post_tag","embeddable":true,"href":"https:\/\/urpspharma.re\/index.php?rest_route=%2Fwp%2Fv2%2Ftags&post=6075"}],"curies":[{"name":"wp","href":"https:\/\/api.w.org\/{rel}","templated":true}]}}