{"id":6109,"date":"2023-12-11T12:03:32","date_gmt":"2023-12-11T08:03:32","guid":{"rendered":"https:\/\/urpspharma.re\/?p=6109"},"modified":"2024-01-22T11:48:59","modified_gmt":"2024-01-22T07:48:59","slug":"ivg-medicamenteuse","status":"publish","type":"post","link":"https:\/\/urpspharma.re\/?p=6109","title":{"rendered":"IVG m\u00e9dicamenteuse"},"content":{"rendered":"\n<p><\/p>\n\n\n\n<h2 class=\"wp-block-heading has-text-color has-link-color has-x-large-font-size wp-elements-df31587254d907f27dfa09cbd4ee969b\" style=\"color:#270c67\">Tarification et d\u00e9livrance en officine<\/h2>\n\n\n\n<div class=\"wp-block-group is-layout-constrained wp-block-group-is-layout-constrained\"><div class=\"wp-block-group__inner-container\"><\/div><\/div>\n\n\n\n<p><\/p>\n\n\n\n<p class=\"has-large-font-size\"><strong> <\/strong><\/p>\n\n\n\n<p class=\"has-large-font-size\"><strong>Prix de vente chez\u00a0les grossistes \u00e0 la R\u00e9union avant remise<\/strong><\/p>\n\n\n\n<figure class=\"wp-block-image size-full\"><img loading=\"lazy\" decoding=\"async\" width=\"835\" height=\"225\" src=\"https:\/\/urpspharma.re\/wp-content\/uploads\/2024\/01\/PRIX-GROSSISTES-REUNION-HT-TTC_V2.png\" alt=\"\" class=\"wp-image-6122\" srcset=\"https:\/\/urpspharma.re\/wp-content\/uploads\/2024\/01\/PRIX-GROSSISTES-REUNION-HT-TTC_V2.png 835w, https:\/\/urpspharma.re\/wp-content\/uploads\/2024\/01\/PRIX-GROSSISTES-REUNION-HT-TTC_V2-300x81.png 300w, https:\/\/urpspharma.re\/wp-content\/uploads\/2024\/01\/PRIX-GROSSISTES-REUNION-HT-TTC_V2-768x207.png 768w\" sizes=\"(max-width: 835px) 100vw, 835px\" \/><\/figure>\n\n\n\n<div class=\"wp-block-group is-layout-constrained wp-block-group-is-layout-constrained\"><div class=\"wp-block-group__inner-container\">\n<figure class=\"wp-block-table is-style-stripes\"><table><tbody><tr><td><strong>Les prix de vente indiqu\u00e9s permettent aucune situation de vente \u00e0 perte.<\/strong><\/td><\/tr><\/tbody><\/table><\/figure>\n<\/div><\/div>\n\n\n\n<figure class=\"wp-block-table is-style-regular\"><table class=\"has-white-background-color has-background\"><tbody><tr><td>Selon Arr\u00eat\u00e9 du 11 d\u00e9cembre 2019 modifiant l&#8217;arr\u00eat\u00e9 du 26 f\u00e9vrier 2016 relatif aux forfaits aff\u00e9rents \u00e0 l&#8217;interruption volontaire de grossesse\u00ab Art. 5. &#8211; Le&nbsp;<strong>prix fabricant hors taxe<\/strong>&nbsp;de la bo\u00eete de trois comprim\u00e9s de Mif\u00e9gyne 200 mg comprim\u00e9 ou de la bo\u00eete de Mif\u00e9gyne 600 mg comprim\u00e9 ou de la boite d&#8217;un comprim\u00e9 de Miffee 200 mg comprim\u00e9 est fix\u00e9 \u00e0&nbsp;<strong>60 euros.<\/strong>\u00ab Art. 6. &#8211; Le&nbsp;<strong>prix fabricant hors taxe<\/strong>&nbsp;de la bo\u00eete de deux comprim\u00e9s de Gymiso 200 microgrammes comprim\u00e9, de la bo\u00eete d&#8217;un comprim\u00e9 de Misoone 400 microgrammes comprim\u00e9 ou de la bo\u00eete d&#8217;un ovule de Cervageme 1 mg est fix\u00e9 \u00e0&nbsp;<strong>10,65 euros.<\/strong><br><br><strong>Ce qui fixe les tarifs maximaux, prix de vente TTC grossistes (cf tableau ci-dessus)<\/strong><\/td><\/tr><\/tbody><\/table><\/figure>\n\n\n\n<p class=\"has-large-font-size\">Prix maximal de vente : Tarification des m\u00e9dicaments<\/p>\n\n\n\n<p><strong>Le prix maximal de vente des m\u00e9dicaments pour l&#8217;IVG m\u00e9dicamenteuse est fix\u00e9 par\u00a0<\/strong>l&#8217;<strong>arr\u00eat\u00e9 du 1er juin 2021\u00a0et\u00a0<u>ne peut en aucun cas \u00eatre d\u00e9pass\u00e9<\/u>.<br>Les pharmaciens d\u2019officine doivent respecter les tarifs tels que d\u00e9finis dans les annexes 12 et 13 ci-dessous (<\/strong><a href=\"https:\/\/www.legifrance.gouv.fr\/jorf\/id\/JORFTEXT000045190889\" target=\"_blank\" rel=\"noreferrer noopener\">D\u00e9cret n\u00b0 2022-212 du 19 f\u00e9vrier 2022<\/a>)<\/p>\n\n\n\n<p><strong>1- Prix des m\u00e9dicaments d\u00e9livr\u00e9s\u00a0avant la sixi\u00e8me semaine de grossesse et honoraire de dispensation<\/strong>\u00a0(Annexe 12)<br>==>\u00a0<a href=\"https:\/\/drive.google.com\/file\/d\/1yajI6ktPbzQoFGgAdCl4JSlVysZZZt0I\/view?usp=drive_link\" target=\"_blank\" rel=\"noreferrer noopener\">Tableau des prix t\u00e9l\u00e9chargeable et imprimable<\/a><\/p>\n\n\n\n<figure class=\"wp-block-image size-large\"><img loading=\"lazy\" decoding=\"async\" width=\"1024\" height=\"301\" src=\"https:\/\/urpspharma.re\/wp-content\/uploads\/2024\/01\/ANNEXE12-tarifs-avant-la-6eme-semaine-1024x301.png\" alt=\"\" class=\"wp-image-6123\" srcset=\"https:\/\/urpspharma.re\/wp-content\/uploads\/2024\/01\/ANNEXE12-tarifs-avant-la-6eme-semaine-1024x301.png 1024w, https:\/\/urpspharma.re\/wp-content\/uploads\/2024\/01\/ANNEXE12-tarifs-avant-la-6eme-semaine-300x88.png 300w, https:\/\/urpspharma.re\/wp-content\/uploads\/2024\/01\/ANNEXE12-tarifs-avant-la-6eme-semaine-768x226.png 768w, https:\/\/urpspharma.re\/wp-content\/uploads\/2024\/01\/ANNEXE12-tarifs-avant-la-6eme-semaine-1536x452.png 1536w, https:\/\/urpspharma.re\/wp-content\/uploads\/2024\/01\/ANNEXE12-tarifs-avant-la-6eme-semaine.png 1615w\" sizes=\"(max-width: 1024px) 100vw, 1024px\" \/><\/figure>\n\n\n\n<p><strong>2 &#8211; Prix des m\u00e9dicaments \u00e0 partir de la sixi\u00e8me semaine de grossesse jusqu\u2019\u00e0 la fin de la septi\u00e8me semaine et honoraire de dispensation&nbsp;<\/strong>(Annexe 13)<\/p>\n\n\n\n<p>==&gt;&nbsp;<a href=\"https:\/\/drive.google.com\/file\/d\/1uVuLS_eOmGC_7ngTf8eYjCgabvfi6MbX\/view?usp=drive_link\" target=\"_blank\" rel=\"noreferrer noopener\">Tableau des prix t\u00e9l\u00e9chargeable et imprimable<\/a><\/p>\n\n\n\n<figure class=\"wp-block-image size-large\"><img loading=\"lazy\" decoding=\"async\" width=\"1024\" height=\"266\" src=\"https:\/\/urpspharma.re\/wp-content\/uploads\/2024\/01\/ANNEXE13-tarifs-a-partir-de-la-6eme-semaine-1024x266.png\" alt=\"\" class=\"wp-image-6124\" srcset=\"https:\/\/urpspharma.re\/wp-content\/uploads\/2024\/01\/ANNEXE13-tarifs-a-partir-de-la-6eme-semaine-1024x266.png 1024w, https:\/\/urpspharma.re\/wp-content\/uploads\/2024\/01\/ANNEXE13-tarifs-a-partir-de-la-6eme-semaine-300x78.png 300w, https:\/\/urpspharma.re\/wp-content\/uploads\/2024\/01\/ANNEXE13-tarifs-a-partir-de-la-6eme-semaine-768x199.png 768w, https:\/\/urpspharma.re\/wp-content\/uploads\/2024\/01\/ANNEXE13-tarifs-a-partir-de-la-6eme-semaine-1536x398.png 1536w, https:\/\/urpspharma.re\/wp-content\/uploads\/2024\/01\/ANNEXE13-tarifs-a-partir-de-la-6eme-semaine.png 1608w\" sizes=\"(max-width: 1024px) 100vw, 1024px\" \/><\/figure>\n\n\n\n<p class=\"has-large-font-size\">Quels sont les 2 modes de d\u00e9livrance des m\u00e9dicaments pour l&#8217;IVG m\u00e9dicamenteuse ?<\/p>\n\n\n\n<p>Le pharmacien peut d\u00e9livrer en officine les m\u00e9dicaments \u00e0 base de<strong>\u00a0mif\u00e9pristone et de misoprostol\u00a0<\/strong>soit\u00a0<\/p>\n\n\n\n<figure class=\"wp-block-table\"><table class=\"has-fixed-layout\"><tbody><tr><td><strong>1 &#8211; directement au\u00a0m\u00e9decin\u00a0ou \u00e0 la sage-femme<\/strong>\u00a0(cas le plus rencontr\u00e9)<br><br>Seuls les m\u00e9decins, les sages-femmes ayant conclu une convention peuvent s&#8217;approvisionner en m\u00e9dicaments n\u00e9cessaires \u00e0 la r\u00e9alisation d&#8217;une interruption volontaire de grossesse par voie m\u00e9dicamenteuse (<a href=\"https:\/\/www.legifrance.gouv.fr\/codes\/article_lc\/LEGIARTI000032634173\/2022-04-05\/\" target=\"_blank\" rel=\"noreferrer noopener\">Article R2212-16<\/a>).<\/td><td><strong>Modalit\u00e9s de facturation<\/strong><br><br>Dans ce cas, la facturation est effectu\u00e9e au forfait soit au m\u00e9decin ou \u00e0 la sage-femme. <br>Un montant fixe de\u00a0<strong>4 euros d\u2019honoraire<\/strong>\u00a0li\u00e9 \u00e0 cette dispensation particuli\u00e8re s&#8217;ajoute au forfait m\u00e9dicament.<\/td><\/tr><\/tbody><\/table><\/figure>\n\n\n\n<figure class=\"wp-block-table\"><table class=\"has-fixed-layout\"><tbody><tr><td><strong>2 &#8211; directement \u00e0 la patiente\u00a0<\/strong><br><br>La d\u00e9livrance de ces m\u00e9dicaments directement \u00e0 la patiente est possible,\u00a0<strong>uniquement dans le cadre des t\u00e9l\u00e9consultations et exclusivement sur transmission de l&#8217;ordonnance\u00a0<\/strong>par le prescripteur conventionn\u00e9 (m\u00e9decin ou sage-femme)\u00a0\u00e0 la<strong>\u00a0pharmacie d\u2019officine d\u00e9sign\u00e9e pr\u00e9alablement par la patiente.<br><br>Avant la remise des m\u00e9dicaments \u00e0 la patiente,\u00a0<\/strong>le pharmacien aura \u00e9t\u00e9 pr\u00e9alablement contact\u00e9 par le m\u00e9decin ou la sage-femme\u00a0prescripteur.<strong>Lors de la d\u00e9livrance des m\u00e9dicaments, le pharmacien\u00a0:<\/strong><br>appose sur l&#8217;ordonnance le timbre de la pharmacie d&#8217;officine et la date de d\u00e9livrance ;<br>informe le prescripteur de la d\u00e9livrance des m\u00e9dicaments n\u00e9cessaires \u00e0 l&#8217;IVG.<\/td><td><strong>Modalit\u00e9s de facturation<\/strong><br><br>Dans ce cas, la facturation est effectu\u00e9e au forfait \u00e0 l&#8217;Assurance maladie de fa\u00e7on anonyme et sans frais pour la patiente.<br><br>Un montant fixe de\u00a0<strong>4 euros d\u2019honoraire<\/strong>\u00a0li\u00e9 \u00e0 cette dispensation particuli\u00e8re s&#8217;ajoute au forfait m\u00e9dicament.<br><br>Pour assurer la gratuit\u00e9 et l\u2019anonymisation des d\u00e9livrances il convient de facturer sur un mod\u00e8le similaire \u00e0 celui de la contraception aux jeunes filles mineures.renseignez le NIR anonyme sp\u00e9cifique \u00ab\u00a0<strong>IVG \u00bb 2 55 55 55 + code caisse + 030 ;<\/strong><br>renseignez une date de naissance fictive :<strong>\u00a001.01.2014\u00a0<\/strong>;<br>renseignez syst\u00e9matiquement le code exon\u00e9ration\u00a0<strong>EXO 3\u00a0<\/strong>;<br>\u00e9tablissez la facture en t\u00e9l\u00e9transmission Sesam sans Vitale.<\/td><\/tr><\/tbody><\/table><\/figure>\n\n\n\n<p class=\"has-medium-font-size\">IVG m\u00e9dicamenteuse en \u00e9tablissement ou hors \u00e9tablissement de sant\u00e9 : <a href=\"https:\/\/ivg.gouv.fr\/sites\/ivg\/files\/2023-02\/Guide%20Pro%20IVG%20medicamenteuse.pdf\" target=\"_blank\" rel=\"noreferrer noopener\">Guide professionnel<\/a>\u00a0<\/p>\n\n\n\n<div class=\"wp-block-group is-layout-constrained wp-block-group-is-layout-constrained\"><div class=\"wp-block-group__inner-container\"><\/div><\/div>\n","protected":false},"excerpt":{"rendered":"<p>Tarification et d\u00e9livrance en officine Prix de vente chez\u00a0les grossistes \u00e0 la R\u00e9union avant remise Les prix de vente indiqu\u00e9s permettent aucune situation de vente \u00e0 perte. Selon Arr\u00eat\u00e9 du 11 d\u00e9cembre 2019 modifiant l&#8217;arr\u00eat\u00e9 du 26 f\u00e9vrier 2016 relatif aux forfaits aff\u00e9rents \u00e0 l&#8217;interruption volontaire de grossesse\u00ab Art. 5. &#8211; Le&nbsp;prix fabricant hors taxe&nbsp;de&hellip;<\/p>\n","protected":false},"author":3,"featured_media":6129,"comment_status":"open","ping_status":"open","sticky":false,"template":"","format":"standard","meta":{"footnotes":""},"categories":[182],"tags":[729,239],"amp_enabled":true,"_links":{"self":[{"href":"https:\/\/urpspharma.re\/index.php?rest_route=\/wp\/v2\/posts\/6109"}],"collection":[{"href":"https:\/\/urpspharma.re\/index.php?rest_route=\/wp\/v2\/posts"}],"about":[{"href":"https:\/\/urpspharma.re\/index.php?rest_route=\/wp\/v2\/types\/post"}],"author":[{"embeddable":true,"href":"https:\/\/urpspharma.re\/index.php?rest_route=\/wp\/v2\/users\/3"}],"replies":[{"embeddable":true,"href":"https:\/\/urpspharma.re\/index.php?rest_route=%2Fwp%2Fv2%2Fcomments&post=6109"}],"version-history":[{"count":14,"href":"https:\/\/urpspharma.re\/index.php?rest_route=\/wp\/v2\/posts\/6109\/revisions"}],"predecessor-version":[{"id":6141,"href":"https:\/\/urpspharma.re\/index.php?rest_route=\/wp\/v2\/posts\/6109\/revisions\/6141"}],"wp:featuredmedia":[{"embeddable":true,"href":"https:\/\/urpspharma.re\/index.php?rest_route=\/wp\/v2\/media\/6129"}],"wp:attachment":[{"href":"https:\/\/urpspharma.re\/index.php?rest_route=%2Fwp%2Fv2%2Fmedia&parent=6109"}],"wp:term":[{"taxonomy":"category","embeddable":true,"href":"https:\/\/urpspharma.re\/index.php?rest_route=%2Fwp%2Fv2%2Fcategories&post=6109"},{"taxonomy":"post_tag","embeddable":true,"href":"https:\/\/urpspharma.re\/index.php?rest_route=%2Fwp%2Fv2%2Ftags&post=6109"}],"curies":[{"name":"wp","href":"https:\/\/api.w.org\/{rel}","templated":true}]}}