{"id":6142,"date":"2023-12-18T12:01:25","date_gmt":"2023-12-18T08:01:25","guid":{"rendered":"https:\/\/urpspharma.re\/?p=6142"},"modified":"2024-01-22T12:01:54","modified_gmt":"2024-01-22T08:01:54","slug":"la-sante-des-soignants-etat-des-lieux-du-territoire","status":"publish","type":"post","link":"https:\/\/urpspharma.re\/?p=6142","title":{"rendered":"La sant\u00e9 des soignants : \u00e9tat des lieux du territoire"},"content":{"rendered":"<h2 class=\"null\" style=\"text-align: center;\"><strong>Comment allez-vous ?<\/strong><\/h2>\n<p class=\"null\" style=\"text-align: left;\"><strong><span style=\"font-size: revert; color: initial;\">Nous vous rappelons le questionnaire interpro r\u00e9alis\u00e9 par <\/span>Tip@sant\u00e9<span style=\"font-size: revert; color: initial;\">\u00a0permettant\u00a0de dresser un \u00e9tat des lieux de la<\/span>\u00a0Sant\u00e9\u00a0des\u00a0soignants\u00a0R\u00e9unionnais.<\/strong><\/p>\n<div>\n<div>\n<p>Les r\u00e9sultats seront\u00a0pr\u00e9sent\u00e9s lors du\u00a0<strong>S\u00e9minaire SEM@SANTE<\/strong>\u00a0&#8220;Soignants, koman y l\u00e9 ?&#8221;<br \/><strong><u>les 9 et 10 f\u00e9vrier prochain<\/u>\u00a0<\/strong>organis\u00e9 par l&#8217;association<\/p>\n<p><img loading=\"lazy\" decoding=\"async\" src=\"https:\/\/mcusercontent.com\/07e1c2e988d75c3f3beefa643\/images\/a127076f-5990-6a4c-099f-c19ad3262684.png\" width=\"150\" height=\"51\" data-file-id=\"5887988\" \/><br \/>Merci pour votre participation.<\/p>\n<\/div>\n<p>&gt;&gt; <a href=\"https:\/\/form.dragnsurvey.com\/survey\/r\/60e7c6d8\" target=\"_blank\" rel=\"noopener noreferrer\">Questionnaire en cliquant ICI<\/a><\/p>\n<\/div>\n","protected":false},"excerpt":{"rendered":"<p>Comment allez-vous ? Nous vous rappelons le questionnaire interpro r\u00e9alis\u00e9 par Tip@sant\u00e9\u00a0permettant\u00a0de dresser un \u00e9tat des lieux de la\u00a0Sant\u00e9\u00a0des\u00a0soignants\u00a0R\u00e9unionnais. Les r\u00e9sultats seront\u00a0pr\u00e9sent\u00e9s lors du\u00a0S\u00e9minaire SEM@SANTE\u00a0&#8220;Soignants, koman y l\u00e9 ?&#8221;les 9 et 10 f\u00e9vrier prochain\u00a0organis\u00e9 par l&#8217;association Merci pour votre participation. &gt;&gt; Questionnaire en cliquant ICI<\/p>\n","protected":false},"author":3,"featured_media":6143,"comment_status":"open","ping_status":"open","sticky":false,"template":"","format":"standard","meta":{"footnotes":""},"categories":[182],"tags":[731,730,552],"amp_enabled":true,"_links":{"self":[{"href":"https:\/\/urpspharma.re\/index.php?rest_route=\/wp\/v2\/posts\/6142"}],"collection":[{"href":"https:\/\/urpspharma.re\/index.php?rest_route=\/wp\/v2\/posts"}],"about":[{"href":"https:\/\/urpspharma.re\/index.php?rest_route=\/wp\/v2\/types\/post"}],"author":[{"embeddable":true,"href":"https:\/\/urpspharma.re\/index.php?rest_route=\/wp\/v2\/users\/3"}],"replies":[{"embeddable":true,"href":"https:\/\/urpspharma.re\/index.php?rest_route=%2Fwp%2Fv2%2Fcomments&post=6142"}],"version-history":[{"count":1,"href":"https:\/\/urpspharma.re\/index.php?rest_route=\/wp\/v2\/posts\/6142\/revisions"}],"predecessor-version":[{"id":6144,"href":"https:\/\/urpspharma.re\/index.php?rest_route=\/wp\/v2\/posts\/6142\/revisions\/6144"}],"wp:featuredmedia":[{"embeddable":true,"href":"https:\/\/urpspharma.re\/index.php?rest_route=\/wp\/v2\/media\/6143"}],"wp:attachment":[{"href":"https:\/\/urpspharma.re\/index.php?rest_route=%2Fwp%2Fv2%2Fmedia&parent=6142"}],"wp:term":[{"taxonomy":"category","embeddable":true,"href":"https:\/\/urpspharma.re\/index.php?rest_route=%2Fwp%2Fv2%2Fcategories&post=6142"},{"taxonomy":"post_tag","embeddable":true,"href":"https:\/\/urpspharma.re\/index.php?rest_route=%2Fwp%2Fv2%2Ftags&post=6142"}],"curies":[{"name":"wp","href":"https:\/\/api.w.org\/{rel}","templated":true}]}}