{"id":6149,"date":"2024-01-16T12:11:09","date_gmt":"2024-01-16T08:11:09","guid":{"rendered":"https:\/\/urpspharma.re\/?p=6149"},"modified":"2024-01-22T12:15:26","modified_gmt":"2024-01-22T08:15:26","slug":"phase-de-sauvegarde-cyclone-belal","status":"publish","type":"post","link":"https:\/\/urpspharma.re\/?p=6149","title":{"rendered":"Phase de sauvegarde : cyclone Belal"},"content":{"rendered":"<h2 class=\"null\" style=\"text-align: center;\"><strong>Mardi 16 janvier \u00e0 12h00<\/strong><\/h2>\n<div class=\"xdj266r x11i5rnm xat24cr x1mh8g0r x1vvkbs x126k92a\">\n<div dir=\"auto\">Rappel des mesures \u00e0 prendre :<\/div>\n<div dir=\"auto\"><\/div>\n<div dir=\"auto\">Les professionnels de sant\u00e9 devant assurer une garde ou une permanence doivent prendre leur garde ou permanence (m\u00e9decins, pharmaciens, ambulanciers notamment) au poste de travail, d\u00e8s la lev\u00e9e de l\u2019alerte rouge (dans la limite des conditions m\u00e9t\u00e9orologiques locales du moment).<\/div>\n<\/div>\n<div class=\"x11i5rnm xat24cr x1mh8g0r x1vvkbs xtlvy1s x126k92a\">\n<div dir=\"auto\"><\/div>\n<div dir=\"auto\"><strong>En cas d\u2019impossibilit\u00e9 de prendre leur garde, les professionnels de sant\u00e9 en informent l\u2019ARS.<\/strong><\/div>\n<\/div>\n<p class=\"null\" style=\"text-align: left;\"><img loading=\"lazy\" decoding=\"async\" class=\"aligncenter wp-image-6150 size-1536x1536\" src=\"https:\/\/urpspharma.re\/wp-content\/uploads\/2024\/01\/phase-cyclone-1536x419.jpg\" alt=\"\" width=\"1536\" height=\"419\" srcset=\"https:\/\/urpspharma.re\/wp-content\/uploads\/2024\/01\/phase-cyclone-1536x419.jpg 1536w, https:\/\/urpspharma.re\/wp-content\/uploads\/2024\/01\/phase-cyclone-300x82.jpg 300w, https:\/\/urpspharma.re\/wp-content\/uploads\/2024\/01\/phase-cyclone-1024x279.jpg 1024w, https:\/\/urpspharma.re\/wp-content\/uploads\/2024\/01\/phase-cyclone-768x209.jpg 768w, https:\/\/urpspharma.re\/wp-content\/uploads\/2024\/01\/phase-cyclone.jpg 2048w\" sizes=\"(max-width: 1536px) 100vw, 1536px\" \/><\/p>\n","protected":false},"excerpt":{"rendered":"<p>Mardi 16 janvier \u00e0 12h00 Rappel des mesures \u00e0 prendre : Les professionnels de sant\u00e9 devant assurer une garde ou une permanence doivent prendre leur garde ou permanence (m\u00e9decins, pharmaciens, ambulanciers notamment) au poste de travail, d\u00e8s la lev\u00e9e de l\u2019alerte rouge (dans la limite des conditions m\u00e9t\u00e9orologiques locales du moment). En cas d\u2019impossibilit\u00e9 de&hellip;<\/p>\n","protected":false},"author":3,"featured_media":6119,"comment_status":"open","ping_status":"open","sticky":false,"template":"","format":"standard","meta":{"footnotes":""},"categories":[182],"tags":[731,730,552],"amp_enabled":true,"_links":{"self":[{"href":"https:\/\/urpspharma.re\/index.php?rest_route=\/wp\/v2\/posts\/6149"}],"collection":[{"href":"https:\/\/urpspharma.re\/index.php?rest_route=\/wp\/v2\/posts"}],"about":[{"href":"https:\/\/urpspharma.re\/index.php?rest_route=\/wp\/v2\/types\/post"}],"author":[{"embeddable":true,"href":"https:\/\/urpspharma.re\/index.php?rest_route=\/wp\/v2\/users\/3"}],"replies":[{"embeddable":true,"href":"https:\/\/urpspharma.re\/index.php?rest_route=%2Fwp%2Fv2%2Fcomments&post=6149"}],"version-history":[{"count":1,"href":"https:\/\/urpspharma.re\/index.php?rest_route=\/wp\/v2\/posts\/6149\/revisions"}],"predecessor-version":[{"id":6151,"href":"https:\/\/urpspharma.re\/index.php?rest_route=\/wp\/v2\/posts\/6149\/revisions\/6151"}],"wp:featuredmedia":[{"embeddable":true,"href":"https:\/\/urpspharma.re\/index.php?rest_route=\/wp\/v2\/media\/6119"}],"wp:attachment":[{"href":"https:\/\/urpspharma.re\/index.php?rest_route=%2Fwp%2Fv2%2Fmedia&parent=6149"}],"wp:term":[{"taxonomy":"category","embeddable":true,"href":"https:\/\/urpspharma.re\/index.php?rest_route=%2Fwp%2Fv2%2Fcategories&post=6149"},{"taxonomy":"post_tag","embeddable":true,"href":"https:\/\/urpspharma.re\/index.php?rest_route=%2Fwp%2Fv2%2Ftags&post=6149"}],"curies":[{"name":"wp","href":"https:\/\/api.w.org\/{rel}","templated":true}]}}