{"id":6158,"date":"2024-01-18T10:22:00","date_gmt":"2024-01-18T06:22:00","guid":{"rendered":"https:\/\/urpspharma.re\/?p=6158"},"modified":"2024-01-22T12:30:20","modified_gmt":"2024-01-22T08:30:20","slug":"sondage-post-cyclone-belal","status":"publish","type":"post","link":"https:\/\/urpspharma.re\/?p=6158","title":{"rendered":"D\u00e9g\u00e2ts professionnels et impact sur exercice"},"content":{"rendered":"<h1 class=\"mc-toc-title\" style=\"text-align: center;\">Sondage : Post Cyclone Belal<\/h1>\n<h2 class=\"null\" style=\"text-align: center;\"><\/h2>\n<div class=\"xdj266r x11i5rnm xat24cr x1mh8g0r x1vvkbs x126k92a\">\n<div dir=\"auto\">\n<p>Suite au passage du cyclone Belal, votre URPS en partenariat avec l&#8217;Ordre des pharmaciens souhaiteraient dresser un \u00e9tat sur les d\u00e9g\u00e2ts professionnels et l&#8217;impact sur votre exercice.<\/p>\n<p>Ce sondage a pour but\u00a0de recenser les pharmacies sinistr\u00e9es et d&#8217;avoir une estimation\u00a0des pertes financi\u00e8res. Apr\u00e8s analyse, les r\u00e9sultats seront communiquer au national.<\/p>\n<p>N&#8217;h\u00e9sitez pas \u00e0 relayer cette information aupr\u00e8s de vos confr\u00e8res.<\/p>\n<h3 style=\"text-align: center;\">\n<span style=\"color: #8f0c68;\"><strong><a style=\"color: #8f0c68;\" href=\"https:\/\/forms.gle\/4vk3VFu76iuuty5fA\" target=\"_blank\" rel=\"noopener\">&gt;&gt; Sondage en cliquant ICI\u00a0<\/a><\/strong><\/span><\/h3>\n<p><a href=\"https:\/\/forms.gle\/4vk3VFu76iuuty5fA\" target=\"_blank\" rel=\"noopener\"><img loading=\"lazy\" decoding=\"async\" class=\"aligncenter wp-image-6159 size-large\" src=\"https:\/\/urpspharma.re\/wp-content\/uploads\/2024\/01\/sondage-1024x286.png\" alt=\"\" width=\"1024\" height=\"286\" srcset=\"https:\/\/urpspharma.re\/wp-content\/uploads\/2024\/01\/sondage-1024x286.png 1024w, https:\/\/urpspharma.re\/wp-content\/uploads\/2024\/01\/sondage-300x84.png 300w, https:\/\/urpspharma.re\/wp-content\/uploads\/2024\/01\/sondage-768x214.png 768w, https:\/\/urpspharma.re\/wp-content\/uploads\/2024\/01\/sondage.png 1140w\" sizes=\"(max-width: 1024px) 100vw, 1024px\" \/><\/a><\/p>\n<\/div>\n<\/div>\n<p class=\"null\" style=\"text-align: left;\">\n","protected":false},"excerpt":{"rendered":"<p>Sondage : Post Cyclone Belal Suite au passage du cyclone Belal, votre URPS en partenariat avec l&#8217;Ordre des pharmaciens souhaiteraient dresser un \u00e9tat sur les d\u00e9g\u00e2ts professionnels et l&#8217;impact sur votre exercice. Ce sondage a pour but\u00a0de recenser les pharmacies sinistr\u00e9es et d&#8217;avoir une estimation\u00a0des pertes financi\u00e8res. Apr\u00e8s analyse, les r\u00e9sultats seront communiquer au national.&hellip;<\/p>\n","protected":false},"author":3,"featured_media":6159,"comment_status":"open","ping_status":"open","sticky":false,"template":"","format":"standard","meta":{"footnotes":""},"categories":[182],"tags":[732,552],"amp_enabled":true,"_links":{"self":[{"href":"https:\/\/urpspharma.re\/index.php?rest_route=\/wp\/v2\/posts\/6158"}],"collection":[{"href":"https:\/\/urpspharma.re\/index.php?rest_route=\/wp\/v2\/posts"}],"about":[{"href":"https:\/\/urpspharma.re\/index.php?rest_route=\/wp\/v2\/types\/post"}],"author":[{"embeddable":true,"href":"https:\/\/urpspharma.re\/index.php?rest_route=\/wp\/v2\/users\/3"}],"replies":[{"embeddable":true,"href":"https:\/\/urpspharma.re\/index.php?rest_route=%2Fwp%2Fv2%2Fcomments&post=6158"}],"version-history":[{"count":6,"href":"https:\/\/urpspharma.re\/index.php?rest_route=\/wp\/v2\/posts\/6158\/revisions"}],"predecessor-version":[{"id":6165,"href":"https:\/\/urpspharma.re\/index.php?rest_route=\/wp\/v2\/posts\/6158\/revisions\/6165"}],"wp:featuredmedia":[{"embeddable":true,"href":"https:\/\/urpspharma.re\/index.php?rest_route=\/wp\/v2\/media\/6159"}],"wp:attachment":[{"href":"https:\/\/urpspharma.re\/index.php?rest_route=%2Fwp%2Fv2%2Fmedia&parent=6158"}],"wp:term":[{"taxonomy":"category","embeddable":true,"href":"https:\/\/urpspharma.re\/index.php?rest_route=%2Fwp%2Fv2%2Fcategories&post=6158"},{"taxonomy":"post_tag","embeddable":true,"href":"https:\/\/urpspharma.re\/index.php?rest_route=%2Fwp%2Fv2%2Ftags&post=6158"}],"curies":[{"name":"wp","href":"https:\/\/api.w.org\/{rel}","templated":true}]}}