{"id":6166,"date":"2024-01-19T16:23:25","date_gmt":"2024-01-19T12:23:25","guid":{"rendered":"https:\/\/urpspharma.re\/?p=6166"},"modified":"2024-01-22T16:28:44","modified_gmt":"2024-01-22T12:28:44","slug":"seminaire-semsante","status":"publish","type":"post","link":"https:\/\/urpspharma.re\/?p=6166","title":{"rendered":"S\u00e9minaire SEM@SANTE &#8211; 9 et 10 f\u00e9vrier 2023"},"content":{"rendered":"<h2 class=\"null\" style=\"text-align: center;\"><strong>Le vendredi 9 et samedi 10 f\u00e9vrier 2023 &#8211; H\u00f4tel Le R\u00e9cif<\/strong><\/h2>\n<div dir=\"auto\">\n<p>Tip@sant\u00e9 et ses partenaires invitent les professionnels de sant\u00e9 du territoire au SEM@SANTE, s\u00e9minaire d\u00e9di\u00e9 \u00e0 la sant\u00e9 des soignants et \u00e0 l\u2019exercice coordonn\u00e9.<\/p>\n<p>2 journ\u00e9es pour prendre soin de nous soignants au travers d&#8217;ateliers r\u00e9flexifs et de ressources bien-\u00eatre\u00a0\u00e0\u00a0d\u00e9couvrir !<br \/><strong>Pass journ\u00e9e par personne 50\u20ac<\/strong><\/p>\n<p>N\u2019h\u00e9sitez plus et venez d\u00e9couvrir comment mieux prendre soin de vous au quotidien ! Nous vous attendons nombreux lors de ce temps fort d\u00e9di\u00e9 \u00e0 votre sant\u00e9.<\/p>\n<h3><span style=\"color: #8f0c68;\"><a style=\"color: #8f0c68;\" href=\"https:\/\/tipa.sante.re\/wp-content\/uploads\/2024\/01\/Programme-SEM@SANTE.pdf\" target=\"_blank\" rel=\"noopener\"><span style=\"font-size: revert;\">&gt;&gt; Programme ICI<\/span><\/a><\/span><\/h3>\n<h3><span style=\"color: #8f0c68;\"><a style=\"color: #8f0c68;\" href=\"https:\/\/form.dragnsurvey.com\/survey\/r\/dcf2dac8\" target=\"_blank\" rel=\"noopener\">&gt;&gt; Inscription ICI<\/a><\/span><\/h3>\n<\/div>\n\n\n<figure class=\"wp-block-image size-full\"><img loading=\"lazy\" decoding=\"async\" width=\"550\" height=\"774\" src=\"https:\/\/urpspharma.re\/wp-content\/uploads\/2024\/01\/Affiche-SEMSANTE-2024.png\" alt=\"\" class=\"wp-image-6168\" srcset=\"https:\/\/urpspharma.re\/wp-content\/uploads\/2024\/01\/Affiche-SEMSANTE-2024.png 550w, https:\/\/urpspharma.re\/wp-content\/uploads\/2024\/01\/Affiche-SEMSANTE-2024-213x300.png 213w\" sizes=\"(max-width: 550px) 100vw, 550px\" \/><\/figure>\n\n\n\n<figure class=\"wp-block-image size-large\"><img loading=\"lazy\" decoding=\"async\" width=\"1024\" height=\"582\" src=\"https:\/\/urpspharma.re\/wp-content\/uploads\/2024\/01\/SEMINAIRE-SANTE-DES-SOIGNANTS-1024x582.png\" alt=\"\" class=\"wp-image-6167\" srcset=\"https:\/\/urpspharma.re\/wp-content\/uploads\/2024\/01\/SEMINAIRE-SANTE-DES-SOIGNANTS-1024x582.png 1024w, https:\/\/urpspharma.re\/wp-content\/uploads\/2024\/01\/SEMINAIRE-SANTE-DES-SOIGNANTS-300x170.png 300w, https:\/\/urpspharma.re\/wp-content\/uploads\/2024\/01\/SEMINAIRE-SANTE-DES-SOIGNANTS-768x436.png 768w, https:\/\/urpspharma.re\/wp-content\/uploads\/2024\/01\/SEMINAIRE-SANTE-DES-SOIGNANTS.png 1355w\" sizes=\"(max-width: 1024px) 100vw, 1024px\" \/><\/figure>\n","protected":false},"excerpt":{"rendered":"<p>Le vendredi 9 et samedi 10 f\u00e9vrier 2023 &#8211; H\u00f4tel Le R\u00e9cif Tip@sant\u00e9 et ses partenaires invitent les professionnels de sant\u00e9 du territoire au SEM@SANTE, s\u00e9minaire d\u00e9di\u00e9 \u00e0 la sant\u00e9 des soignants et \u00e0 l\u2019exercice coordonn\u00e9. 2 journ\u00e9es pour prendre soin de nous soignants au travers d&#8217;ateliers r\u00e9flexifs et de ressources bien-\u00eatre\u00a0\u00e0\u00a0d\u00e9couvrir !Pass journ\u00e9e par&hellip;<\/p>\n","protected":false},"author":3,"featured_media":6168,"comment_status":"open","ping_status":"open","sticky":false,"template":"","format":"standard","meta":{"footnotes":""},"categories":[182,262],"tags":[735,734,731,733,730,552],"amp_enabled":true,"_links":{"self":[{"href":"https:\/\/urpspharma.re\/index.php?rest_route=\/wp\/v2\/posts\/6166"}],"collection":[{"href":"https:\/\/urpspharma.re\/index.php?rest_route=\/wp\/v2\/posts"}],"about":[{"href":"https:\/\/urpspharma.re\/index.php?rest_route=\/wp\/v2\/types\/post"}],"author":[{"embeddable":true,"href":"https:\/\/urpspharma.re\/index.php?rest_route=\/wp\/v2\/users\/3"}],"replies":[{"embeddable":true,"href":"https:\/\/urpspharma.re\/index.php?rest_route=%2Fwp%2Fv2%2Fcomments&post=6166"}],"version-history":[{"count":2,"href":"https:\/\/urpspharma.re\/index.php?rest_route=\/wp\/v2\/posts\/6166\/revisions"}],"predecessor-version":[{"id":6170,"href":"https:\/\/urpspharma.re\/index.php?rest_route=\/wp\/v2\/posts\/6166\/revisions\/6170"}],"wp:featuredmedia":[{"embeddable":true,"href":"https:\/\/urpspharma.re\/index.php?rest_route=\/wp\/v2\/media\/6168"}],"wp:attachment":[{"href":"https:\/\/urpspharma.re\/index.php?rest_route=%2Fwp%2Fv2%2Fmedia&parent=6166"}],"wp:term":[{"taxonomy":"category","embeddable":true,"href":"https:\/\/urpspharma.re\/index.php?rest_route=%2Fwp%2Fv2%2Fcategories&post=6166"},{"taxonomy":"post_tag","embeddable":true,"href":"https:\/\/urpspharma.re\/index.php?rest_route=%2Fwp%2Fv2%2Ftags&post=6166"}],"curies":[{"name":"wp","href":"https:\/\/api.w.org\/{rel}","templated":true}]}}