{"id":6176,"date":"2024-02-05T15:16:00","date_gmt":"2024-02-05T11:16:00","guid":{"rendered":"https:\/\/urpspharma.re\/?p=6176"},"modified":"2024-02-06T11:02:42","modified_gmt":"2024-02-06T07:02:42","slug":"bilan-prevention","status":"publish","type":"post","link":"https:\/\/urpspharma.re\/?p=6176","title":{"rendered":"Bilan pr\u00e9vention"},"content":{"rendered":"\n<p><\/p>\n\n\n\n<h2 class=\"wp-block-heading has-text-color has-link-color has-x-large-font-size wp-elements-5bd03a25fd86902147d27701c2f95ebe\" style=\"color:#270c67\">De quoi parle-t-on ?<\/h2>\n\n\n\n<p>Annonc\u00e9 en 2022 et act\u00e9 dans la derni\u00e8re loi de financement de la S\u00e9curit\u00e9 sociale, le &#8220;bilan de pr\u00e9vention&#8221;&nbsp;est d\u00e9ploy\u00e9 ce mois de janvier 2024.<\/p>\n\n\n\n<p>Le bilan pr\u00e9vention est un nouveau dispositif qui s\u2019appuie sur une solution de proximit\u00e9 et\u00a0favorise le rep\u00e9rage de facteurs \u00e0 risques. Il permet \u00e9galement de sensibiliser la population aux risques de d\u00e9velopper des maladies chroniques\u00a0(diab\u00e8te, maladies cardiovasculaires\u2026), r\u00e9aliser des d\u00e9pistages (cancers, IST\u2026) et des rappels de vaccination.<\/p>\n\n\n\n<p>Il permet, gr\u00e2ce aux conseils d\u2019un professionnel de sant\u00e9, d\u2019avoir les cl\u00e9s pour identifier et modifier les comportements, afin qu\u2019ils soient plus favorables \u00e0 la sant\u00e9 du patient. Lors de cet \u00e9change, le patient d\u00e9finira, avec l\u2019aide du professionnel de sant\u00e9, une ou deux priorit\u00e9s en sant\u00e9 sur lesquelles il souhaite agir.<\/p>\n\n\n\n<p><strong>Pour devenir effecteur,<\/strong>&nbsp;connectez-vous avec votre carte CPS ou e-CPS sur le site&nbsp;<a href=\"https:\/\/www.sante.fr\/professionnel\/connexion\" rel=\"noreferrer noopener\" target=\"_blank\">https:\/\/declarations-pharmacie.ars.sante.fr<\/a>&nbsp;puis choisir \u00ab Bilan pr\u00e9vention \u00bb et renseigner les informations n\u00e9cessaires.<\/p>\n\n\n\n<p class=\"has-large-font-size\">Quels professionnels de sant\u00e9\u00a0? Pour qui ?<\/p>\n\n\n\n<figure class=\"wp-block-image size-full\"><img loading=\"lazy\" decoding=\"async\" width=\"727\" height=\"224\" src=\"https:\/\/urpspharma.re\/wp-content\/uploads\/2024\/02\/PS-QUI.png\" alt=\"\" class=\"wp-image-6178\" srcset=\"https:\/\/urpspharma.re\/wp-content\/uploads\/2024\/02\/PS-QUI.png 727w, https:\/\/urpspharma.re\/wp-content\/uploads\/2024\/02\/PS-QUI-300x92.png 300w\" sizes=\"(max-width: 727px) 100vw, 727px\" \/><\/figure>\n\n\n\n<p>Pour r\u00e9aliser ces bilans, les pharmaciens doivent disposer d\u2019un&nbsp;<strong>espace de confidentialit\u00e9.&nbsp;<\/strong><br>Aucune formation compl\u00e9mentaire n\u2019est obligatoire afin de pouvoir r\u00e9aliser ces bilans en tant qu\u2019effecteur.<\/p>\n\n\n\n<p><strong><mark style=\"background-color:rgba(0, 0, 0, 0)\" class=\"has-inline-color has-vivid-red-color\">Important : Le bilan peut \u00eatre r\u00e9alis\u00e9 sans l\u2019auto-questionnaire, celui-ci \u00e9tant facultatif.<\/mark><\/strong><\/p>\n\n\n\n<p>Ces assur\u00e9s recevront de l\u2019Assurance Maladie un mail les invitant \u00e0 prendre rendez-vous pour b\u00e9n\u00e9ficier de leur bilan de pr\u00e9vention.<\/p>\n\n\n\n<div class=\"wp-block-group is-layout-constrained wp-block-group-is-layout-constrained\"><div class=\"wp-block-group__inner-container\">\n<figure class=\"wp-block-table is-style-stripes\"><table><tbody><tr><td><strong>Comment les patients pr\u00e9parent-ils leur bilan pr\u00e9vention ?<\/strong><br><br><em>En amont de son rendez-vous avec le professionnel de sant\u00e9,\u00a0<\/em><strong>le patient est invit\u00e9 \u00e0 remplir un auto-questionnaire<\/strong><em>\u00a0sur ses habitudes de vie, ses principaux facteurs de risques et ses aspirations.<\/em><br><br><em>L\u2019auto-questionnaire se compose d\u2019une quarantaine de questions \u00e0 choix multiples qui ne n\u00e9cessitent aucune connaissance m\u00e9dicale. Elles sont ax\u00e9es sur les comportements individuels et sont adapt\u00e9es \u00e0 chaque tranche d\u2019\u00e2ge. Aucune question n\u2019est obligatoire et moins de 10 minutes suffisent pour r\u00e9pondre \u00e0 l\u2019auto-questionnaire.<\/em><br><br><strong>Le patient prend ensuite rendez-vous\u00a0<\/strong><em>avec le professionnel de sant\u00e9 effecteur.<\/em><strong>\u00a0<\/strong><em>La personne est invit\u00e9e \u00e0 rapporter, si possible, ses informations de vaccination, ses derniers r\u00e9sultats d\u2019analyses (sanguines, urinaires\u2026) et de d\u00e9pistage.<\/em><br><br><em><mark style=\"background-color:rgba(0, 0, 0, 0)\" class=\"has-inline-color has-vivid-red-color\">Important :\u00a0l&#8217;auto- questionnaire n\u2019est pas obligatoire.<\/mark><\/em><\/td><\/tr><\/tbody><\/table><\/figure>\n<\/div><\/div>\n\n\n\n<p class=\"has-large-font-size\">Quels sont les sujets \u00e0 aborder lors du bilan pr\u00e9vention ?<\/p>\n\n\n\n<p>Le dispositif aborde notamment les th\u00e9matiques suivantes&nbsp;:<\/p>\n\n\n\n<ul>\n<li>les ant\u00e9c\u00e9dents m\u00e9dicaux personnels et familiaux&nbsp;;<\/li>\n\n\n\n<li>les comportements et habitudes de vie (alimentation, activit\u00e9 physique et s\u00e9dentarit\u00e9, addictions et usages \u00e0 risque\u2026)&nbsp;;<\/li>\n\n\n\n<li>la pr\u00e9vention et le rep\u00e9rage de maladies chroniques (maladies cardiovasculaires, cancers, perte d\u2019autonomie\u2026)&nbsp;;<\/li>\n\n\n\n<li>le parcours de sant\u00e9 (vaccinations \u00e0 jour, suivi buccodentaire, variation de poids\u2026)&nbsp;;<\/li>\n\n\n\n<li>le bien-\u00eatre mental et social (sommeil, vie affective et amicale, statut d\u2019aidant, conditions de travail, rep\u00e9rage des situations de violences\/maltraitances\u2026).<\/li>\n<\/ul>\n\n\n\n<p class=\"has-large-font-size\">Dur\u00e9e et \u00e9tapes<\/p>\n\n\n\n<figure class=\"wp-block-image size-full\"><img loading=\"lazy\" decoding=\"async\" width=\"722\" height=\"270\" src=\"https:\/\/urpspharma.re\/wp-content\/uploads\/2024\/02\/DUREE-ETAPES.png\" alt=\"\" class=\"wp-image-6179\" srcset=\"https:\/\/urpspharma.re\/wp-content\/uploads\/2024\/02\/DUREE-ETAPES.png 722w, https:\/\/urpspharma.re\/wp-content\/uploads\/2024\/02\/DUREE-ETAPES-300x112.png 300w\" sizes=\"(max-width: 722px) 100vw, 722px\" \/><\/figure>\n\n\n\n<p><strong>Le plan personnalis\u00e9 de pr\u00e9vention (PPP) et la fiche d\u2019aide au rep\u00e9rage des risques doivent \u00eatre transmis au m\u00e9decin traitant pour le suivi<\/strong>&nbsp;(par messagerie s\u00e9curis\u00e9e, par le Dossier M\u00e9dical Partag\u00e9 ou directement par le patient). Le suivi du PPP ainsi que son ajustement impliquent un parcours coordonn\u00e9 par le m\u00e9decin traitant.<\/p>\n\n\n\n<p><strong>En cas de suspicion de pathologie non suivie ou non connue<\/strong>&nbsp;le bilan de pr\u00e9vention doit \u00eatre suivi d\u2019une consultation m\u00e9dicale afin de permettre l\u2019\u00e9tablissement d\u2019un diagnostic<\/p>\n\n\n\n<p>Une cartographie des ressources \u00e0 disposition sur les territoires est disponible sur&nbsp;<a href=\"https:\/\/www.sante.fr\/mon-bilan-prevention-les-annuaires-complementaires-votre-visite\" rel=\"noreferrer noopener\" target=\"_blank\">le site sante.fr.<\/a><\/p>\n\n\n\n<p class=\"has-large-font-size\">Prise en charge et indemnisation<\/p>\n\n\n\n<div class=\"wp-block-columns is-layout-flex wp-container-core-columns-layout-1 wp-block-columns-is-layout-flex\">\n<div class=\"wp-block-column is-layout-flow wp-block-column-is-layout-flow\">\n<p>Ces bilans de pr\u00e9vention seront<strong>\u00a0pris en charge \u00e0 100\u00a0% par l\u2019Assurance Maladie<\/strong>\u00a0pour tous les assur\u00e9s, sans frais \u00e0 avancer.<br><br><strong>Le bilan de pr\u00e9vention sera r\u00e9mun\u00e9r\u00e9 \u00e0 hauteur de 31.50\u20ac<\/strong>\u00a0(pour la R\u00e9union) et ne pourra faire l\u2019objet d\u2019aucun d\u00e9passement.<\/p>\n<\/div>\n\n\n\n<div class=\"wp-block-column is-layout-flow wp-block-column-is-layout-flow\">\n<p>Le bilan pr\u00e9vention ne pourra \u00eatre factur\u00e9 qu\u2019une seule fois par personne et par tranche d\u2019\u00e2ge avec\u00a0<strong>le code acte \u00ab\u00a0RDP\u00a0\u00bb.<br><br><mark style=\"background-color:rgba(0, 0, 0, 0)\" class=\"has-inline-color has-vivid-red-color\">Pour prendre en compte ce nouveau code, votre URPS vous recommande de\u00a0mettre \u00e0 jour votre logiciel.<\/mark><\/strong><\/p>\n<\/div>\n<\/div>\n\n\n\n<hr class=\"wp-block-separator has-alpha-channel-opacity\"\/>\n\n\n\n<p class=\"has-large-font-size\">Possibilit\u00e9 de facturer un acte\u00a0en sus du bilan de pr\u00e9vention<\/p>\n\n\n\n<div class=\"wp-block-columns is-layout-flex wp-container-core-columns-layout-2 wp-block-columns-is-layout-flex\">\n<div class=\"wp-block-column is-layout-flow wp-block-column-is-layout-flow\">\n<p><strong>Un acte pourra \u00eatre factur\u00e9 en sus\u00a0<\/strong>du bilan de pr\u00e9vention dans les seules situations suivantes facturables et remboursables dans les conditions de droit commun\u00a0: lorsqu\u2019un acte de pr\u00e9vention sera r\u00e9alis\u00e9 dans le cadre d\u2019un programme de sant\u00e9 publique au cours du m\u00eame rendez-vous\u00a0: acte de vaccination, remise du kit du d\u00e9pistage du cancer colorectal.<\/p>\n<\/div>\n\n\n\n<div class=\"wp-block-column is-layout-flow wp-block-column-is-layout-flow\">\n<p>\u00c0\u00a0noter\u00a0: un seul acte parmi ceux list\u00e9s pourra \u00eatre factur\u00e9 en sus, par bilan de pr\u00e9vention, et uniquement lorsqu\u2019un besoin a \u00e9t\u00e9 identifi\u00e9 lors du bilan.<br>Ces actes compl\u00e9mentaires de pr\u00e9vention seront pris en charge par l\u2019Assurance Maladie dans les conditions de droit commun.<\/p>\n<\/div>\n<\/div>\n\n\n\n<p><\/p>\n\n\n\n<figure class=\"wp-block-table\"><table><tbody><tr><td>Liens utiles :\u00a0<br><br>\u25basite : ameli<br><a href=\"https:\/\/vimeo.com\/875901085\/d5552939b0\" target=\"_blank\" rel=\"noreferrer noopener\">le replay du webinaire de pr\u00e9sentation du dispositif<\/a>\u00a0diffus\u00e9 le 12 octobre 2023.<br><br><a href=\"https:\/\/www.ameli.fr\/la-reunion\/pharmacien\/sante-prevention\/bilan-prevention-ages-cles\" target=\"_blank\" rel=\"noreferrer noopener\">Mon bilan pr\u00e9vention, un temps d\u2019\u00e9change d\u00e9di\u00e9 \u00e0 la pr\u00e9vention<\/a><br><a href=\"https:\/\/www.ameli.fr\/sites\/default\/files\/Documents\/Mon-bilan-prevention-livret-presentation.pdf\" target=\"_blank\" rel=\"noreferrer noopener\">Livret de pr\u00e9sentation de &#8220;mon bilan pr\u00e9vention&#8221;<\/a><br><a href=\"https:\/\/www.ameli.fr\/sites\/default\/files\/Documents\/Mon-bilan-prevention-fiches-thematiques.pdf\" target=\"_blank\" rel=\"noreferrer noopener\">14 fiches th\u00e9matiques sur les sujets \u00e0 aborder<\/a><br><br>Fiches d&#8217;aide au rep\u00e9rage des risques<br><a href=\"https:\/\/www.ameli.fr\/sites\/default\/files\/Documents\/Mon-bilan-prevention-aide-reperage-risques-18-25ans.pdf\" target=\"_blank\" rel=\"noreferrer noopener\">18-25 ans<\/a>\u00a0&#8211;\u00a0<a href=\"https:\/\/www.ameli.fr\/sites\/default\/files\/Documents\/Mon-bilan-prevention-aide-reperage-risques-45-50ans.pdf\" target=\"_blank\" rel=\"noreferrer noopener\">45-50 ans<\/a>\u00a0&#8211;\u00a0<a href=\"https:\/\/www.ameli.fr\/sites\/default\/files\/Documents\/Mon-bilan-prevention-aide-reperage-risques-60-65ans.pdf\" target=\"_blank\" rel=\"noreferrer noopener\">60-65 ans<\/a>\u00a0&#8211;\u00a0<a href=\"https:\/\/www.ameli.fr\/sites\/default\/files\/Documents\/Mon-bilan-prevention-aide-reperage-risques-70-75ans.pdf\" target=\"_blank\" rel=\"noreferrer noopener\">70-75 ans<\/a><br><br>Auto-questionnaires :<br><a href=\"https:\/\/www.ameli.fr\/sites\/default\/files\/Documents\/Mon-bilan-prevention-auto-questionnaire-18-25ans.pdf\" target=\"_blank\" rel=\"noreferrer noopener\">18-25 ans<\/a>\u00a0&#8211;\u00a0<a href=\"https:\/\/www.ameli.fr\/sites\/default\/files\/Documents\/Mon-bilan-prevention-auto-questionnaire-45-50ans.pdf\" target=\"_blank\" rel=\"noreferrer noopener\">45-50 ans<\/a>\u00a0&#8211;\u00a0<a href=\"https:\/\/www.ameli.fr\/sites\/default\/files\/Documents\/Mon-bilan-prevention-auto-questionnaire-60-65ans.pdf\" target=\"_blank\" rel=\"noreferrer noopener\">60-65 ans<\/a>\u00a0&#8211;\u00a0<a href=\"https:\/\/www.ameli.fr\/sites\/default\/files\/Documents\/Mon-bilan-prevention-auto-questionnaire-70-75ans.pdf\" target=\"_blank\" rel=\"noreferrer noopener\">70-75 ans<\/a><br><br>\u25basite : sante.gouv<br><a href=\"https:\/\/sante.gouv.fr\/prevention-en-sante\/preserver-sa-sante\/mon-bilan-prevention-les-rendez-vous-sante-aux-ages-cles-de-la-vie\/espace-professionnels\/article\/professionnels-de-sante-les-reponses-a-vos-questions\" target=\"_blank\" rel=\"noreferrer noopener\">Professionnels de sant\u00e9\u00a0: les r\u00e9ponses \u00e0 vos questions<\/a><\/td><\/tr><\/tbody><\/table><\/figure>\n\n\n\n<p><\/p>\n\n\n\n<div class=\"wp-block-group is-layout-constrained wp-block-group-is-layout-constrained\"><div class=\"wp-block-group__inner-container\"><\/div><\/div>\n","protected":false},"excerpt":{"rendered":"<p>De quoi parle-t-on ? Annonc\u00e9 en 2022 et act\u00e9 dans la derni\u00e8re loi de financement de la S\u00e9curit\u00e9 sociale, le &#8220;bilan de pr\u00e9vention&#8221;&nbsp;est d\u00e9ploy\u00e9 ce mois de janvier 2024. Le bilan pr\u00e9vention est un nouveau dispositif qui s\u2019appuie sur une solution de proximit\u00e9 et\u00a0favorise le rep\u00e9rage de facteurs \u00e0 risques. Il permet \u00e9galement de sensibiliser&hellip;<\/p>\n","protected":false},"author":3,"featured_media":6180,"comment_status":"open","ping_status":"open","sticky":false,"template":"","format":"standard","meta":{"footnotes":""},"categories":[182],"tags":[239],"amp_enabled":true,"_links":{"self":[{"href":"https:\/\/urpspharma.re\/index.php?rest_route=\/wp\/v2\/posts\/6176"}],"collection":[{"href":"https:\/\/urpspharma.re\/index.php?rest_route=\/wp\/v2\/posts"}],"about":[{"href":"https:\/\/urpspharma.re\/index.php?rest_route=\/wp\/v2\/types\/post"}],"author":[{"embeddable":true,"href":"https:\/\/urpspharma.re\/index.php?rest_route=\/wp\/v2\/users\/3"}],"replies":[{"embeddable":true,"href":"https:\/\/urpspharma.re\/index.php?rest_route=%2Fwp%2Fv2%2Fcomments&post=6176"}],"version-history":[{"count":5,"href":"https:\/\/urpspharma.re\/index.php?rest_route=\/wp\/v2\/posts\/6176\/revisions"}],"predecessor-version":[{"id":6185,"href":"https:\/\/urpspharma.re\/index.php?rest_route=\/wp\/v2\/posts\/6176\/revisions\/6185"}],"wp:featuredmedia":[{"embeddable":true,"href":"https:\/\/urpspharma.re\/index.php?rest_route=\/wp\/v2\/media\/6180"}],"wp:attachment":[{"href":"https:\/\/urpspharma.re\/index.php?rest_route=%2Fwp%2Fv2%2Fmedia&parent=6176"}],"wp:term":[{"taxonomy":"category","embeddable":true,"href":"https:\/\/urpspharma.re\/index.php?rest_route=%2Fwp%2Fv2%2Fcategories&post=6176"},{"taxonomy":"post_tag","embeddable":true,"href":"https:\/\/urpspharma.re\/index.php?rest_route=%2Fwp%2Fv2%2Ftags&post=6176"}],"curies":[{"name":"wp","href":"https:\/\/api.w.org\/{rel}","templated":true}]}}