{"id":6310,"date":"2024-02-26T11:45:49","date_gmt":"2024-02-26T07:45:49","guid":{"rendered":"https:\/\/urpspharma.re\/?p=6310"},"modified":"2024-02-26T11:45:52","modified_gmt":"2024-02-26T07:45:52","slug":"souffrance-prevention-suicide","status":"publish","type":"post","link":"https:\/\/urpspharma.re\/?p=6310","title":{"rendered":"Souffrance Pr\u00e9vention Suicide"},"content":{"rendered":"\n<p><\/p>\n\n\n\n<p class=\"has-large-font-size\">Comment le pharmacien peut-il contribuer \u00e0 pr\u00e9venir le suicide ?<\/p>\n\n\n\n<div class=\"wp-block-group alignfull has-background is-layout-flow wp-block-group-is-layout-flow\" style=\"background-color:#f5eac1;padding-top:6vw;padding-right:6vw;padding-bottom:6vw;padding-left:6vw\"><div class=\"wp-block-group__inner-container\">\n<div style=\"height:1vw\" aria-hidden=\"true\" class=\"wp-block-spacer\"><\/div>\n\n\n\n<div class=\"wp-block-group alignwide is-vertical is-nowrap is-layout-flex wp-container-core-group-layout-1 wp-block-group-is-layout-flex\" style=\"padding-top:0;padding-right:0;padding-bottom:0;padding-left:0\">\n<div class=\"wp-block-columns alignwide is-layout-flex wp-container-core-columns-layout-1 wp-block-columns-is-layout-flex\">\n<div class=\"wp-block-column is-layout-flow wp-block-column-is-layout-flow\" style=\"flex-basis:50%\">\n<p>Num\u00e9ro National de Pr\u00e9vention Suicide (3114) s\u2019inscrit dans le cadre de la strat\u00e9gie globale de pr\u00e9vention du suicide. Il\u00a0permet de r\u00e9pondre aux besoins imm\u00e9diats des personnes en recherche d\u2019aide.<br>Depuis le mois de janvier 2022, le Centre R\u00e9gional de Pr\u00e9vention du Suicide de l\u2019Etablissement Public de Sant\u00e9 Mentale de La R\u00e9union (EPSMR) g\u00e8re localement les appels provenant de La R\u00e9union.<\/p>\n\n\n\n<p>De plus, il est compl\u00e9mentaire du dispositif VigilanS qui repose sur une \u00e9quipe de professionnels de sant\u00e9 mentale missionn\u00e9e pour garder un lien avec les personnes ayant r\u00e9cemment fait une tentative de suicide, et pr\u00e9venir ainsi une \u00e9ventuelle r\u00e9it\u00e9ration suicidaire. VigilanS Oc\u00e9an Indien est d\u00e9j\u00e0 d\u00e9ploy\u00e9 \u00e0 La R\u00e9union et port\u00e9 \u00e9galement par l\u2019EPSMR.<\/p>\n<\/div>\n\n\n\n<div class=\"wp-block-column is-layout-flow wp-block-column-is-layout-flow\" style=\"flex-basis:33%\">\n<div style=\"height:2vw\" aria-hidden=\"true\" class=\"wp-block-spacer\"><\/div>\n\n\n\n<figure class=\"wp-block-image size-medium is-resized is-style-default\"><img loading=\"lazy\" decoding=\"async\" width=\"300\" height=\"212\" src=\"https:\/\/urpspharma.re\/wp-content\/uploads\/2024\/02\/prevention-suicide-1-300x212.png\" alt=\"\" class=\"wp-image-6313\" style=\"width:411px;height:auto\" srcset=\"https:\/\/urpspharma.re\/wp-content\/uploads\/2024\/02\/prevention-suicide-1-300x212.png 300w, https:\/\/urpspharma.re\/wp-content\/uploads\/2024\/02\/prevention-suicide-1-1024x724.png 1024w, https:\/\/urpspharma.re\/wp-content\/uploads\/2024\/02\/prevention-suicide-1-768x543.png 768w, https:\/\/urpspharma.re\/wp-content\/uploads\/2024\/02\/prevention-suicide-1-1536x1086.png 1536w, https:\/\/urpspharma.re\/wp-content\/uploads\/2024\/02\/prevention-suicide-1.png 2000w\" sizes=\"(max-width: 300px) 100vw, 300px\" \/><\/figure>\n\n\n\n<p><\/p>\n<\/div>\n<\/div>\n\n\n\n<div class=\"wp-block-columns alignwide is-layout-flex wp-container-core-columns-layout-2 wp-block-columns-is-layout-flex\">\n<div class=\"wp-block-column is-layout-flow wp-block-column-is-layout-flow\" style=\"flex-basis:40%\">\n<figure class=\"wp-block-image size-large\"><img loading=\"lazy\" decoding=\"async\" width=\"1024\" height=\"701\" src=\"https:\/\/urpspharma.re\/wp-content\/uploads\/2024\/02\/IMG_20240219_155548-1024x701.jpg\" alt=\"\" class=\"wp-image-6316\" srcset=\"https:\/\/urpspharma.re\/wp-content\/uploads\/2024\/02\/IMG_20240219_155548-1024x701.jpg 1024w, https:\/\/urpspharma.re\/wp-content\/uploads\/2024\/02\/IMG_20240219_155548-300x205.jpg 300w, https:\/\/urpspharma.re\/wp-content\/uploads\/2024\/02\/IMG_20240219_155548-768x526.jpg 768w, https:\/\/urpspharma.re\/wp-content\/uploads\/2024\/02\/IMG_20240219_155548-1536x1052.jpg 1536w, https:\/\/urpspharma.re\/wp-content\/uploads\/2024\/02\/IMG_20240219_155548-2048x1403.jpg 2048w\" sizes=\"(max-width: 1024px) 100vw, 1024px\" \/><\/figure>\n<\/div>\n\n\n\n<div class=\"wp-block-column is-vertically-aligned-center is-layout-flow wp-block-column-is-layout-flow\" style=\"flex-basis:50%\">\n<p><\/p>\n\n\n\n<p><strong>Dans ce contexte, l\u2019\u00e9quipe du 3114 du Centre R\u00e9pondant de La R\u00e9union a le plaisir de vous adresser par voie postale un kit de communication du Num\u00e9ro National de Pr\u00e9vention du Suicide comprenant : 2 affiches &#8211; des cartes ressources &#8211; 1p plaquette de pr\u00e9sentation du num\u00e9ro 3114<\/strong><br>\u00a0<\/p>\n<\/div>\n<\/div>\n<\/div>\n<\/div><\/div>\n\n\n\n<p class=\"has-large-font-size\">Le 3114 en quelques mots<\/p>\n\n\n\n<div class=\"wp-block-columns is-layout-flex wp-container-core-columns-layout-3 wp-block-columns-is-layout-flex\">\n<div class=\"wp-block-column is-layout-flow wp-block-column-is-layout-flow\">\n<p><strong>\u25ba&nbsp;<\/strong><strong>Un num\u00e9ro disponible&nbsp;24h\/24 et 7j\/7 au niveau national, confidentiel et gratuit.<\/strong><\/p>\n\n\n\n<p>\u25ba&nbsp;<strong>Des r\u00e9pondants professionnels<\/strong>&nbsp;(infirmiers ou psychologues), supervis\u00e9s par un m\u00e9decin psychiatre, form\u00e9s \u00e0 la prise en charge de la souffrance psychique, \u00e0 la pr\u00e9vention du suicide et capables&nbsp;:<\/p>\n\n\n\n<ul>\n<li><strong>D\u2019\u00e9valuer le niveau de souffrance et l\u2019urgence suicidaire<\/strong><\/li>\n\n\n\n<li><strong>D\u2019\u00e9couter&nbsp;<\/strong>sans jugement et avec bienveillance<\/li>\n\n\n\n<li><strong>De soutenir&nbsp;<\/strong>et aider \u00e0 r\u00e9soudre la crise de fa\u00e7on ad\u00e9quate<\/li>\n\n\n\n<li><strong>D\u2019orienter&nbsp;<\/strong>vers les acteurs du territoire pour&nbsp;<strong>une prise en charge adapt\u00e9e&nbsp;<\/strong><\/li>\n\n\n\n<li><strong>D\u2019intervenir&nbsp;<\/strong>lorsque la personne est en situation de danger et de mettre en place les mesures pour<strong>&nbsp;la prot\u00e9ger<\/strong><\/li>\n\n\n\n<li><strong>D\u2019informer<\/strong><\/li>\n<\/ul>\n<\/div>\n\n\n\n<div class=\"wp-block-column is-layout-flow wp-block-column-is-layout-flow\">\n<p><strong>\u25ba Un service accessible&nbsp;\u00e0 tous&nbsp;:<\/strong><\/p>\n\n\n\n<ul>\n<li>Les personnes en souffrance<\/li>\n\n\n\n<li>L\u2019entourage inquiet pour un proche ou une personne en d\u00e9tresse<\/li>\n\n\n\n<li>Les personnes endeuill\u00e9es par suicide<\/li>\n\n\n\n<li>Les professionnels<\/li>\n<\/ul>\n\n\n\n<p><strong>\u25ba Un num\u00e9ro en&nbsp;<\/strong><strong>articulation avec les dispositifs d\u00e9j\u00e0 existants&nbsp;<\/strong>(SAMU, VigilanS, dispositifs d\u2019aide et d\u2019\u00e9coute \u00e0 distance, lignes professionnelles\u2026)<br><br>Le 3114 a aussi pour objectif de sensibiliser la population \u00e0 la probl\u00e9matique du suicide et \u00e0 sa pr\u00e9vention. Il promeut les efforts de pr\u00e9vention sur le territoire, en s\u2019inscrivant et en participant \u00e0 un \u00e9cosyst\u00e8me local sanitaire, social et m\u00e9dico-social.<\/p>\n<\/div>\n<\/div>\n\n\n\n<p class=\"has-large-font-size\">Vos outils de communication<\/p>\n\n\n\n<div class=\"wp-block-columns is-layout-flex wp-container-core-columns-layout-4 wp-block-columns-is-layout-flex\">\n<div class=\"wp-block-column is-layout-flow wp-block-column-is-layout-flow\">\n<figure class=\"wp-block-image size-large\"><img loading=\"lazy\" decoding=\"async\" width=\"724\" height=\"1024\" src=\"https:\/\/urpspharma.re\/wp-content\/uploads\/2024\/02\/Affiche_creoleReunion-scaled-1-724x1024.jpg\" alt=\"\" class=\"wp-image-6323\" srcset=\"https:\/\/urpspharma.re\/wp-content\/uploads\/2024\/02\/Affiche_creoleReunion-scaled-1-724x1024.jpg 724w, https:\/\/urpspharma.re\/wp-content\/uploads\/2024\/02\/Affiche_creoleReunion-scaled-1-212x300.jpg 212w, https:\/\/urpspharma.re\/wp-content\/uploads\/2024\/02\/Affiche_creoleReunion-scaled-1-768x1086.jpg 768w, https:\/\/urpspharma.re\/wp-content\/uploads\/2024\/02\/Affiche_creoleReunion-scaled-1-1086x1536.jpg 1086w, https:\/\/urpspharma.re\/wp-content\/uploads\/2024\/02\/Affiche_creoleReunion-scaled-1-1448x2048.jpg 1448w, https:\/\/urpspharma.re\/wp-content\/uploads\/2024\/02\/Affiche_creoleReunion-scaled-1.jpg 1810w\" sizes=\"(max-width: 724px) 100vw, 724px\" \/><\/figure>\n\n\n\n<p style=\"font-size:14px\"><a href=\"https:\/\/drive.google.com\/file\/d\/1BoTxwdSbzSZ5AOIz09FKB95mZFa6gSND\/view\" target=\"_blank\" rel=\"noreferrer noopener\">Affiche A4 en t\u00e9l\u00e9chargement<\/a><br><\/p>\n<\/div>\n\n\n\n<div class=\"wp-block-column is-layout-flow wp-block-column-is-layout-flow\">\n<div style=\"height:100px\" aria-hidden=\"true\" class=\"wp-block-spacer\"><\/div>\n\n\n\n<p style=\"font-size:14px\"><a href=\"https:\/\/drive.google.com\/file\/d\/1uvpYGfO-6kXYhY9Wx6lW4m8RCmyvDxML\/view\" target=\"_blank\" rel=\"noreferrer noopener\">Affiche A4 e<\/a><a href=\"https:\/\/drive.google.com\/file\/d\/1uvpYGfO-6kXYhY9Wx6lW4m8RCmyvDxML\/view\">n t\u00e9l\u00e9chargement<\/a><br><\/p>\n\n\n\n<figure class=\"wp-block-image size-large\"><img loading=\"lazy\" decoding=\"async\" width=\"724\" height=\"1024\" src=\"https:\/\/urpspharma.re\/wp-content\/uploads\/2024\/02\/Affiche-scaled-2-724x1024.jpg\" alt=\"\" class=\"wp-image-6324\" srcset=\"https:\/\/urpspharma.re\/wp-content\/uploads\/2024\/02\/Affiche-scaled-2-724x1024.jpg 724w, https:\/\/urpspharma.re\/wp-content\/uploads\/2024\/02\/Affiche-scaled-2-212x300.jpg 212w, https:\/\/urpspharma.re\/wp-content\/uploads\/2024\/02\/Affiche-scaled-2-768x1086.jpg 768w, https:\/\/urpspharma.re\/wp-content\/uploads\/2024\/02\/Affiche-scaled-2-1086x1536.jpg 1086w, https:\/\/urpspharma.re\/wp-content\/uploads\/2024\/02\/Affiche-scaled-2-1448x2048.jpg 1448w, https:\/\/urpspharma.re\/wp-content\/uploads\/2024\/02\/Affiche-scaled-2.jpg 1810w\" sizes=\"(max-width: 724px) 100vw, 724px\" \/><\/figure>\n<\/div>\n<\/div>\n\n\n\n<div class=\"wp-block-columns is-layout-flex wp-container-core-columns-layout-5 wp-block-columns-is-layout-flex\">\n<div class=\"wp-block-column is-layout-flow wp-block-column-is-layout-flow\">\n<figure class=\"wp-block-image size-large\"><img loading=\"lazy\" decoding=\"async\" width=\"724\" height=\"1024\" src=\"https:\/\/urpspharma.re\/wp-content\/uploads\/2024\/02\/Affiche-on-prend-le-relais-scaled-1-724x1024.jpg\" alt=\"\" class=\"wp-image-6325\" srcset=\"https:\/\/urpspharma.re\/wp-content\/uploads\/2024\/02\/Affiche-on-prend-le-relais-scaled-1-724x1024.jpg 724w, https:\/\/urpspharma.re\/wp-content\/uploads\/2024\/02\/Affiche-on-prend-le-relais-scaled-1-212x300.jpg 212w, https:\/\/urpspharma.re\/wp-content\/uploads\/2024\/02\/Affiche-on-prend-le-relais-scaled-1-768x1086.jpg 768w, https:\/\/urpspharma.re\/wp-content\/uploads\/2024\/02\/Affiche-on-prend-le-relais-scaled-1-1086x1536.jpg 1086w, https:\/\/urpspharma.re\/wp-content\/uploads\/2024\/02\/Affiche-on-prend-le-relais-scaled-1-1448x2048.jpg 1448w, https:\/\/urpspharma.re\/wp-content\/uploads\/2024\/02\/Affiche-on-prend-le-relais-scaled-1.jpg 1810w\" sizes=\"(max-width: 724px) 100vw, 724px\" \/><\/figure>\n\n\n\n<p style=\"font-size:14px\"><a href=\"https:\/\/drive.google.com\/file\/d\/1UgQheMM1pNQ9M6NjvcfiPMpd0zK40Fcj\/view\" target=\"_blank\" rel=\"noreferrer noopener\">Affiche A4 en t\u00e9l\u00e9chargement<\/a><\/p>\n<\/div>\n\n\n\n<div class=\"wp-block-column is-layout-flow wp-block-column-is-layout-flow\">\n<div style=\"height:100px\" aria-hidden=\"true\" class=\"wp-block-spacer\"><\/div>\n\n\n\n<p style=\"font-size:14px\"><a href=\"https:\/\/drive.google.com\/file\/d\/1ryi83CslwRE_3yhw-WYV4Vnenao_8wCM\/view\" target=\"_blank\" rel=\"noreferrer noopener\">Logo en <\/a><a href=\"https:\/\/drive.google.com\/file\/d\/1ryi83CslwRE_3yhw-WYV4Vnenao_8wCM\/view\">t\u00e9l\u00e9chargement<\/a><\/p>\n\n\n\n<figure class=\"wp-block-image size-large\"><img loading=\"lazy\" decoding=\"async\" width=\"1024\" height=\"570\" src=\"https:\/\/urpspharma.re\/wp-content\/uploads\/2024\/02\/Logo_def-1024x570.png\" alt=\"\" class=\"wp-image-6326\" srcset=\"https:\/\/urpspharma.re\/wp-content\/uploads\/2024\/02\/Logo_def-1024x570.png 1024w, https:\/\/urpspharma.re\/wp-content\/uploads\/2024\/02\/Logo_def-300x167.png 300w, https:\/\/urpspharma.re\/wp-content\/uploads\/2024\/02\/Logo_def-768x428.png 768w, https:\/\/urpspharma.re\/wp-content\/uploads\/2024\/02\/Logo_def-1536x855.png 1536w, https:\/\/urpspharma.re\/wp-content\/uploads\/2024\/02\/Logo_def-2048x1140.png 2048w\" sizes=\"(max-width: 1024px) 100vw, 1024px\" \/><\/figure>\n\n\n\n<p>Plus d&#8217;outils de communication<br><a href=\"https:\/\/3114.fr\/je-suis-professionnel\/je-veux-communiquer-sur-le-suicide-et-sa-prevention\/je-cherche-des-outils-de-communication\/\" target=\"_blank\" rel=\"noreferrer noopener\">>> site : 3114<\/a><\/p>\n<\/div>\n<\/div>\n\n\n\n<p><\/p>\n\n\n\n<figure class=\"wp-block-table\"><table><tbody><tr><td>Liens utiles :\u00a0<br><br>\u25basite :\u00a0<a href=\"https:\/\/3114.fr\/\" target=\"_blank\" rel=\"noreferrer noopener\">3114<\/a><br><a href=\"https:\/\/youtu.be\/G5LN-67g2Ag?si=lQc3wHGUr8_gVWiK\" target=\"_blank\" rel=\"noreferrer noopener\">spot officiel du 3114<\/a><br><br>\u25basite :\u00a0<a href=\"https:\/\/www.epsmr.org\/actualites\/77\/\" target=\"_blank\" rel=\"noreferrer noopener\">EPSMR<\/a><br><br>\u25basite : sante.gouv<br><a href=\"https:\/\/sante.gouv.fr\/prevention-en-sante\/sante-mentale\/la-prevention-du-suicide\/article\/le-dispositif-de-recontact-vigilans\" target=\"_blank\" rel=\"noreferrer noopener\">Le dispositif de recontact VigilanS<\/a><br><br>\u25basite : sante.gouv<br><a href=\"https:\/\/sante.gouv.fr\/prevention-en-sante\/preserver-sa-sante\/mon-bilan-prevention-les-rendez-vous-sante-aux-ages-cles-de-la-vie\/espace-professionnels\/article\/professionnels-de-sante-les-reponses-a-vos-questions\" target=\"_blank\" rel=\"noreferrer noopener\">Professionnels de sant\u00e9\u00a0: les r\u00e9ponses \u00e0 vos questions<\/a><\/td><\/tr><\/tbody><\/table><\/figure>\n\n\n\n<p><\/p>\n","protected":false},"excerpt":{"rendered":"<p>Comment le pharmacien peut-il contribuer \u00e0 pr\u00e9venir le suicide ? Num\u00e9ro National de Pr\u00e9vention Suicide (3114) s\u2019inscrit dans le cadre de la strat\u00e9gie globale de pr\u00e9vention du suicide. Il\u00a0permet de r\u00e9pondre aux besoins imm\u00e9diats des personnes en recherche d\u2019aide.Depuis le mois de janvier 2022, le Centre R\u00e9gional de Pr\u00e9vention du Suicide de l\u2019Etablissement Public de&hellip;<\/p>\n","protected":false},"author":3,"featured_media":6311,"comment_status":"open","ping_status":"open","sticky":false,"template":"","format":"standard","meta":{"footnotes":""},"categories":[182],"tags":[743,744,239],"amp_enabled":true,"_links":{"self":[{"href":"https:\/\/urpspharma.re\/index.php?rest_route=\/wp\/v2\/posts\/6310"}],"collection":[{"href":"https:\/\/urpspharma.re\/index.php?rest_route=\/wp\/v2\/posts"}],"about":[{"href":"https:\/\/urpspharma.re\/index.php?rest_route=\/wp\/v2\/types\/post"}],"author":[{"embeddable":true,"href":"https:\/\/urpspharma.re\/index.php?rest_route=\/wp\/v2\/users\/3"}],"replies":[{"embeddable":true,"href":"https:\/\/urpspharma.re\/index.php?rest_route=%2Fwp%2Fv2%2Fcomments&post=6310"}],"version-history":[{"count":9,"href":"https:\/\/urpspharma.re\/index.php?rest_route=\/wp\/v2\/posts\/6310\/revisions"}],"predecessor-version":[{"id":6327,"href":"https:\/\/urpspharma.re\/index.php?rest_route=\/wp\/v2\/posts\/6310\/revisions\/6327"}],"wp:featuredmedia":[{"embeddable":true,"href":"https:\/\/urpspharma.re\/index.php?rest_route=\/wp\/v2\/media\/6311"}],"wp:attachment":[{"href":"https:\/\/urpspharma.re\/index.php?rest_route=%2Fwp%2Fv2%2Fmedia&parent=6310"}],"wp:term":[{"taxonomy":"category","embeddable":true,"href":"https:\/\/urpspharma.re\/index.php?rest_route=%2Fwp%2Fv2%2Fcategories&post=6310"},{"taxonomy":"post_tag","embeddable":true,"href":"https:\/\/urpspharma.re\/index.php?rest_route=%2Fwp%2Fv2%2Ftags&post=6310"}],"curies":[{"name":"wp","href":"https:\/\/api.w.org\/{rel}","templated":true}]}}