{"id":6354,"date":"2023-11-24T08:49:24","date_gmt":"2023-11-24T04:49:24","guid":{"rendered":"https:\/\/urpspharma.re\/?p=6354"},"modified":"2024-02-28T09:34:22","modified_gmt":"2024-02-28T05:34:22","slug":"sante-sexuelle-du-27-novembre-au-2-decembre","status":"publish","type":"post","link":"https:\/\/urpspharma.re\/?p=6354","title":{"rendered":"#Sant\u00e9 sexuelle du 27 novembre au 2 d\u00e9cembre 2023"},"content":{"rendered":"<h2 style=\"text-align: center;\"><span style=\"color: #003366;\"># Semaine nationale <\/span><\/h2>\n<h2 style=\"text-align: center;\"><span style=\"color: #003366;\">\u00ab Pr\u00e9vention des IST \u00bb et \u00ab Grossesses non pr\u00e9vues \u00bb<\/span><\/h2>\n<p>Dans le cadre de la semaine de la sant\u00e9 sexuelle, l&#8217;URPS pharmaciens ainsi que les acteurs r\u00e9unionnais engag\u00e9s de Caress 974, avec l\u2019aide de l\u2019ARS, vont promouvoir cette campagne de communication aupr\u00e8s du grand public. Deux th\u00e9matiques ont \u00e9t\u00e9 retenues pour cette semaine.<\/p>\n<div dir=\"auto\"><img loading=\"lazy\" decoding=\"async\" class=\"aligncenter wp-image-6355 size-medium\" src=\"https:\/\/urpspharma.re\/wp-content\/uploads\/2024\/02\/Visuel-semaine-de-depistage-300x300.jpg\" alt=\"\" width=\"300\" height=\"300\" srcset=\"https:\/\/urpspharma.re\/wp-content\/uploads\/2024\/02\/Visuel-semaine-de-depistage-300x300.jpg 300w, https:\/\/urpspharma.re\/wp-content\/uploads\/2024\/02\/Visuel-semaine-de-depistage-1024x1024.jpg 1024w, https:\/\/urpspharma.re\/wp-content\/uploads\/2024\/02\/Visuel-semaine-de-depistage-150x150.jpg 150w, https:\/\/urpspharma.re\/wp-content\/uploads\/2024\/02\/Visuel-semaine-de-depistage-768x768.jpg 768w, https:\/\/urpspharma.re\/wp-content\/uploads\/2024\/02\/Visuel-semaine-de-depistage.jpg 1080w\" sizes=\"(max-width: 300px) 100vw, 300px\" \/><strong>\u00a0<\/strong><\/p>\n<h2 class=\"mc-toc-title\"><strong>Des questions ?\u00a0<\/strong><\/h2>\n<div>Rendez-vous sur le site<br \/>\n<strong>&gt;&gt; <a href=\"https:\/\/questionsexualite.fr\/\" target=\"_blank\" rel=\"noopener noreferrer\">questionsexualite.fr<\/a><\/strong><\/div>\n<div dir=\"auto\">&gt;&gt;<strong>Lieux de d\u00e9pistages en<a href=\"https:\/\/drive.google.com\/file\/d\/1-yNM6lE9X3WxJaobOaR9fAcC7lv6JExh\/view?usp=sharing\">\u00a0cliquant ICI<\/a><\/strong><\/div>\n<div dir=\"auto\">\n<h2><strong>Programme de la Semaine sant\u00e9 sexuelle 2023<\/strong><\/h2>\n<p>Les acteurs associatifs et les CeGIDD m\u00e8neront des actions de pr\u00e9vention et de d\u00e9pistages sur<br \/>\nl\u2019ensemble du territoire : d\u00e9pistage du VIH, des h\u00e9patites et des IST.<br \/>\n\u2022 <strong>Mardi 28 novembre :<\/strong><br \/>\no 9h-16h : Universit\u00e9 site Nord<br \/>\no 9h-15h : Cilaos Office du tourisme<\/p>\n<p>\u2022 <strong>Mercredi 29 novembre :<\/strong><br \/>\no 9h-16h : Square de la mairie Saint-Andr\u00e9<br \/>\no 9h-16h : Centre commercial Casabona<\/p>\n<p>\u2022<strong> Jeudi 30 novembre :<\/strong><br \/>\no 9h-15h : Mission locale Saint-Joseph<\/p>\n<p>\u2022 <strong>Vendredi 1er d\u00e9cembre :<\/strong><br \/>\no 13h-20h : Carr\u00e9 Cath\u00e9drale Saint-Denis<\/p>\n<p>o 19h30-23h30 : Soir\u00e9e \u00ab Portes ouvertes \u00bb &#8211; 11bis rue Saint-Jacques Saint-<br \/>\nDenis<\/p>\n<p>o 9h-15h : Place du Cimendef Saint-Paul<br \/>\no 10h-16h : Gare de Saint-Pierre<br \/>\no 18h-22h : Long Board caf\u00e9 Saint-Pierre<\/p>\n<p><strong>\u2022 Samedi 2 d\u00e9cembre :<\/strong><br \/>\nO 8h \u2013 15 h : CeGIDD Nord-Est au CHU F\u00e9lix Guyon<br \/>\nO 9h-11h : Salazie Hell Bourg<br \/>\nO 14h-16h : Sainte-Anne<br \/>\nO 9h \u2013 11h : Guillaume \u00e0 l\u2019association Kan d\u00e9 Marron<br \/>\nO 14h-16h : Dos D\u2019Ane \u00e0 la Maison du Quartier<br \/>\nO 7h-11h30 : March\u00e9 forain de la Possession<br \/>\nO 9h \u2013 12 h : Sur RDV au CEPS Saint-Paul au 0262 74 23 80<\/p>\n<\/div>\n<h2 style=\"text-align: center;\"><span style=\"color: #db2727;\"><strong>\u00a0<\/strong><\/span><\/h2>\n<\/div>\n<div dir=\"auto\"><\/div>\n<div dir=\"auto\"><\/div>\n<div dir=\"auto\"><\/div>\n","protected":false},"excerpt":{"rendered":"<p># Semaine nationale \u00ab Pr\u00e9vention des IST \u00bb et \u00ab Grossesses non pr\u00e9vues \u00bb Dans le cadre de la semaine de la sant\u00e9 sexuelle, l&#8217;URPS pharmaciens ainsi que les acteurs r\u00e9unionnais engag\u00e9s de Caress 974, avec l\u2019aide de l\u2019ARS, vont promouvoir cette campagne de communication aupr\u00e8s du grand public. Deux th\u00e9matiques ont \u00e9t\u00e9 retenues pour&hellip;<\/p>\n","protected":false},"author":3,"featured_media":6355,"comment_status":"open","ping_status":"open","sticky":false,"template":"","format":"standard","meta":{"footnotes":""},"categories":[183],"tags":[611,612,239],"amp_enabled":true,"_links":{"self":[{"href":"https:\/\/urpspharma.re\/index.php?rest_route=\/wp\/v2\/posts\/6354"}],"collection":[{"href":"https:\/\/urpspharma.re\/index.php?rest_route=\/wp\/v2\/posts"}],"about":[{"href":"https:\/\/urpspharma.re\/index.php?rest_route=\/wp\/v2\/types\/post"}],"author":[{"embeddable":true,"href":"https:\/\/urpspharma.re\/index.php?rest_route=\/wp\/v2\/users\/3"}],"replies":[{"embeddable":true,"href":"https:\/\/urpspharma.re\/index.php?rest_route=%2Fwp%2Fv2%2Fcomments&post=6354"}],"version-history":[{"count":2,"href":"https:\/\/urpspharma.re\/index.php?rest_route=\/wp\/v2\/posts\/6354\/revisions"}],"predecessor-version":[{"id":6358,"href":"https:\/\/urpspharma.re\/index.php?rest_route=\/wp\/v2\/posts\/6354\/revisions\/6358"}],"wp:featuredmedia":[{"embeddable":true,"href":"https:\/\/urpspharma.re\/index.php?rest_route=\/wp\/v2\/media\/6355"}],"wp:attachment":[{"href":"https:\/\/urpspharma.re\/index.php?rest_route=%2Fwp%2Fv2%2Fmedia&parent=6354"}],"wp:term":[{"taxonomy":"category","embeddable":true,"href":"https:\/\/urpspharma.re\/index.php?rest_route=%2Fwp%2Fv2%2Fcategories&post=6354"},{"taxonomy":"post_tag","embeddable":true,"href":"https:\/\/urpspharma.re\/index.php?rest_route=%2Fwp%2Fv2%2Ftags&post=6354"}],"curies":[{"name":"wp","href":"https:\/\/api.w.org\/{rel}","templated":true}]}}