{"id":6357,"date":"2023-11-24T09:15:31","date_gmt":"2023-11-24T05:15:31","guid":{"rendered":"https:\/\/urpspharma.re\/?p=6357"},"modified":"2024-02-28T09:34:00","modified_gmt":"2024-02-28T05:34:00","slug":"sante-sexuelle-du-27-novembre-au-2-decembre-2023","status":"publish","type":"post","link":"https:\/\/urpspharma.re\/?p=6357","title":{"rendered":"#Sant\u00e9 sexuelle du 27 novembre au 2 d\u00e9cembre 2023"},"content":{"rendered":"<h2 style=\"text-align: center;\"><span style=\"color: #003366;\"># Semaine nationale<\/span><\/h2>\n<h2 style=\"text-align: center;\"><span style=\"color: #003366;\">\u00ab Pr\u00e9vention des IST \u00bb et \u00ab Grossesses non pr\u00e9vues \u00bb<\/span><\/h2>\n<p>Votre URPS c&#8217;est engag\u00e9 en tant partenaire aupr\u00e8s de Caress974 dans le but, d&#8217;\u00eatre nous aussi, un acteur r\u00e9unionnais pour la sant\u00e9 sexuelle. Deux th\u00e9matiques ont \u00e9t\u00e9 retenues pour cette semaine.<\/p>\n<p><strong>Objectif de la semaine : <\/strong>informer,\u00a0initier\u00a0et g\u00e9n\u00e9raliser des actions de pr\u00e9vention et de d\u00e9pistages (VIH, h\u00e9patites, infections sexuellement transmissibles (IST), sant\u00e9 sexuelle et vie affective), en mettant en avant des th\u00e8mes communs importants en sant\u00e9 publique.<\/p>\n<p>Elle rappellera aussi, les r\u00e9centes mesures, portant sur :<\/p>\n<ul>\n<li>La gratuit\u00e9 d\u2019acc\u00e8s aux pr\u00e9servatifs externes pour les jeunes de moins de 26 ans en pharmacie,<\/li>\n<li>\u00a0La g\u00e9n\u00e9ralisation de l\u2019acc\u00e8s au d\u00e9pistage du VIH dans tous les laboratoires de biologie m\u00e9dicale, sans ordonnance, avec une prise en charge \u00e0 100%,<\/li>\n<li>La prise en charge \u00e0 100% de la contraception d&#8217;urgence pour toutes sans prescription (les consultations en sant\u00e9 sexuelle sont prises en charge \u00e0 100% aupr\u00e8s des m\u00e9decins et sage-femme)<\/li>\n<\/ul>\n<div dir=\"auto\"><img loading=\"lazy\" decoding=\"async\" class=\"aligncenter wp-image-6355 size-medium\" src=\"https:\/\/urpspharma.re\/wp-content\/uploads\/2024\/02\/Visuel-semaine-de-depistage-300x300.jpg\" alt=\"\" width=\"300\" height=\"300\" srcset=\"https:\/\/urpspharma.re\/wp-content\/uploads\/2024\/02\/Visuel-semaine-de-depistage-300x300.jpg 300w, https:\/\/urpspharma.re\/wp-content\/uploads\/2024\/02\/Visuel-semaine-de-depistage-1024x1024.jpg 1024w, https:\/\/urpspharma.re\/wp-content\/uploads\/2024\/02\/Visuel-semaine-de-depistage-150x150.jpg 150w, https:\/\/urpspharma.re\/wp-content\/uploads\/2024\/02\/Visuel-semaine-de-depistage-768x768.jpg 768w, https:\/\/urpspharma.re\/wp-content\/uploads\/2024\/02\/Visuel-semaine-de-depistage.jpg 1080w\" sizes=\"(max-width: 300px) 100vw, 300px\" \/><strong>\u00a0<\/strong><\/div>\n<div dir=\"auto\">\n<h1 style=\"text-align: center;\"><strong>Ensemble mobilisons-nous!<\/strong><\/h1>\n<\/div>\n<div dir=\"auto\">\n<h2 class=\"mc-toc-title\"><span style=\"color: #003366;\">Qui est Caress974 ?<\/span><\/h2>\n<p>Caress974 (Collectif des Acteurs Engag\u00e9s pour la Sant\u00e9 Sexuelle)<\/p>\n<p dir=\"ltr\">Ce collectif a vu le jour dans le cadre de la semaine de la promotion de la sant\u00e9 sexuelle mise en place dans la feuille de route de la Strat\u00e9gie Nationale de Sant\u00e9 par la DGS depuis 2021, pilot\u00e9e par l\u2019ARS et coordonn\u00e9e par le COREVIH.<\/p>\n<p dir=\"ltr\">Caress 974 a pour but d\u2019avoir une identit\u00e9 commune pour un ensemble d\u2019acteurs engag\u00e9s dans la sant\u00e9 sexuelle, avec une identit\u00e9 facilement rep\u00e9rable par les R\u00e9unionnais, ce collectif se veut un gage s\u00e9rieux, de confiance et d\u2019informations fiables.<\/p>\n<p dir=\"ltr\">Il a donc pour objectif de promouvoir, d\u2019informer et de sensibiliser \u00e0 la sant\u00e9 sexuelle, avec une approche positive de la sexualit\u00e9.<\/p>\n<p dir=\"ltr\"><img loading=\"lazy\" decoding=\"async\" class=\"aligncenter size-medium wp-image-5736\" src=\"https:\/\/urpspharma.re\/wp-content\/uploads\/2023\/08\/CARESS-974-LOGO-PARTENAIRES-300x300.jpg\" alt=\"\" width=\"300\" height=\"300\" srcset=\"https:\/\/urpspharma.re\/wp-content\/uploads\/2023\/08\/CARESS-974-LOGO-PARTENAIRES-300x300.jpg 300w, https:\/\/urpspharma.re\/wp-content\/uploads\/2023\/08\/CARESS-974-LOGO-PARTENAIRES-150x150.jpg 150w, https:\/\/urpspharma.re\/wp-content\/uploads\/2023\/08\/CARESS-974-LOGO-PARTENAIRES-768x768.jpg 768w, https:\/\/urpspharma.re\/wp-content\/uploads\/2023\/08\/CARESS-974-LOGO-PARTENAIRES-1024x1024.jpg 1024w, https:\/\/urpspharma.re\/wp-content\/uploads\/2023\/08\/CARESS-974-LOGO-PARTENAIRES.jpg 1201w\" sizes=\"(max-width: 300px) 100vw, 300px\" \/><\/p>\n<h2 class=\"mc-toc-title\"><span style=\"color: #003366;\">Programme de la semaine<\/span><\/h2>\n<p>Les acteurs associatifs et les CeGIDD m\u00e8neront des actions de pr\u00e9vention et de d\u00e9pistages sur<br \/>\nl\u2019ensemble du territoire : d\u00e9pistage du VIH, des h\u00e9patites et des IST.<br \/>\n\u2022 <strong>Mardi 28 novembre :<\/strong><br \/>\no 9h-16h : Universit\u00e9 site Nord<br \/>\no 9h-15h : Cilaos Office du tourisme<\/p>\n<p>\u2022 <strong>Mercredi 29 novembre :<\/strong><br \/>\no 9h-16h : Square de la mairie Saint-Andr\u00e9<br \/>\no 9h-16h : Centre commercial Casabona<\/p>\n<p>\u2022<strong> Jeudi 30 novembre :<\/strong><br \/>\no 9h-15h : Mission locale Saint-Joseph<\/p>\n<p>\u2022 <strong>Vendredi 1er d\u00e9cembre :<\/strong><br \/>\no 13h-20h : Carr\u00e9 Cath\u00e9drale Saint-Denis<\/p>\n<p>o 19h30-23h30 : Soir\u00e9e \u00ab Portes ouvertes \u00bb &#8211; 11bis rue Saint-Jacques Saint-<br \/>\nDenis<\/p>\n<p>o 9h-15h : Place du Cimendef Saint-Paul<br \/>\no 10h-16h : Gare de Saint-Pierre<br \/>\no 18h-22h : Long Board caf\u00e9 Saint-Pierre<\/p>\n<p><strong>\u2022 Samedi 2 d\u00e9cembre :<\/strong><br \/>\nO 8h \u2013 15 h : CeGIDD Nord-Est au CHU F\u00e9lix Guyon<br \/>\nO 9h-11h : Salazie Hell Bourg<br \/>\nO 14h-16h : Sainte-Anne<br \/>\nO 9h \u2013 11h : Guillaume \u00e0 l\u2019association Kan d\u00e9 Marron<br \/>\nO 14h-16h : Dos D\u2019Ane \u00e0 la Maison du Quartier<br \/>\nO 7h-11h30 : March\u00e9 forain de la Possession<br \/>\nO 9h \u2013 12 h : Sur RDV au CEPS Saint-Paul au 0262 74 23 80<\/p>\n<p><strong>RAPPEL<\/strong><\/p>\n<blockquote><p>&gt;&gt; <a href=\"https:\/\/drive.google.com\/file\/d\/1e9j22TR_S-3r_uEFQbuS0DYxdOiEaf5R\/view?usp=sharing\" target=\"_blank\" rel=\"noopener noreferrer\">Combien \u00e7a co\u00fbte les capotes ? 0\u20ac pour les moins de 26 ans<\/a><strong>\u00a0(<\/strong>format A4)<\/p>\n<p>&gt;&gt; <a href=\"https:\/\/drive.google.com\/file\/d\/1gD3XeeDzc7u_bdLQyJ7kpyKyn_eg61cF\/view?usp=sharing\" target=\"_blank\" rel=\"noopener noreferrer\">C\u2019est combien la contraception d\u2019urgence\u00a0? 0\u20ac pour tout le monde<\/a> (format A4)<\/p><\/blockquote>\n<\/div>\n<blockquote><p>&gt;&gt; <a href=\"https:\/\/drive.google.com\/file\/d\/1vBQy8PFw4ggBYuuW0CT5EenxHl-ZlXB7\/view?usp=sharing\" target=\"_blank\" rel=\"noopener noreferrer\">\u00c7a co\u00fbte combien un d\u00e9pistage VIH ? 0\u20ac pour tout le monde<\/a><\/p><\/blockquote>\n<div dir=\"auto\">\n<h2 class=\"mc-toc-title\"><span style=\"color: #003366;\"><strong>Des questions ?<\/strong><\/span><\/h2>\n<div>Rendez-vous sur le site<br \/>\n<strong>&gt;&gt; <a href=\"https:\/\/questionsexualite.fr\/\" target=\"_blank\" rel=\"noopener noreferrer\">questionsexualite.fr<\/a><\/strong><\/div>\n<div dir=\"auto\">&gt;&gt;<strong><a href=\"http:\/\/www.corevih.re\/\" target=\"_blank\" rel=\"noopener\" data-saferedirecturl=\"https:\/\/www.google.com\/url?q=http:\/\/www.corevih.re&amp;source=gmail&amp;ust=1709183265023000&amp;usg=AOvVaw1sdT7YTCL3qqX5FDVE5PeW\">www.corevih.re<\/a><\/strong><\/div>\n<div dir=\"auto\">\n<h2 class=\"mc-toc-title\"><span style=\"color: #003366;\">Modalit\u00e9s de facturation<\/span><\/h2>\n<p>Depuis le 1er janvier 2023, les pr\u00e9servatifs inscrits sur\u00a0<a href=\"https:\/\/www.ameli.fr\/la-reunion\/pharmacien\/exercice-professionnel\/delivrance-produits-sante\/bases-codage-lpp-medicaments\/liste-produits-prestations-lpp\" rel=\"nofollow\" data-entity-substitution=\"canonical\" data-entity-type=\"node\" data-entity-uuid=\"972d27cf-3f4f-4004-b589-399f882944d7\" data-xiti-chapter-1=\"ameli_article\" data-xiti-chapter-2=\"\" data-xiti-chapter-3=\"\" data-xiti-level-2=\"5\" data-xiti-name=\"Liste_des_produits_et_prestations_LPP\" data-xiti-type=\"download\">la liste des produits et prestations remboursables<\/a> (de marque \u00ab\u00a0Eden\u00a0\u00bb et \u00ab\u00a0Sortez couverts\u00a0!\u00a0\u00bb) peuvent \u00eatre pris en charge par l\u2019Assurance Maladie sans prescription m\u00e9dicale pour toute personne de moins de 26\u00a0ans, homme et femme sans minimum d\u2019\u00e2ge.<\/p>\n<p>&gt;&gt;\u00a0<a href=\"https:\/\/www.ameli.fr\/la-reunion\/pharmacien\/exercice-professionnel\/delivrance-produits-sante\/regles-delivrance-prise-charge\/delivrance-contraception\" target=\"_blank\" rel=\"noopener noreferrer\">En savoir plus site ameli.fr<\/a><\/p>\n<\/div>\n<\/div>\n<div dir=\"auto\"><\/div>\n<div dir=\"auto\"><\/div>\n<div dir=\"auto\"><\/div>\n","protected":false},"excerpt":{"rendered":"<p># Semaine nationale \u00ab Pr\u00e9vention des IST \u00bb et \u00ab Grossesses non pr\u00e9vues \u00bb Votre URPS c&#8217;est engag\u00e9 en tant partenaire aupr\u00e8s de Caress974 dans le but, d&#8217;\u00eatre nous aussi, un acteur r\u00e9unionnais pour la sant\u00e9 sexuelle. Deux th\u00e9matiques ont \u00e9t\u00e9 retenues pour cette semaine. Objectif de la semaine : informer,\u00a0initier\u00a0et g\u00e9n\u00e9raliser des actions de&hellip;<\/p>\n","protected":false},"author":3,"featured_media":6355,"comment_status":"open","ping_status":"open","sticky":false,"template":"","format":"standard","meta":{"footnotes":""},"categories":[182],"tags":[611,612,239],"amp_enabled":true,"_links":{"self":[{"href":"https:\/\/urpspharma.re\/index.php?rest_route=\/wp\/v2\/posts\/6357"}],"collection":[{"href":"https:\/\/urpspharma.re\/index.php?rest_route=\/wp\/v2\/posts"}],"about":[{"href":"https:\/\/urpspharma.re\/index.php?rest_route=\/wp\/v2\/types\/post"}],"author":[{"embeddable":true,"href":"https:\/\/urpspharma.re\/index.php?rest_route=\/wp\/v2\/users\/3"}],"replies":[{"embeddable":true,"href":"https:\/\/urpspharma.re\/index.php?rest_route=%2Fwp%2Fv2%2Fcomments&post=6357"}],"version-history":[{"count":1,"href":"https:\/\/urpspharma.re\/index.php?rest_route=\/wp\/v2\/posts\/6357\/revisions"}],"predecessor-version":[{"id":6359,"href":"https:\/\/urpspharma.re\/index.php?rest_route=\/wp\/v2\/posts\/6357\/revisions\/6359"}],"wp:featuredmedia":[{"embeddable":true,"href":"https:\/\/urpspharma.re\/index.php?rest_route=\/wp\/v2\/media\/6355"}],"wp:attachment":[{"href":"https:\/\/urpspharma.re\/index.php?rest_route=%2Fwp%2Fv2%2Fmedia&parent=6357"}],"wp:term":[{"taxonomy":"category","embeddable":true,"href":"https:\/\/urpspharma.re\/index.php?rest_route=%2Fwp%2Fv2%2Fcategories&post=6357"},{"taxonomy":"post_tag","embeddable":true,"href":"https:\/\/urpspharma.re\/index.php?rest_route=%2Fwp%2Fv2%2Ftags&post=6357"}],"curies":[{"name":"wp","href":"https:\/\/api.w.org\/{rel}","templated":true}]}}