{"id":6364,"date":"2023-11-23T07:27:40","date_gmt":"2023-11-23T03:27:40","guid":{"rendered":"https:\/\/urpspharma.re\/?p=6364"},"modified":"2024-03-13T07:38:43","modified_gmt":"2024-03-13T03:38:43","slug":"soiree-urps-jeudi-07-decembre-2023-rappel-du-juridique-en-officine","status":"publish","type":"post","link":"https:\/\/urpspharma.re\/?p=6364","title":{"rendered":"Soir\u00e9e URPS : Jeudi 07 d\u00e9cembre 2023 &#8211; Rappel du juridique en officine"},"content":{"rendered":"<h2 style=\"text-align: center;\"><span style=\"color: #cc0000;\"><strong>Jeudi 07 d\u00e9cembre 2023 \u00e0 19h00 <\/strong><\/span><\/h2>\n<h2 style=\"text-align: center;\"><span style=\"color: #cc0000;\"><strong>H\u00f4tel le Lux &#8211; La Saline les Bains<\/strong><\/span><\/h2>\n\n\n<p>Votre URPS a le plaisir de vous accueillir lors de la soir\u00e9e sur<\/p>\n\n\n\n<h2 class=\"wp-block-heading has-text-align-center\"><strong>Comment communiquer en toute d\u00e9ontologie ?<br>Information &#8211; Communication &#8211; R\u00e9seaux sociaux<br>et Publicit\u00e9 en officine<\/strong><\/h2>\n\n\n\n<p>en\u00a0partenariat avec l&#8217;ARS de la R\u00e9union et l&#8217;Ordre des pharmaciens<br><br>Cette soir\u00e9e sera anim\u00e9e par le Dr J\u00e9r\u00f4me SCHMIDT &#8211;\u00a0Pharmacien inspecteur g\u00e9n\u00e9ral de sant\u00e9 publique et par le Dr Claude MARODON &#8211; Pr\u00e9sident de d\u00e9l\u00e9gation ordre des pharmaciens<\/p>\n\n\n\n<p class=\"has-vivid-red-color has-text-color\"><strong>Soir\u00e9e gratuite&nbsp;mais l&#8217;inscription est obligatoire.<br>A l&#8217;issue de la soir\u00e9e, un cocktail d\u00eenatoire vous sera propos\u00e9.&nbsp;<\/strong><\/p>\n\n\n\n<h4 class=\"wp-block-heading has-text-align-center\"><strong>Inscrivez-vous d\u00e8s maintenant!<\/strong><\/h4>\n\n\n<div class=\"wp-block-image\">\n<figure class=\"aligncenter is-resized\"><a href=\"https:\/\/docs.google.com\/forms\/d\/e\/1FAIpQLScmdXcRbQLToYQQw5VJjThEYxmZ9SqAzlchymVhsbpdcc2O8w\/closedform\" target=\"_blank\" rel=\"noreferrer noopener\"><img loading=\"lazy\" decoding=\"async\" width=\"849\" height=\"84\" src=\"https:\/\/urpspharma.re\/wp-content\/uploads\/2022\/08\/bouton-inscription.png\" alt=\"\" class=\"wp-image-5256\" style=\"width:637px;height:63px\" srcset=\"https:\/\/urpspharma.re\/wp-content\/uploads\/2022\/08\/bouton-inscription.png 849w, https:\/\/urpspharma.re\/wp-content\/uploads\/2022\/08\/bouton-inscription-300x30.png 300w, https:\/\/urpspharma.re\/wp-content\/uploads\/2022\/08\/bouton-inscription-768x76.png 768w\" sizes=\"(max-width: 849px) 100vw, 849px\" \/><\/a><\/figure><\/div>\n\n<div class=\"wp-block-image\">\n<figure class=\"aligncenter size-large\"><img loading=\"lazy\" decoding=\"async\" width=\"724\" height=\"1024\" src=\"https:\/\/urpspharma.re\/wp-content\/uploads\/2024\/03\/soiree_7-dec-2023_vf1-724x1024.png\" alt=\"\" class=\"wp-image-6365\" srcset=\"https:\/\/urpspharma.re\/wp-content\/uploads\/2024\/03\/soiree_7-dec-2023_vf1-724x1024.png 724w, https:\/\/urpspharma.re\/wp-content\/uploads\/2024\/03\/soiree_7-dec-2023_vf1-212x300.png 212w, https:\/\/urpspharma.re\/wp-content\/uploads\/2024\/03\/soiree_7-dec-2023_vf1-768x1086.png 768w, https:\/\/urpspharma.re\/wp-content\/uploads\/2024\/03\/soiree_7-dec-2023_vf1-1086x1536.png 1086w, https:\/\/urpspharma.re\/wp-content\/uploads\/2024\/03\/soiree_7-dec-2023_vf1.png 1414w\" sizes=\"(max-width: 724px) 100vw, 724px\" \/><\/figure><\/div>\n\n\n<h4 class=\"wp-block-heading has-text-align-center\"><strong>Nous comptons sur votre participation.<br>N&#8217;h\u00e9sitez pas \u00e0 relayer cette information aupr\u00e8s de vos confr\u00e8res.<\/strong><\/h4>\n\n\n\n<h4 class=\"wp-block-heading has-text-align-center\"><strong>Au plaisir de ce retrouver!<\/strong><\/h4>\n","protected":false},"excerpt":{"rendered":"<p>Jeudi 07 d\u00e9cembre 2023 \u00e0 19h00 H\u00f4tel le Lux &#8211; La Saline les Bains Votre URPS a le plaisir de vous accueillir lors de la soir\u00e9e sur Comment communiquer en toute d\u00e9ontologie ?Information &#8211; Communication &#8211; R\u00e9seaux sociauxet Publicit\u00e9 en officine en\u00a0partenariat avec l&#8217;ARS de la R\u00e9union et l&#8217;Ordre des pharmaciens Cette soir\u00e9e sera anim\u00e9e&hellip;<\/p>\n","protected":false},"author":3,"featured_media":6365,"comment_status":"open","ping_status":"open","sticky":false,"template":"","format":"standard","meta":{"footnotes":""},"categories":[182,262,261],"tags":[587,751,264,599,239],"amp_enabled":true,"_links":{"self":[{"href":"https:\/\/urpspharma.re\/index.php?rest_route=\/wp\/v2\/posts\/6364"}],"collection":[{"href":"https:\/\/urpspharma.re\/index.php?rest_route=\/wp\/v2\/posts"}],"about":[{"href":"https:\/\/urpspharma.re\/index.php?rest_route=\/wp\/v2\/types\/post"}],"author":[{"embeddable":true,"href":"https:\/\/urpspharma.re\/index.php?rest_route=\/wp\/v2\/users\/3"}],"replies":[{"embeddable":true,"href":"https:\/\/urpspharma.re\/index.php?rest_route=%2Fwp%2Fv2%2Fcomments&post=6364"}],"version-history":[{"count":1,"href":"https:\/\/urpspharma.re\/index.php?rest_route=\/wp\/v2\/posts\/6364\/revisions"}],"predecessor-version":[{"id":6366,"href":"https:\/\/urpspharma.re\/index.php?rest_route=\/wp\/v2\/posts\/6364\/revisions\/6366"}],"wp:featuredmedia":[{"embeddable":true,"href":"https:\/\/urpspharma.re\/index.php?rest_route=\/wp\/v2\/media\/6365"}],"wp:attachment":[{"href":"https:\/\/urpspharma.re\/index.php?rest_route=%2Fwp%2Fv2%2Fmedia&parent=6364"}],"wp:term":[{"taxonomy":"category","embeddable":true,"href":"https:\/\/urpspharma.re\/index.php?rest_route=%2Fwp%2Fv2%2Fcategories&post=6364"},{"taxonomy":"post_tag","embeddable":true,"href":"https:\/\/urpspharma.re\/index.php?rest_route=%2Fwp%2Fv2%2Ftags&post=6364"}],"curies":[{"name":"wp","href":"https:\/\/api.w.org\/{rel}","templated":true}]}}