{"id":6401,"date":"2024-03-19T11:33:06","date_gmt":"2024-03-19T07:33:06","guid":{"rendered":"https:\/\/urpspharma.re\/?p=6401"},"modified":"2024-03-27T11:33:51","modified_gmt":"2024-03-27T07:33:51","slug":"formation-2024-cancer-colorectal","status":"publish","type":"post","link":"https:\/\/urpspharma.re\/?p=6401","title":{"rendered":"Formation 2024 : Cancer colorectal"},"content":{"rendered":"\n<h2 class=\"wp-block-heading has-text-align-center has-medium-font-size\">Des formations certifiantes pour 2024<\/h2>\n\n\n\n<p>Votre URPS et le CRCDC ont travaill\u00e9 conjointement afin de vous proposer une\u00a0<strong>formation e-learning<\/strong>\u00a0vous permettant d\u2019acqu\u00e9rir les\u00a0<strong>connaissances indispensables<\/strong>\u00a0et\u00a0<strong>d\u2019appr\u00e9hender les situations pratiques<\/strong>\u00a0auxquelles vous serez confront\u00e9s dans le cadre de la d\u00e9livrance des\u00a0<strong>kits de d\u00e9pistage du cancer colorectal<\/strong>\u00a0au sein de votre officine.<\/p>\n\n\n\n<div class=\"wp-block-media-text has-media-on-the-right is-stacked-on-mobile\" style=\"grid-template-columns:auto 27%\"><div class=\"wp-block-media-text__content\">\n<p>Votre URPS et le CRCDC ont travaill\u00e9 conjointement afin de vous proposer une\u00a0<strong>formation e-learning<\/strong>\u00a0vous permettant d\u2019acqu\u00e9rir les\u00a0<strong>connaissances indispensables<\/strong>\u00a0et\u00a0<strong>d\u2019appr\u00e9hender les situations pratiques<\/strong>\u00a0auxquelles vous serez confront\u00e9s dans le cadre de la d\u00e9livrance des\u00a0<strong>kits de d\u00e9pistage du cancer colorectal<\/strong>\u00a0au sein de votre officine.<\/p>\n\n\n\n<p>Cet e-learning, d\u00e9velopp\u00e9 en partenariat avec DOCTRIO, vous permettra d\u2019obtenir l\u2019<strong>attestation de formation obligatoire\u00a0<\/strong>pour la remise des kits aux personnes \u00e9ligibles, d\u00e9livr\u00e9e par le CRCDC, et ainsi contribuer \u00e0 atteindre les recommandations europ\u00e9ennes de 65% de taux de participation.<\/p>\n<\/div><figure class=\"wp-block-media-text__media\"><img loading=\"lazy\" decoding=\"async\" width=\"768\" height=\"1024\" src=\"https:\/\/urpspharma.re\/wp-content\/uploads\/2024\/03\/composition-du-kit-768x1024.jpeg\" alt=\"\" class=\"wp-image-6413 size-full\" srcset=\"https:\/\/urpspharma.re\/wp-content\/uploads\/2024\/03\/composition-du-kit-768x1024.jpeg 768w, https:\/\/urpspharma.re\/wp-content\/uploads\/2024\/03\/composition-du-kit-225x300.jpeg 225w, https:\/\/urpspharma.re\/wp-content\/uploads\/2024\/03\/composition-du-kit-1152x1536.jpeg 1152w, https:\/\/urpspharma.re\/wp-content\/uploads\/2024\/03\/composition-du-kit.jpeg 1200w\" sizes=\"(max-width: 768px) 100vw, 768px\" \/><\/figure><\/div>\n\n\n\n<div class=\"wp-block-media-text is-stacked-on-mobile\" style=\"grid-template-columns:30% auto\"><figure class=\"wp-block-media-text__media\"><img loading=\"lazy\" decoding=\"async\" width=\"580\" height=\"326\" src=\"https:\/\/urpspharma.re\/wp-content\/uploads\/2024\/03\/formation.jpg\" alt=\"\" class=\"wp-image-6414 size-full\" srcset=\"https:\/\/urpspharma.re\/wp-content\/uploads\/2024\/03\/formation.jpg 580w, https:\/\/urpspharma.re\/wp-content\/uploads\/2024\/03\/formation-300x169.jpg 300w\" sizes=\"(max-width: 580px) 100vw, 580px\" \/><\/figure><div class=\"wp-block-media-text__content\">\n<p>Cette formation courte et interactive, con\u00e7ue avec Doctrio, peut \u00eatre suivie \u00e0 votre rythme, quand vous le souhaitez, sans aucun co\u00fbt \u00e0 votre charge et est \u00e9galement validante pour vos obligations 2024\u00a0de formation continue.<\/p>\n\n\n\n<div class=\"wp-block-buttons is-layout-flex wp-block-buttons-is-layout-flex\">\n<div class=\"wp-block-button has-custom-width wp-block-button__width-100\"><a class=\"wp-block-button__link wp-element-button\" href=\"https:\/\/www.depistage-cancers-la-reunion.re\/formations\/\" target=\"_blank\" rel=\"noreferrer noopener\">Information et inscription<\/a><\/div>\n<\/div>\n<\/div><\/div>\n\n\n\n<p>D\u00e8s que vous aurez termin\u00e9 la formation, vous recevrez instantan\u00e9ment l&#8217;attestation obligatoire et nominative du CRCDC La r\u00e9union vous autorisant officiellement \u00e0 d\u00e9livrer les kits de d\u00e9pistage du cancer colorectal dans votre officine.<\/p>\n\n\n\n<h2 class=\"wp-block-heading\">Vous \u00eates habilit\u00e9 \u00e0 distribuer le kit, \u00eates-vous bien r\u00e9pertori\u00e9\u00a0sur la carte 974 en ligne ?<\/h2>\n\n\n\n<div class=\"wp-block-media-text is-stacked-on-mobile\" style=\"grid-template-columns:31% auto\"><figure class=\"wp-block-media-text__media\"><a href=\"https:\/\/www.depistage-cancers-la-reunion.re\/liste-des-pharmaciens\/\" target=\"_blank\" rel=\"noreferrer noopener\"><img loading=\"lazy\" decoding=\"async\" width=\"1024\" height=\"724\" src=\"https:\/\/urpspharma.re\/wp-content\/uploads\/2024\/03\/cancer-colorectal-carte-phies-1024x724.png\" alt=\"\" class=\"wp-image-6411 size-full\" srcset=\"https:\/\/urpspharma.re\/wp-content\/uploads\/2024\/03\/cancer-colorectal-carte-phies-1024x724.png 1024w, https:\/\/urpspharma.re\/wp-content\/uploads\/2024\/03\/cancer-colorectal-carte-phies-300x212.png 300w, https:\/\/urpspharma.re\/wp-content\/uploads\/2024\/03\/cancer-colorectal-carte-phies-768x543.png 768w, https:\/\/urpspharma.re\/wp-content\/uploads\/2024\/03\/cancer-colorectal-carte-phies-1536x1086.png 1536w, https:\/\/urpspharma.re\/wp-content\/uploads\/2024\/03\/cancer-colorectal-carte-phies.png 2000w\" sizes=\"(max-width: 1024px) 100vw, 1024px\" \/><\/a><\/figure><div class=\"wp-block-media-text__content\">\n<p><strong>Point sur l&#8217;action Formation des pharmaciens \u00e0 la remise du kit du d\u00e9pistage du cancer colorectal<\/strong><\/p>\n\n\n\n<p>1 an apr\u00e8s son lancement 246 personnes ont \u00e9t\u00e9 form\u00e9es et 165 pharmacies sont habilit\u00e9es \u00e0 distribuer les kits.<\/p>\n\n\n\n<p><strong>Vous \u00eates habilit\u00e9 \u00e0 distribuer le kit et vous n&#8217;\u00eates pas encore r\u00e9pertori\u00e9&nbsp;sur la carte 974 en ligne<\/strong><br>Merci de contacter le CRCDC au 0262 30 90 90&nbsp;<br>Une mise \u00e0 jour des adresses sera effectu\u00e9e \u00e0 partir du 1er avril 2024.<\/p>\n<\/div><\/div>\n\n\n<h2 class=\"null\" style=\"text-align: left;\"><span style=\"color: revert; font-size: revert; font-weight: revert;\">En quoi consiste le d\u00e9pistage et quelles sont les personnes \u00e9ligibles ?<\/span><\/h2>\n\n\n<figure class=\"wp-block-table aligncenter\"><table><tbody><tr><td><strong>CE QUI CHANGE EN PRATIQUE EN 2024<\/strong><br>\u00c0 partir de 2024, vos patients de 50 \u00e0 74 ans concern\u00e9s par le d\u00e9pistage organis\u00e9 du cancer colorectal sont\u00a0<strong>invit\u00e9s par l\u2019Assurance Maladie<\/strong>.<br>D\u00e9sormais,\u00a0<strong>la 1re relance et la 2e relance (lorsqu\u2019elle ne comporte pas de kit) sont d\u00e9mat\u00e9rialis\u00e9es et d\u00e9pos\u00e9es dans le compte ameli du patient<\/strong>. Contrairement \u00e0 l\u2019invitation, ces relances ne comprennent pas d\u2019\u00e9tiquettes.<br><strong>Si votre patient ne dispose plus de son invitation avec \u00e9tiquettes, il peut s\u2019adresser \u00e0 sa CPAM\/CGSS au 3646 afin qu\u2019une nouvelle invitation lui soit adress\u00e9e<\/strong>.<br>Concernant l\u2019obtention des\u00a0<strong>r\u00e9sultats<\/strong>\u00a0pour le patient, la modalit\u00e9 de r\u00e9ception \u00e9volue avec leur\u00a0<strong>mise \u00e0 disposition par lien SMS<\/strong>, sous r\u00e9serve que celui-ci ait renseign\u00e9 son num\u00e9ro de t\u00e9l\u00e9phone sur la fiche d\u2019identification. \u00c0 d\u00e9faut, il recevra ses r\u00e9sultats par courrier.<\/td><\/tr><\/tbody><\/table><\/figure>\n\n\n\n<p>Enti\u00e8rement gratuit pour le patient, ce d\u00e9pistage repose sur la r\u00e9alisation d\u2019un test immunologique (recherche de sang occulte dans les selles).<br>Le pr\u00e9l\u00e8vement est effectu\u00e9&nbsp;par la personne&nbsp;\u00e0 son domicile.<\/p>\n\n\n\n<ul>\n<li>La cible : les femmes et les hommes de 50 \u00e0 74 ans, \u00e0 risque moyen de d\u00e9velopper un cancer colorectal (asymptomatiques et sans ant\u00e9c\u00e9dents).<\/li>\n\n\n\n<li>P\u00e9riodicit\u00e9 : un test \u00e0 r\u00e9aliser tous les deux ans.<\/li>\n<\/ul>\n\n\n\n<p>L&#8217;assurance maladie est charg\u00e9e de l\u2019organisation du d\u00e9pistage : tous les 2 ans, les r\u00e9unionnais \u00e2g\u00e9s de 50 \u00e0 74 ans re\u00e7oivent un courrier les invitant \u00e0 retirer le test chez leur m\u00e9decin traitant ou aupr\u00e8s de leur pharmacien.<\/p>\n\n\n\n<div class=\"wp-block-media-text is-stacked-on-mobile\" style=\"grid-template-columns:30% auto\"><figure class=\"wp-block-media-text__media\"><img loading=\"lazy\" decoding=\"async\" width=\"892\" height=\"500\" src=\"https:\/\/urpspharma.re\/wp-content\/uploads\/2024\/03\/video-depistage-du-cancer-colorectal.png\" alt=\"\" class=\"wp-image-6415 size-full\" srcset=\"https:\/\/urpspharma.re\/wp-content\/uploads\/2024\/03\/video-depistage-du-cancer-colorectal.png 892w, https:\/\/urpspharma.re\/wp-content\/uploads\/2024\/03\/video-depistage-du-cancer-colorectal-300x168.png 300w, https:\/\/urpspharma.re\/wp-content\/uploads\/2024\/03\/video-depistage-du-cancer-colorectal-768x430.png 768w\" sizes=\"(max-width: 892px) 100vw, 892px\" \/><\/figure><div class=\"wp-block-media-text__content\">\n<p><strong>Attention :<\/strong><br>Le programme national de d\u00e9pistage concerne les personnes ne pr\u00e9sentant\u00a0<br>&#8211; ni\u00a0<a href=\"https:\/\/www.e-cancer.fr\/Patients-et-proches\/Les-cancers\/Cancer-du-colon\/Les-points-cles#toc-quels-sont-les-sympt-mes-d-un-cancer-du-c-lon-\" target=\"_blank\" rel=\"noreferrer noopener\">sympt\u00f4me<\/a>,<br>&#8211; ni\u00a0<a href=\"https:\/\/www.e-cancer.fr\/Patients-et-proches\/Les-cancers\/Cancer-du-colon\/Les-points-cles#toc-quels-sont-les-causes-ou-facteurs-de-risque-d-un-cancer-du-c-lon-\" target=\"_blank\" rel=\"noreferrer noopener\">ant\u00e9c\u00e9dents personnels ou familiaux<\/a>\u00a0de polype, de cancer ou de maladie touchant le c\u00f4lon ou le rectum,<br>&#8211; ni\u00a0<a href=\"https:\/\/www.e-cancer.fr\/Patients-et-proches\/Les-cancers\/Cancer-du-colon\/Les-points-cles#toc-quels-sont-les-causes-ou-facteurs-de-risque-d-un-cancer-du-c-lon-\" target=\"_blank\" rel=\"noreferrer noopener\">facteur de risque<\/a>\u00a0particulier.<\/p>\n<\/div><\/div>\n\n\n<h2><span style=\"color: revert; font-size: revert; font-weight: revert;\">Remise du kit de d\u00e9pistage par le pharmacien d&#8217;officine<\/span><\/h2>\n<div dir=\"auto\">Les personnes \u00e9ligibles pourront retirer leur kit de d\u00e9pistage dans les officines participantes.<br \/>Le kit de d\u00e9pistage se pr\u00e9sente sous la forme d\u2019une enveloppe bleue.<\/div>\n<div dir=\"auto\">Avant la remise du kit, le pharmacien doit au pr\u00e9alable v\u00e9rifier que la personne est \u00e9ligible \u00e0 ce d\u00e9pistage \u00e0 l\u2019aide d&#8217;un auto-questionnaire qui sera mis \u00e0 disposition par l&#8217;Institut national du cancer (INCa).\u00a0<\/div>\n<div dir=\"auto\">\u00a0<\/div>\n<div dir=\"auto\">Pour les personnes n\u2019ayant pas re\u00e7u de courrier d&#8217;invitation, le pharmacien devra \u00e9galement s\u2019assurer aupr\u00e8s du serveur d\u2019\u00e9ligibilit\u00e9 du CRCDC qu\u2019elles n\u2019ont pas \u00e9t\u00e9 d\u00e9clar\u00e9es in\u00e9ligibles.<br \/><br \/>La remise du kit par le pharmacien d\u2019officine est int\u00e9gr\u00e9e au cahier des charges du d\u00e9pistage organis\u00e9 de ce cancer\u00a0<a href=\"https:\/\/www.legifrance.gouv.fr\/jorf\/id\/JORFTEXT000045523127\" target=\"_blank\" rel=\"noopener\">(arr\u00eat\u00e9 du 1er avril 2022).<\/a><\/div>\n<div dir=\"auto\">\u00a0<\/div>\n<div dir=\"auto\"><span style=\"color: #bd0909;\">Attention :\u00a0<strong>En cas d\u2019in\u00e9ligibilit\u00e9,<\/strong> le pharmacien oriente la personne vers son m\u00e9decin traitant ou vers le m\u00e9decin d\u00e9sign\u00e9 par la personne.<\/span><\/div>\n\n\n<h2 class=\"wp-block-heading\">Modalit\u00e9s de commande et de facturation des kits<\/h2>\n\n\n\n<p>Les kits de d\u00e9pistage vierges peuvent \u00eatre command\u00e9s gratuitement par le pharmacien d\u2019officine sur le\u00a0<a href=\"https:\/\/authps-espacepro.ameli.fr\/oauth2\/authorize?response_type=code&amp;scope=openid%20profile%20infosps%20email&amp;client_id=csm-cen-prod_ameliprotransverse-connexionadmin_1_amtrx_i1_csm-cen-prod%2Fameliprotransverse-connexionadmin_1%2Famtrx_i1&amp;state=HtGZzX_PRYtoIbaaplhnfYKkOxM&amp;redirect_uri=https%3A%2F%2Fespacepro.ameli.fr%2Fredirect_uri&amp;nonce=DkdjeY4pj43naVjpdZUbq7EeVw4I_-zDHXGMq_JJCE4\" target=\"_blank\" rel=\"noreferrer noopener\">portail amelipro<\/a>.<br>Num\u00e9ro d\u2019appel\u00a0<strong>01.78.76.86.00\u00a0<\/strong>si vous rencontrez une difficult\u00e9 pour votre livraison des kits.<\/p>\n\n\n\n<div class=\"wp-block-media-text is-stacked-on-mobile\" style=\"grid-template-columns:30% auto\"><figure class=\"wp-block-media-text__media\"><img loading=\"lazy\" decoding=\"async\" width=\"465\" height=\"310\" src=\"https:\/\/urpspharma.re\/wp-content\/uploads\/2024\/03\/pharmacien.png\" alt=\"\" class=\"wp-image-6417 size-full\" srcset=\"https:\/\/urpspharma.re\/wp-content\/uploads\/2024\/03\/pharmacien.png 465w, https:\/\/urpspharma.re\/wp-content\/uploads\/2024\/03\/pharmacien-300x200.png 300w\" sizes=\"(max-width: 465px) 100vw, 465px\" \/><\/figure><div class=\"wp-block-media-text__content\">\n<p class=\"has-medium-font-size\"><strong>Facturation : Ce qui change au 1er janvier 2024<\/strong><\/p>\n\n\n\n<p>Le montant total d\u00fb pour la remise de ces kits sera vers\u00e9 par un paiement annuel (1er trimestre de l&#8217;ann\u00e9e N+1).<\/p>\n<\/div><\/div>\n\n\n\n<figure class=\"wp-block-table aligncenter has-small-font-size\"><table class=\"has-fixed-layout\"><tbody><tr><td>\u25ba<strong>Remise du kit\u00a0<\/strong><br>Le pharmacien tarifie la remise du kit avec <br>le code traceur RKD \u00e0 3.15\u20ac TTC <br>(au lieu de 0.01\u20ac ant\u00e9rieurement).<\/td><td class=\"has-text-align-left\" data-align=\"left\">\u25ba<strong>R\u00e9alisation du test par le patient<\/strong><br>Lorsque le patient r\u00e9alise le test \u00e0 la suite <br>de la remise du kit par le pharmacien, <br>ce dernier est r\u00e9mun\u00e9r\u00e9 2.10\u20acTTC <br>de plus pour La R\u00e9union.<\/td><\/tr><\/tbody><\/table><figcaption class=\"wp-element-caption\"><a href=\"https:\/\/www.ameli.fr\/paris\/pharmacien\/exercice-professionnel\/sante-prevention\/remise-kit-depistage-cancer-colorectal-officine-mode-demploi\" target=\"_blank\" rel=\"noreferrer noopener\"><strong>>> En savoir plus : site ameli.fr<\/strong><\/a><\/figcaption><\/figure>\n\n\n\n<p class=\"has-fl-topbar-bg-color-background-color has-background\"><strong><mark style=\"background-color:rgba(0, 0, 0, 0)\" class=\"has-inline-color has-fl-body-bg-color-color\">Attention : pour \u00eatre valide, ce code acte doit \u00eatre factur\u00e9 seul, c&#8217;est-\u00e0-dire \u00eatre factur\u00e9 ind\u00e9pendamment de toute autre facturation (m\u00e9dicaments, LPP\u2026).<\/mark><\/strong><\/p>\n\n\n\n<ul>\n<li><a href=\"https:\/\/www.ameli.fr\/sites\/default\/files\/Documents\/2021316_memopharmaciens-depistage-cancer-colorectal_assurance-maladie.PDF\" target=\"_blank\" rel=\"noreferrer noopener\">M\u00e9mo pharmaciens&nbsp;<\/a><\/li>\n\n\n\n<li><a href=\"https:\/\/www.ameli.fr\/sites\/default\/files\/Documents\/questionnaire-evaluation_pharmaciens_cancer-colorectal_22_vf.pdf\" target=\"_blank\" rel=\"noreferrer noopener\">Auto-questionnaire d&#8217;\u00e9valuation<\/a><\/li>\n\n\n\n<li><a href=\"https:\/\/www.ameli.fr\/paris\/content\/mode-operatoire-de-commande-de-kit-de-depistage-du-cancer-colorectal-sur-amelipro\" rel=\"noreferrer noopener\" target=\"_blank\">Mode op\u00e9ratoire de commande de kit de d\u00e9pistage du cancer colorectal (PDF)<\/a>&nbsp;;<\/li>\n\n\n\n<li>le sch\u00e9ma d\u00e9taillant le\u00a0<a href=\"https:\/\/www.ameli.fr\/sites\/default\/files\/Documents\/circuit-remise-kit-depistage-cancer-colorectal-officine_assurance-maladie.pdf\" target=\"_blank\" rel=\"noreferrer noopener\">circuit de remise du kit de d\u00e9pistage du cancer colorectal en officine (PDF).<\/a><\/li>\n\n\n\n<li>Outils de pr\u00e9vention \u00e0 t\u00e9l\u00e9charger \u2013&nbsp;<a href=\"https:\/\/www.depistage-cancers-la-reunion.re\/depistage-organise-du-cancer-colorectal\/\" target=\"_blank\" rel=\"noreferrer noopener\">D\u00e9pistage du cancer colorectal &#8211; CRCDC La R\u00e9union.<\/a><\/li>\n<\/ul>\n\n\n\n<ul><\/ul>\n\n\n\n<p><\/p>\n","protected":false},"excerpt":{"rendered":"<p>Des formations certifiantes pour 2024 Votre URPS et le CRCDC ont travaill\u00e9 conjointement afin de vous proposer une\u00a0formation e-learning\u00a0vous permettant d\u2019acqu\u00e9rir les\u00a0connaissances indispensables\u00a0et\u00a0d\u2019appr\u00e9hender les situations pratiques\u00a0auxquelles vous serez confront\u00e9s dans le cadre de la d\u00e9livrance des\u00a0kits de d\u00e9pistage du cancer colorectal\u00a0au sein de votre officine. Votre URPS et le CRCDC ont travaill\u00e9 conjointement afin de&hellip;<\/p>\n","protected":false},"author":3,"featured_media":5539,"comment_status":"open","ping_status":"open","sticky":false,"template":"","format":"standard","meta":{"footnotes":""},"categories":[598,182],"tags":[597,757,220,239],"amp_enabled":true,"_links":{"self":[{"href":"https:\/\/urpspharma.re\/index.php?rest_route=\/wp\/v2\/posts\/6401"}],"collection":[{"href":"https:\/\/urpspharma.re\/index.php?rest_route=\/wp\/v2\/posts"}],"about":[{"href":"https:\/\/urpspharma.re\/index.php?rest_route=\/wp\/v2\/types\/post"}],"author":[{"embeddable":true,"href":"https:\/\/urpspharma.re\/index.php?rest_route=\/wp\/v2\/users\/3"}],"replies":[{"embeddable":true,"href":"https:\/\/urpspharma.re\/index.php?rest_route=%2Fwp%2Fv2%2Fcomments&post=6401"}],"version-history":[{"count":6,"href":"https:\/\/urpspharma.re\/index.php?rest_route=\/wp\/v2\/posts\/6401\/revisions"}],"predecessor-version":[{"id":6422,"href":"https:\/\/urpspharma.re\/index.php?rest_route=\/wp\/v2\/posts\/6401\/revisions\/6422"}],"wp:featuredmedia":[{"embeddable":true,"href":"https:\/\/urpspharma.re\/index.php?rest_route=\/wp\/v2\/media\/5539"}],"wp:attachment":[{"href":"https:\/\/urpspharma.re\/index.php?rest_route=%2Fwp%2Fv2%2Fmedia&parent=6401"}],"wp:term":[{"taxonomy":"category","embeddable":true,"href":"https:\/\/urpspharma.re\/index.php?rest_route=%2Fwp%2Fv2%2Fcategories&post=6401"},{"taxonomy":"post_tag","embeddable":true,"href":"https:\/\/urpspharma.re\/index.php?rest_route=%2Fwp%2Fv2%2Ftags&post=6401"}],"curies":[{"name":"wp","href":"https:\/\/api.w.org\/{rel}","templated":true}]}}