{"id":6527,"date":"2024-05-03T10:22:32","date_gmt":"2024-05-03T06:22:32","guid":{"rendered":"https:\/\/urpspharma.re\/?p=6527"},"modified":"2024-05-31T06:59:44","modified_gmt":"2024-05-31T02:59:44","slug":"les-cafes-de-letp-mardi-28-mai-2024-soiree-lapproche-de-lentretien-motivationnel-en-education-therapeutique","status":"publish","type":"post","link":"https:\/\/urpspharma.re\/?p=6527","title":{"rendered":"LES CAFES DE L&#8217;ETP : Mardi 28 mai 2024 &#8211; Soir\u00e9e : L\u2019approche de l\u2019entretien motivationnel en \u00e9ducation th\u00e9rapeutique"},"content":{"rendered":"\n<h2 class=\"wp-block-heading has-very-light-gray-to-cyan-bluish-gray-gradient-background has-background\">Mardi 28 mai 2024 de 13h30 \u00e0 16h30<\/h2>\n\n\n\n<h2 class=\"wp-block-heading has-text-align-center has-medium-font-size\"><strong>La Fabri&#8217;c &#8211; Avenue des Maldives &#8211; ZAC Avenir<\/strong> &#8211; 97450 Saint-Louis<\/h2>\n\n\n<div>\u00a0<\/div>\n<div>\n<p>Participez \u00e0 la 3\u00e8me \u00e9dition du Caf\u00e9 de l&#8217;ETP sur le th\u00e8me de \u201c<strong>L\u2019approche de l\u2019entretien motivationnel en \u00e9ducation th\u00e9rapeutique<\/strong>\u201d<\/p>\n<p>Au programme :\u00a0<\/p>\n<ul>\n<li>D\u00e9couverte et initiation \u00e0 la pratique de l\u2019entretien motivationnel en ETP<\/li>\n<li>Le r\u00f4le de l\u2019entretien motivationnel en ETP<\/li>\n<\/ul>\n<\/div>\n\n\n<div class=\"wp-block-media-text is-stacked-on-mobile is-vertically-aligned-top\"><figure class=\"wp-block-media-text__media\"><img loading=\"lazy\" decoding=\"async\" width=\"499\" height=\"378\" src=\"https:\/\/urpspharma.re\/wp-content\/uploads\/2024\/05\/LES-CAFES-DE-L-ETP.png\" alt=\"\" class=\"wp-image-6528 size-full\" srcset=\"https:\/\/urpspharma.re\/wp-content\/uploads\/2024\/05\/LES-CAFES-DE-L-ETP.png 499w, https:\/\/urpspharma.re\/wp-content\/uploads\/2024\/05\/LES-CAFES-DE-L-ETP-300x227.png 300w\" sizes=\"(max-width: 499px) 100vw, 499px\" \/><\/figure><div class=\"wp-block-media-text__content\">\n<p><strong>GRATUIT<\/strong><\/p>\n\n\n\n<p><strong>Ouvert \u00e0 tous les professionnels et usagers de l\u2019ETP<\/strong><\/p>\n\n\n\n<p><strong>Inscription avant le 20 mai 2024<\/strong><\/p>\n\n\n\n<div class=\"wp-block-buttons is-layout-flex wp-block-buttons-is-layout-flex\">\n<div class=\"wp-block-button has-custom-width wp-block-button__width-100\"><a class=\"wp-block-button__link wp-element-button\" href=\"https:\/\/forms.office.com\/pages\/responsepage.aspx?id=iLZmRaq8rUu--XGTIQC7eeDFzp38YgpOnvIeU4ixRDpUOE1CRzJNV0xSVDlPMUhCRDFMNkFHVUg4Ti4u&amp;origin=lprLink\" target=\"_blank\" rel=\"noreferrer noopener\">&gt;&gt; Formulaire d&#8217;inscription &#8211; ICI<\/a><\/div>\n<\/div>\n<\/div><\/div>\n","protected":false},"excerpt":{"rendered":"<p>Mardi 28 mai 2024 de 13h30 \u00e0 16h30 La Fabri&#8217;c &#8211; Avenue des Maldives &#8211; ZAC Avenir &#8211; 97450 Saint-Louis \u00a0 Participez \u00e0 la 3\u00e8me \u00e9dition du Caf\u00e9 de l&#8217;ETP sur le th\u00e8me de \u201cL\u2019approche de l\u2019entretien motivationnel en \u00e9ducation th\u00e9rapeutique\u201d Au programme :\u00a0 D\u00e9couverte et initiation \u00e0 la pratique de l\u2019entretien motivationnel en ETP&hellip;<\/p>\n","protected":false},"author":3,"featured_media":6528,"comment_status":"open","ping_status":"open","sticky":false,"template":"","format":"standard","meta":{"footnotes":""},"categories":[182],"tags":[399,777,239],"amp_enabled":true,"_links":{"self":[{"href":"https:\/\/urpspharma.re\/index.php?rest_route=\/wp\/v2\/posts\/6527"}],"collection":[{"href":"https:\/\/urpspharma.re\/index.php?rest_route=\/wp\/v2\/posts"}],"about":[{"href":"https:\/\/urpspharma.re\/index.php?rest_route=\/wp\/v2\/types\/post"}],"author":[{"embeddable":true,"href":"https:\/\/urpspharma.re\/index.php?rest_route=\/wp\/v2\/users\/3"}],"replies":[{"embeddable":true,"href":"https:\/\/urpspharma.re\/index.php?rest_route=%2Fwp%2Fv2%2Fcomments&post=6527"}],"version-history":[{"count":2,"href":"https:\/\/urpspharma.re\/index.php?rest_route=\/wp\/v2\/posts\/6527\/revisions"}],"predecessor-version":[{"id":6545,"href":"https:\/\/urpspharma.re\/index.php?rest_route=\/wp\/v2\/posts\/6527\/revisions\/6545"}],"wp:featuredmedia":[{"embeddable":true,"href":"https:\/\/urpspharma.re\/index.php?rest_route=\/wp\/v2\/media\/6528"}],"wp:attachment":[{"href":"https:\/\/urpspharma.re\/index.php?rest_route=%2Fwp%2Fv2%2Fmedia&parent=6527"}],"wp:term":[{"taxonomy":"category","embeddable":true,"href":"https:\/\/urpspharma.re\/index.php?rest_route=%2Fwp%2Fv2%2Fcategories&post=6527"},{"taxonomy":"post_tag","embeddable":true,"href":"https:\/\/urpspharma.re\/index.php?rest_route=%2Fwp%2Fv2%2Ftags&post=6527"}],"curies":[{"name":"wp","href":"https:\/\/api.w.org\/{rel}","templated":true}]}}