{"id":6538,"date":"2024-04-29T10:47:29","date_gmt":"2024-04-29T06:47:29","guid":{"rendered":"https:\/\/urpspharma.re\/?p=6538"},"modified":"2024-05-16T10:55:18","modified_gmt":"2024-05-16T06:55:18","slug":"epsmr-saome-formations-les-usages-et-consommations-chez-les-jeunes-ma-place-en-tant-que-professionnel","status":"publish","type":"post","link":"https:\/\/urpspharma.re\/?p=6538","title":{"rendered":"EPSMR\/SAOME: Formations &#8211; Les usages et consommations chez les jeunes : ma place en tant que professionnel"},"content":{"rendered":"\n<h2 class=\"wp-block-heading has-very-light-gray-to-cyan-bluish-gray-gradient-background has-background\">2 sessions : du 05 au 07 juin ou du 20 au 22 novembre 2024<\/h2>\n\n\n\n<h2 class=\"wp-block-heading has-text-align-center has-medium-font-size\">Au Centhor, \u00e0 Saint-Gilles les Hauts<\/h2>\n\n\n<div>\u00a0<\/div>\n<div><img loading=\"lazy\" decoding=\"async\" class=\"aligncenter wp-image-6535 size-full\" src=\"https:\/\/urpspharma.re\/wp-content\/uploads\/2024\/05\/LOGOS-EPSM-SAOME.png\" alt=\"\" width=\"792\" height=\"154\" srcset=\"https:\/\/urpspharma.re\/wp-content\/uploads\/2024\/05\/LOGOS-EPSM-SAOME.png 792w, https:\/\/urpspharma.re\/wp-content\/uploads\/2024\/05\/LOGOS-EPSM-SAOME-300x58.png 300w, https:\/\/urpspharma.re\/wp-content\/uploads\/2024\/05\/LOGOS-EPSM-SAOME-768x149.png 768w\" sizes=\"(max-width: 792px) 100vw, 792px\" \/><\/div>\n<div>\u00a0<\/div>\n<div>\n<p>Les professionnels exer\u00e7ant au contact des jeunes peuvent parfois se retrouver d\u00e9munis face \u00e0 certaines consommations de substances psychoactives. Entre usage, troubles de l&#8217;usage et addictions, dans une p\u00e9riode de construction et de prises de risques, il est parfois difficile de trouver sa \u00ab juste \u00bb place, aidante, avec recul.\u00a0<\/p>\n<p>Cette formation sera \u00e9galement l&#8217;occasion d&#8217;interroger ses propres repr\u00e9sentations, qu&#8217;elles soient en lien avec les consommations ou vis-\u00e0-vis des jeunes.<\/p>\n<\/div>\n<div>\u00a0<\/div>\n<div><a href=\"https:\/\/saome.fr\/event\/formation-les-usages-et-consommations-chez-les-jeunes-ma-place-en-tant-que-professionnel-epsmr-en-partenariat-avec-saome-dans-louest-3-modules-de-2-5-jours-en-avril-juin-et-no\/\" target=\"_blank\" rel=\"noopener\">&gt;&gt; En savoir plus<\/a><\/div>\n<div>\u00a0<\/div>\n\n\n<div class=\"wp-block-media-text is-stacked-on-mobile is-vertically-aligned-top\"><figure class=\"wp-block-media-text__media\"><img loading=\"lazy\" decoding=\"async\" width=\"1024\" height=\"682\" src=\"https:\/\/urpspharma.re\/wp-content\/uploads\/2024\/05\/CONSO-JEUNES-1024x682.jpg\" alt=\"\" class=\"wp-image-6539 size-full\" srcset=\"https:\/\/urpspharma.re\/wp-content\/uploads\/2024\/05\/CONSO-JEUNES-1024x682.jpg 1024w, https:\/\/urpspharma.re\/wp-content\/uploads\/2024\/05\/CONSO-JEUNES-300x200.jpg 300w, https:\/\/urpspharma.re\/wp-content\/uploads\/2024\/05\/CONSO-JEUNES-768x512.jpg 768w, https:\/\/urpspharma.re\/wp-content\/uploads\/2024\/05\/CONSO-JEUNES-1536x1024.jpg 1536w, https:\/\/urpspharma.re\/wp-content\/uploads\/2024\/05\/CONSO-JEUNES.jpg 1880w\" sizes=\"(max-width: 1024px) 100vw, 1024px\" \/><\/figure><div class=\"wp-block-media-text__content\">\n<p class=\"has-medium-font-size\"><strong><mark style=\"background-color:rgba(0, 0, 0, 0);color:#e93c3c\" class=\"has-inline-color\">Pour qui ?<\/mark><\/strong><\/p>\n\n\n\n<p>Tous les professionnels exer\u00e7ant aupr\u00e8s des jeunes<\/p>\n\n\n\n<p class=\"has-medium-font-size\"><strong><mark style=\"background-color:rgba(0, 0, 0, 0);color:#df3f3f\" class=\"has-inline-color\">Sur combien de temps ?<\/mark><\/strong><\/p>\n\n\n\n<p>2.5 jours<\/p>\n\n\n\n<div class=\"wp-block-buttons is-layout-flex wp-block-buttons-is-layout-flex\">\n<div class=\"wp-block-button has-custom-width wp-block-button__width-100\"><a class=\"wp-block-button__link wp-element-button\" href=\"https:\/\/webquest.fr\/?m=212234_sessions-2024-inscription-a-la-formation-les-usages-et-les-consommations-chez-les-jeunes-ma-place-en-tant-que-professionnel\" target=\"_blank\" rel=\"noreferrer noopener\">&gt;&gt; Formulaire d&#8217;inscription &#8211; ICI<\/a><\/div>\n<\/div>\n<\/div><\/div>\n","protected":false},"excerpt":{"rendered":"<p>2 sessions : du 05 au 07 juin ou du 20 au 22 novembre 2024 Au Centhor, \u00e0 Saint-Gilles les Hauts \u00a0 \u00a0 Les professionnels exer\u00e7ant au contact des jeunes peuvent parfois se retrouver d\u00e9munis face \u00e0 certaines consommations de substances psychoactives. Entre usage, troubles de l&#8217;usage et addictions, dans une p\u00e9riode de construction et&hellip;<\/p>\n","protected":false},"author":3,"featured_media":6534,"comment_status":"open","ping_status":"open","sticky":false,"template":"","format":"standard","meta":{"footnotes":""},"categories":[182],"tags":[772,776,21,239],"amp_enabled":true,"_links":{"self":[{"href":"https:\/\/urpspharma.re\/index.php?rest_route=\/wp\/v2\/posts\/6538"}],"collection":[{"href":"https:\/\/urpspharma.re\/index.php?rest_route=\/wp\/v2\/posts"}],"about":[{"href":"https:\/\/urpspharma.re\/index.php?rest_route=\/wp\/v2\/types\/post"}],"author":[{"embeddable":true,"href":"https:\/\/urpspharma.re\/index.php?rest_route=\/wp\/v2\/users\/3"}],"replies":[{"embeddable":true,"href":"https:\/\/urpspharma.re\/index.php?rest_route=%2Fwp%2Fv2%2Fcomments&post=6538"}],"version-history":[{"count":1,"href":"https:\/\/urpspharma.re\/index.php?rest_route=\/wp\/v2\/posts\/6538\/revisions"}],"predecessor-version":[{"id":6540,"href":"https:\/\/urpspharma.re\/index.php?rest_route=\/wp\/v2\/posts\/6538\/revisions\/6540"}],"wp:featuredmedia":[{"embeddable":true,"href":"https:\/\/urpspharma.re\/index.php?rest_route=\/wp\/v2\/media\/6534"}],"wp:attachment":[{"href":"https:\/\/urpspharma.re\/index.php?rest_route=%2Fwp%2Fv2%2Fmedia&parent=6538"}],"wp:term":[{"taxonomy":"category","embeddable":true,"href":"https:\/\/urpspharma.re\/index.php?rest_route=%2Fwp%2Fv2%2Fcategories&post=6538"},{"taxonomy":"post_tag","embeddable":true,"href":"https:\/\/urpspharma.re\/index.php?rest_route=%2Fwp%2Fv2%2Ftags&post=6538"}],"curies":[{"name":"wp","href":"https:\/\/api.w.org\/{rel}","templated":true}]}}