{"id":6550,"date":"2024-05-31T07:47:52","date_gmt":"2024-05-31T03:47:52","guid":{"rendered":"https:\/\/urpspharma.re\/?p=6550"},"modified":"2024-05-31T07:47:53","modified_gmt":"2024-05-31T03:47:53","slug":"journee-mondiale-sans-tabac","status":"publish","type":"post","link":"https:\/\/urpspharma.re\/?p=6550","title":{"rendered":"Journ\u00e9e mondiale sans tabac\u00a0"},"content":{"rendered":"\n<h2 class=\"wp-block-heading has-very-light-gray-to-cyan-bluish-gray-gradient-background has-background\">Vendredi 31 mai 2024<\/h2>\n\n\n\n<h1 class=\"wp-block-heading has-text-align-center\"><strong>Aidez une personne \u00e0 arr\u00eater le 31 mai 2024&nbsp;<br>Ensemble mobilisons-nous!<\/strong><\/h1>\n\n\n<div>\u00a0<\/div>\n<div>\n<p>Ce th\u00e8me de la Journ\u00e9e mondiale sans tabac 2024 est un plaidoyer pour que l\u2019on arr\u00eate de cibler la jeunesse avec des produits du tabac nocifs. Les jeunes, les d\u00e9cideurs politiques et les d\u00e9fenseurs de la lutte antitabac du monde entier se voient ainsi proposer un forum pour discuter de ce probl\u00e8me et exhorter les pouvoirs publics \u00e0 adopter des politiques qui prot\u00e8gent les jeunes contre les pratiques manipulatrices de l\u2019industrie du tabac et des industries connexes.<\/p>\n<h3 style=\"text-align: center;\">&#8220;Prot\u00e9ger les enfants de l\u2019ing\u00e9rence de l\u2019industrie du tabac&#8221;<\/h3>\n<\/div>\n\n\n<div class=\"wp-block-media-text is-stacked-on-mobile\" style=\"grid-template-columns:40% auto\"><figure class=\"wp-block-media-text__media\"><img loading=\"lazy\" decoding=\"async\" width=\"724\" height=\"1024\" src=\"https:\/\/urpspharma.re\/wp-content\/uploads\/2024\/05\/VF_2024URPSjournee-mondialesanstabac-724x1024.png\" alt=\"\" class=\"wp-image-6553 size-full\" srcset=\"https:\/\/urpspharma.re\/wp-content\/uploads\/2024\/05\/VF_2024URPSjournee-mondialesanstabac-724x1024.png 724w, https:\/\/urpspharma.re\/wp-content\/uploads\/2024\/05\/VF_2024URPSjournee-mondialesanstabac-212x300.png 212w, https:\/\/urpspharma.re\/wp-content\/uploads\/2024\/05\/VF_2024URPSjournee-mondialesanstabac-768x1086.png 768w, https:\/\/urpspharma.re\/wp-content\/uploads\/2024\/05\/VF_2024URPSjournee-mondialesanstabac-1086x1536.png 1086w, https:\/\/urpspharma.re\/wp-content\/uploads\/2024\/05\/VF_2024URPSjournee-mondialesanstabac-1448x2048.png 1448w, https:\/\/urpspharma.re\/wp-content\/uploads\/2024\/05\/VF_2024URPSjournee-mondialesanstabac.png 1587w\" sizes=\"(max-width: 724px) 100vw, 724px\" \/><\/figure><div class=\"wp-block-media-text__content\">\n<p><strong>>><a href=\"https:\/\/drive.google.com\/file\/d\/1aEeQ3vtQli2fqWR-B2pgQ6eZwYzh0qrY\/view?usp=drive_link\" target=\"_blank\" rel=\"noreferrer noopener\">\u00a0Affiche t\u00e9l\u00e9chargeable<\/a>\u00a0(format A4)<\/strong><\/p>\n\n\n\n<p><\/p>\n\n\n\n<p><\/p>\n\n\n\n<p>Pour en savoir plus sur cette journ\u00e9e<br>>>\u00a0<a href=\"https:\/\/www.who.int\/europe\/fr\/news-room\/events\/item\/2024\/05\/31\/default-calendar\/world-no-tobacco-day-2024--protecting-children-from-tobacco-industry-interference\" target=\"_blank\" rel=\"noreferrer noopener\">site de l\u2019OMS\u00a0<\/a><\/p>\n<\/div><\/div>\n\n\n\n<div class=\"wp-block-media-text has-media-on-the-right is-stacked-on-mobile is-vertically-aligned-top\"><div class=\"wp-block-media-text__content\">\n<p><\/p>\n\n\n\n<p><strong><strong>Pour marquer cette journ\u00e9e, l&#8217;URPS Pharmaciens partenaire du dispositif<\/strong><em>\u00a0<strong><mark style=\"background-color:rgba(0, 0, 0, 0);color:#d72929\" class=\"has-inline-color\">Lib\u2019sans tabac<\/mark><\/strong>,<\/em><strong>\u00a0\u00e0 travers\u00a0l&#8217;association Tipasant\u00e9, s\u2019associe \u00e0 cette campagne et vous propose\u00a0d&#8217;inclure<br><mark style=\"background-color:rgba(0, 0, 0, 0);color:#d72929\" class=\"has-inline-color\">1 patient fumeur<\/mark><\/strong><\/strong><\/p>\n\n\n\n<div class=\"wp-block-buttons is-layout-flex wp-block-buttons-is-layout-flex\">\n<div class=\"wp-block-button has-custom-width wp-block-button__width-100\"><a class=\"wp-block-button__link wp-element-button\" href=\"https:\/\/contact12823.wixsite.com\/tipasante\/copie-de-inscription-contact\" target=\"_blank\" rel=\"noreferrer noopener\">>> Comment ? en cliquant ICI<\/a><\/div>\n<\/div>\n<\/div><figure class=\"wp-block-media-text__media\"><img loading=\"lazy\" decoding=\"async\" width=\"1024\" height=\"878\" src=\"https:\/\/urpspharma.re\/wp-content\/uploads\/2024\/05\/site-1024x878.png\" alt=\"\" class=\"wp-image-6552 size-full\" srcset=\"https:\/\/urpspharma.re\/wp-content\/uploads\/2024\/05\/site-1024x878.png 1024w, https:\/\/urpspharma.re\/wp-content\/uploads\/2024\/05\/site-300x257.png 300w, https:\/\/urpspharma.re\/wp-content\/uploads\/2024\/05\/site-768x659.png 768w, https:\/\/urpspharma.re\/wp-content\/uploads\/2024\/05\/site.png 1468w\" sizes=\"(max-width: 1024px) 100vw, 1024px\" \/><\/figure><\/div>\n","protected":false},"excerpt":{"rendered":"<p>Vendredi 31 mai 2024 Aidez une personne \u00e0 arr\u00eater le 31 mai 2024&nbsp;Ensemble mobilisons-nous! \u00a0 Ce th\u00e8me de la Journ\u00e9e mondiale sans tabac 2024 est un plaidoyer pour que l\u2019on arr\u00eate de cibler la jeunesse avec des produits du tabac nocifs. Les jeunes, les d\u00e9cideurs politiques et les d\u00e9fenseurs de la lutte antitabac du monde&hellip;<\/p>\n","protected":false},"author":3,"featured_media":6553,"comment_status":"open","ping_status":"open","sticky":false,"template":"","format":"standard","meta":{"footnotes":""},"categories":[199,182],"tags":[779,239,778],"amp_enabled":true,"_links":{"self":[{"href":"https:\/\/urpspharma.re\/index.php?rest_route=\/wp\/v2\/posts\/6550"}],"collection":[{"href":"https:\/\/urpspharma.re\/index.php?rest_route=\/wp\/v2\/posts"}],"about":[{"href":"https:\/\/urpspharma.re\/index.php?rest_route=\/wp\/v2\/types\/post"}],"author":[{"embeddable":true,"href":"https:\/\/urpspharma.re\/index.php?rest_route=\/wp\/v2\/users\/3"}],"replies":[{"embeddable":true,"href":"https:\/\/urpspharma.re\/index.php?rest_route=%2Fwp%2Fv2%2Fcomments&post=6550"}],"version-history":[{"count":4,"href":"https:\/\/urpspharma.re\/index.php?rest_route=\/wp\/v2\/posts\/6550\/revisions"}],"predecessor-version":[{"id":6557,"href":"https:\/\/urpspharma.re\/index.php?rest_route=\/wp\/v2\/posts\/6550\/revisions\/6557"}],"wp:featuredmedia":[{"embeddable":true,"href":"https:\/\/urpspharma.re\/index.php?rest_route=\/wp\/v2\/media\/6553"}],"wp:attachment":[{"href":"https:\/\/urpspharma.re\/index.php?rest_route=%2Fwp%2Fv2%2Fmedia&parent=6550"}],"wp:term":[{"taxonomy":"category","embeddable":true,"href":"https:\/\/urpspharma.re\/index.php?rest_route=%2Fwp%2Fv2%2Fcategories&post=6550"},{"taxonomy":"post_tag","embeddable":true,"href":"https:\/\/urpspharma.re\/index.php?rest_route=%2Fwp%2Fv2%2Ftags&post=6550"}],"curies":[{"name":"wp","href":"https:\/\/api.w.org\/{rel}","templated":true}]}}